{"id":8587,"date":"2019-09-27T15:57:20","date_gmt":"2019-09-27T18:57:20","guid":{"rendered":"http:\/\/www.apucarana.pr.gov.br\/ame\/?p=8587"},"modified":"2024-10-08T09:10:03","modified_gmt":"2024-10-08T12:10:03","slug":"encontro-de-valorizacao-da-cultura-surda-reune-professores-e-alunos-da-rede-municipal-de-apucarana","status":"publish","type":"post","link":"http:\/\/www.apucarana.pr.gov.br\/ame\/encontro-de-valorizacao-da-cultura-surda-reune-professores-e-alunos-da-rede-municipal-de-apucarana\/","title":{"rendered":"Encontro de valoriza\u00e7\u00e3o da cultura surda re\u00fane professores e alunos da rede municipal de Apucarana"},"content":{"rendered":"<p>O Dia Nacional do Surdo \u00e9 comemorado anualmente em 26 de setembro. Em alus\u00e3o \u00e0 data, a Autarquia Municipal de Educa\u00e7\u00e3o realizou, ontem, no Polo UAB, um encontro entre professores e alunos surdos, al\u00e9m dos seus familiares. O evento contou com apresenta\u00e7\u00f5es na L\u00edngua Brasileira de Sinais (Libras) e cumpriu o objetivo de valorizar a cultura dessa comunidade.<\/p>\n<p>Atualmente, doze alunos surdos encontram-se matriculados na rede municipal de ensino. O Centro de Apoio Multiprofissional ao Escolar (CAME), \u00f3rg\u00e3o ligado \u00e0 Autarquia Municipal de Educa\u00e7\u00e3o, \u00e9 respons\u00e1vel por garantir a eles o atendimento especializado que necessitam no processo de ensino-aprendizagem.<\/p>\n<p>\u201cEm Apucarana, as crian\u00e7as surdas t\u00eam o acompanhamento de int\u00e9rpretes nas classes regulares e frequentam uma sala de recursos multifuncionais surdez no contra turno, onde assistem a aulas de l\u00edngua portuguesa e Libras,\u201d explica a coordenadora do CAME, L\u00e9ia Sofia Viale.<\/p>\n<p>\u201cPara promover a inclus\u00e3o, n\u00f3s tamb\u00e9m desenvolvemos um projeto h\u00e1 v\u00e1rios anos que estende o ensino de Libras para os alunos ouvintes, nas escolas em que temos surdos matriculados. Pois, a comunica\u00e7\u00e3o e a intera\u00e7\u00e3o s\u00f3 ocorrem de fato quando todos dominam os sinais,\u201d acrescenta a professora da sala de recursos multifuncionais surdez, da Escola Jo\u00e3o Ant\u00f4nio Braga C\u00f4rtes, S\u00edlvia Dorot\u00e9ia Colombo.<\/p>\n<p>A secret\u00e1ria municipal de educa\u00e7\u00e3o, Marli Fernandes, ressalta que ter acesso e permanecer no ensino regular \u00e9 direito das pessoas com defici\u00eancia. \u201cNa gest\u00e3o Beto Preto e Junior da Femac, o compromisso \u00e9 com a aprendizagem de cada um, com o pleno desenvolvimento do potencial humano,\u201d disse.<\/p>\n<p>Em 2019, o polo apucaranense da Universidade Aberta do Brasil tamb\u00e9m abriu um curso b\u00e1sico de Libras para 30 professores da rede municipal de ensino. \u201cA forma\u00e7\u00e3o foi viabilizada gra\u00e7as a uma parceria com a Unioeste \u2013 Universidade Estadual do Oeste do Paran\u00e1. Nas aulas, presenciais e a dist\u00e2ncia, os participantes aprendem sobre os fundamentos e legisla\u00e7\u00f5es, o alfabeto manual, a datilologia, a express\u00e3o corporal e facial e a gram\u00e1tica da l\u00edngua de sinais,\u201d complementa a coordenadora do Polo UAB, Sueli Gomes R\u00eais Gon\u00e7alves.<\/p>\n<div class = 'socialMediaOnEveryPost'>Compartilhe<div id=\"sgmbShare1-1\" class=\"sgmbShare jssocials-theme-classic sgmbWidget1-1\"><\/div><div class=\"dropdownWrapper dropdownWrapper1 dropdownWrapper-for-widget \" id=\"dropdownWrapper-for-widget\">\r\n\t\t\t\t\t\t<div class=\"dropdownLabel\" id=\"dropdownLabel-share-list\"><span class=\"sgmbButtonListLabel1\">Share List<\/span><\/div>\r\n\t\t\t\t\t\t<div class=\"dropdownPanel dropdownPanel1-1\">\r\n\t\t\t\t\t\t<\/div>\r\n\t\t\t\t\t<\/div><script>  SGMB_URL = \"http:\/\/www.apucarana.pr.gov.br\/ame\/wp-content\/plugins\/social-media-builder\/\"; jQuery(\".dropdownWrapper\").hide(); SGMB_GOOGLE_ACOUNT = \"\"; <\/script><script type=\"text\/javascript\">\r\n\t\tjQuery(document).ready(function($){var widget = new SGMBWidget();widget.show({\"id\":\"1\",\"title\":\"Face\\\/Twitter\",\"options\":{\"currentUrl\":\"1\",\"url\":\"\",\"shareText\":\"\",\"fontSize\":\"14\",\"betweenButtons\":\"1px\",\"theme\":\"classic\",\"sgmbButtonsPosition\":\"bottomLeft\",\"socialTheme\":\"\",\"icon\":\"default\",\"buttonsPanelEffect\":\"No Effect\",\"buttonsEffect\":\"No Effect\",\"iconsEffect\":\"No Effect\",\"buttons\":\"{\\\"facebook\\\":{\\\"label\\\":\\\"Share\\\",\\\"icon\\\":\\\"default-facebook\\\"},\\\"twitter\\\":{\\\"label\\\":\\\"Tweet\\\",\\\"icon\\\":\\\"default-twitter\\\",\\\"via\\\":\\\"\\\",\\\"hashtags\\\":\\\"\\\"}}\",\"roundButton\":\"\",\"showLabels\":\"\",\"showCounts\":\"\",\"showCenter\":\"\",\"showButtonsAsList\":\"\",\"sgmbDropdownColor\":\"\",\"sgmbDropdownLabelFontSize\":\"14\",\"sgmbDropdownLabelColor\":\"\",\"showButtonsOnEveryPost\":\"on\",\"selectedOrExcluded\":\"\",\"showButtonsOnEveryPage\":\"\",\"textOnEveryPost\":\"Compartilhe\",\"showButtonsOnCustomPost\":\"\",\"textOnCustomPost\":\"\",\"showButtonsOnMobileDirect\":\"on\",\"showButtonsOnDesktopDirect\":\"on\",\"sgmbSelectedPages\":[\"\"],\"sgmbExcludedPosts\":[\"\"],\"sgmbSelectedCustomPosts\":[],\"showButtonsInPopup\":\"\",\"titleOfPopup\":\"\",\"descriptionOfPopup\":\"\",\"showPopupOnLoad\":\"\",\"showPopupOnScroll\":\"\",\"showPopupOnExit\":\"\",\"openSecondsOfPopup\":\"\",\"googleAnaliticsAccount\":\"\"},\"buttonOptions\":{\"facebook\":{\"label\":\"Share\",\"icon\":\"default-facebook\"},\"twitter\":{\"label\":\"Tweet\",\"icon\":\"default-twitter\",\"via\":\"\",\"hashtags\":\"\"}},\"button\":[\"facebook\",\"twitter\"]}, 1, '', 'http:\/\/www.apucarana.pr.gov.br\/ame\/wp-content\/uploads\/2019\/09\/IMG_5161.jpg', '', 'http:\/\/www.apucarana.pr.gov.br\/ame\/encontro-de-valorizacao-da-cultura-surda-reune-professores-e-alunos-da-rede-municipal-de-apucarana\/'); });<\/script><\/div><script> jQuery(\".socialMediaOnEveryPost\").addClass(\"sgmb-left\") <\/script>","protected":false},"excerpt":{"rendered":"<p>A confraterniza\u00e7\u00e3o foi realizada ontem (26) no Polo UAB e destacou a import\u00e2ncia do ensino da L\u00edngua Brasileira de Sinais<\/p>\n","protected":false},"author":10,"featured_media":8592,"comment_status":"closed","ping_status":"open","sticky":false,"template":"","format":"standard","meta":[],"categories":[9],"tags":[],"_links":{"self":[{"href":"http:\/\/www.apucarana.pr.gov.br\/ame\/wp-json\/wp\/v2\/posts\/8587"}],"collection":[{"href":"http:\/\/www.apucarana.pr.gov.br\/ame\/wp-json\/wp\/v2\/posts"}],"about":[{"href":"http:\/\/www.apucarana.pr.gov.br\/ame\/wp-json\/wp\/v2\/types\/post"}],"author":[{"embeddable":true,"href":"http:\/\/www.apucarana.pr.gov.br\/ame\/wp-json\/wp\/v2\/users\/10"}],"replies":[{"embeddable":true,"href":"http:\/\/www.apucarana.pr.gov.br\/ame\/wp-json\/wp\/v2\/comments?post=8587"}],"version-history":[{"count":1,"href":"http:\/\/www.apucarana.pr.gov.br\/ame\/wp-json\/wp\/v2\/posts\/8587\/revisions"}],"predecessor-version":[{"id":8594,"href":"http:\/\/www.apucarana.pr.gov.br\/ame\/wp-json\/wp\/v2\/posts\/8587\/revisions\/8594"}],"wp:featuredmedia":[{"embeddable":true,"href":"http:\/\/www.apucarana.pr.gov.br\/ame\/wp-json\/wp\/v2\/media\/8592"}],"wp:attachment":[{"href":"http:\/\/www.apucarana.pr.gov.br\/ame\/wp-json\/wp\/v2\/media?parent=8587"}],"wp:term":[{"taxonomy":"category","embeddable":true,"href":"http:\/\/www.apucarana.pr.gov.br\/ame\/wp-json\/wp\/v2\/categories?post=8587"},{"taxonomy":"post_tag","embeddable":true,"href":"http:\/\/www.apucarana.pr.gov.br\/ame\/wp-json\/wp\/v2\/tags?post=8587"}],"curies":[{"name":"wp","href":"https:\/\/api.w.org\/{rel}","templated":true}]}}