{"id":8578,"date":"2019-09-26T14:06:50","date_gmt":"2019-09-26T17:06:50","guid":{"rendered":"http:\/\/www.apucarana.pr.gov.br\/ame\/?p=8578"},"modified":"2024-10-08T09:10:03","modified_gmt":"2024-10-08T12:10:03","slug":"undime-pr-orienta-municipios-durante-seminario-estadual","status":"publish","type":"post","link":"http:\/\/www.apucarana.pr.gov.br\/ame\/undime-pr-orienta-municipios-durante-seminario-estadual\/","title":{"rendered":"Undime-PR orienta munic\u00edpios durante semin\u00e1rio estadual"},"content":{"rendered":"<p>Cerca de 400 gestores e t\u00e9cnicos de secretarias municipais de educa\u00e7\u00e3o do Paran\u00e1 estiveram reunidos, na \u00faltima ter\u00e7a (24) e quarta-feira (25), em Curitiba, para debater as Pol\u00edticas Educacionais no contexto atual. O semin\u00e1rio foi promovido pela Uni\u00e3o dos Dirigentes Municipais de Educa\u00e7\u00e3o (Undime-PR), cuja presidente \u00e9 a secret\u00e1ria de ensino apucaranense Marli Fernandes.<\/p>\n<p>As principais palestras abordaram a forma\u00e7\u00e3o docente no \u00e2mbito da Base Nacional Comum Curricular (BNCC), o curr\u00edculo, a avalia\u00e7\u00e3o, a organiza\u00e7\u00e3o do ensino, o direito digital, as compras p\u00fablicas, a presta\u00e7\u00e3o de contas e o papel do Minist\u00e9rio P\u00fablico.<\/p>\n<p>\u201cO objetivo do semin\u00e1rio foi promover a troca de experi\u00eancias e o esclarecimento de d\u00favidas quanto \u00e0s normativas e ao uso dos recursos da educa\u00e7\u00e3o. N\u00f3s ficamos muito felizes em ver que mais de cem munic\u00edpios atenderam ao nosso chamado. A prioridade \u00e9 a defesa do ensino p\u00fablico com qualidade social,\u201d disse Marli Fernandes.<\/p>\n<p>O secret\u00e1rio estadual de educa\u00e7\u00e3o, Renato Feder, fez quest\u00e3o de passar pelo local e conversar com os participantes. Ele destacou o forte compromisso do governador Ratinho Junior com a educa\u00e7\u00e3o e elencou as a\u00e7\u00f5es pedag\u00f3gicas que est\u00e3o sendo implementadas pela SEED-PR para apoiar os professores em sala de aula, como a Avalia\u00e7\u00e3o de Flu\u00eancia em Leitura, a Prova Paran\u00e1, o Projeto Tutoria e o Programa Presente na Escola.<\/p>\n<p>O prefeito Junior da Femac destacou a representatividade de Apucarana. \u201cDesde que a secret\u00e1ria Marli assumiu a presid\u00eancia da Undime-PR, ela tem participado dos principais debates sobre educa\u00e7\u00e3o e levado a experi\u00eancia da nossa cidade para as diversas regi\u00f5es do estado e do pa\u00eds. A aceita\u00e7\u00e3o das propostas e projetos apucaranenses \u00e9 sempre \u00f3tima, demonstrando que estamos no caminho correto,\u201d afirmou.<\/p>\n<p>Participaram tamb\u00e9m do semin\u00e1rio da Undime-PR, a presidente estadual da Uni\u00e3o Nacional dos Conselhos Municipais de Educa\u00e7\u00e3o (UNCME), Ana L\u00facia Alves; a secret\u00e1ria municipal de educa\u00e7\u00e3o de Curitiba, Maria S\u00edlvia Bacila; o representante da Associa\u00e7\u00e3o dos Munic\u00edpios do Paran\u00e1 (AMP), Jair Bombonato; a representante da Secretaria de Estado da Educa\u00e7\u00e3o (SEED-PR), Elaine Benato; o coordenador geral de tecnologia e inova\u00e7\u00e3o do Minist\u00e9rio da Educa\u00e7\u00e3o, Alexandre Mathias Pedro; o promotor de justi\u00e7a da Comarca de Almirante Tamandar\u00e9, M\u00e1rcio Soares Berclaz; entre outras autoridades.<\/p>\n<div class = 'socialMediaOnEveryPost'>Compartilhe<div id=\"sgmbShare1-1\" class=\"sgmbShare jssocials-theme-classic sgmbWidget1-1\"><\/div><div class=\"dropdownWrapper dropdownWrapper1 dropdownWrapper-for-widget \" id=\"dropdownWrapper-for-widget\">\r\n\t\t\t\t\t\t<div class=\"dropdownLabel\" id=\"dropdownLabel-share-list\"><span class=\"sgmbButtonListLabel1\">Share List<\/span><\/div>\r\n\t\t\t\t\t\t<div class=\"dropdownPanel dropdownPanel1-1\">\r\n\t\t\t\t\t\t<\/div>\r\n\t\t\t\t\t<\/div><script>  SGMB_URL = \"http:\/\/www.apucarana.pr.gov.br\/ame\/wp-content\/plugins\/social-media-builder\/\"; jQuery(\".dropdownWrapper\").hide(); SGMB_GOOGLE_ACOUNT = \"\"; <\/script><script type=\"text\/javascript\">\r\n\t\tjQuery(document).ready(function($){var widget = new SGMBWidget();widget.show({\"id\":\"1\",\"title\":\"Face\\\/Twitter\",\"options\":{\"currentUrl\":\"1\",\"url\":\"\",\"shareText\":\"\",\"fontSize\":\"14\",\"betweenButtons\":\"1px\",\"theme\":\"classic\",\"sgmbButtonsPosition\":\"bottomLeft\",\"socialTheme\":\"\",\"icon\":\"default\",\"buttonsPanelEffect\":\"No Effect\",\"buttonsEffect\":\"No Effect\",\"iconsEffect\":\"No Effect\",\"buttons\":\"{\\\"facebook\\\":{\\\"label\\\":\\\"Share\\\",\\\"icon\\\":\\\"default-facebook\\\"},\\\"twitter\\\":{\\\"label\\\":\\\"Tweet\\\",\\\"icon\\\":\\\"default-twitter\\\",\\\"via\\\":\\\"\\\",\\\"hashtags\\\":\\\"\\\"}}\",\"roundButton\":\"\",\"showLabels\":\"\",\"showCounts\":\"\",\"showCenter\":\"\",\"showButtonsAsList\":\"\",\"sgmbDropdownColor\":\"\",\"sgmbDropdownLabelFontSize\":\"14\",\"sgmbDropdownLabelColor\":\"\",\"showButtonsOnEveryPost\":\"on\",\"selectedOrExcluded\":\"\",\"showButtonsOnEveryPage\":\"\",\"textOnEveryPost\":\"Compartilhe\",\"showButtonsOnCustomPost\":\"\",\"textOnCustomPost\":\"\",\"showButtonsOnMobileDirect\":\"on\",\"showButtonsOnDesktopDirect\":\"on\",\"sgmbSelectedPages\":[\"\"],\"sgmbExcludedPosts\":[\"\"],\"sgmbSelectedCustomPosts\":[],\"showButtonsInPopup\":\"\",\"titleOfPopup\":\"\",\"descriptionOfPopup\":\"\",\"showPopupOnLoad\":\"\",\"showPopupOnScroll\":\"\",\"showPopupOnExit\":\"\",\"openSecondsOfPopup\":\"\",\"googleAnaliticsAccount\":\"\"},\"buttonOptions\":{\"facebook\":{\"label\":\"Share\",\"icon\":\"default-facebook\"},\"twitter\":{\"label\":\"Tweet\",\"icon\":\"default-twitter\",\"via\":\"\",\"hashtags\":\"\"}},\"button\":[\"facebook\",\"twitter\"]}, 1, '', 'http:\/\/www.apucarana.pr.gov.br\/ame\/wp-content\/uploads\/2019\/09\/IMG_4540.jpg', '', 'http:\/\/www.apucarana.pr.gov.br\/ame\/undime-pr-orienta-municipios-durante-seminario-estadual\/'); });<\/script><\/div><script> jQuery(\".socialMediaOnEveryPost\").addClass(\"sgmb-left\") <\/script>","protected":false},"excerpt":{"rendered":"<p>Organizado pela secret\u00e1ria apucaranense Marli Fernandes, o evento reuniu representantes de mais de cem cidades do Paran\u00e1<\/p>\n","protected":false},"author":10,"featured_media":8579,"comment_status":"closed","ping_status":"open","sticky":false,"template":"","format":"standard","meta":[],"categories":[9],"tags":[],"_links":{"self":[{"href":"http:\/\/www.apucarana.pr.gov.br\/ame\/wp-json\/wp\/v2\/posts\/8578"}],"collection":[{"href":"http:\/\/www.apucarana.pr.gov.br\/ame\/wp-json\/wp\/v2\/posts"}],"about":[{"href":"http:\/\/www.apucarana.pr.gov.br\/ame\/wp-json\/wp\/v2\/types\/post"}],"author":[{"embeddable":true,"href":"http:\/\/www.apucarana.pr.gov.br\/ame\/wp-json\/wp\/v2\/users\/10"}],"replies":[{"embeddable":true,"href":"http:\/\/www.apucarana.pr.gov.br\/ame\/wp-json\/wp\/v2\/comments?post=8578"}],"version-history":[{"count":1,"href":"http:\/\/www.apucarana.pr.gov.br\/ame\/wp-json\/wp\/v2\/posts\/8578\/revisions"}],"predecessor-version":[{"id":8586,"href":"http:\/\/www.apucarana.pr.gov.br\/ame\/wp-json\/wp\/v2\/posts\/8578\/revisions\/8586"}],"wp:featuredmedia":[{"embeddable":true,"href":"http:\/\/www.apucarana.pr.gov.br\/ame\/wp-json\/wp\/v2\/media\/8579"}],"wp:attachment":[{"href":"http:\/\/www.apucarana.pr.gov.br\/ame\/wp-json\/wp\/v2\/media?parent=8578"}],"wp:term":[{"taxonomy":"category","embeddable":true,"href":"http:\/\/www.apucarana.pr.gov.br\/ame\/wp-json\/wp\/v2\/categories?post=8578"},{"taxonomy":"post_tag","embeddable":true,"href":"http:\/\/www.apucarana.pr.gov.br\/ame\/wp-json\/wp\/v2\/tags?post=8578"}],"curies":[{"name":"wp","href":"https:\/\/api.w.org\/{rel}","templated":true}]}}