{"id":8562,"date":"2019-09-21T13:04:18","date_gmt":"2019-09-21T16:04:18","guid":{"rendered":"http:\/\/www.apucarana.pr.gov.br\/ame\/?p=8562"},"modified":"2024-10-08T09:10:04","modified_gmt":"2024-10-08T12:10:04","slug":"alunos-sao-premiados-em-concurso-de-redacao-sobre-o-transito","status":"publish","type":"post","link":"http:\/\/www.apucarana.pr.gov.br\/ame\/alunos-sao-premiados-em-concurso-de-redacao-sobre-o-transito\/","title":{"rendered":"Alunos s\u00e3o premiados em concurso de reda\u00e7\u00e3o sobre o tr\u00e2nsito"},"content":{"rendered":"<p>A Semana Nacional do Tr\u00e2nsito, prevista pelo C\u00f3digo de Tr\u00e2nsito Brasileiro, \u00e9 comemorada anualmente de 18 e 25 de setembro. Para promover a conscientiza\u00e7\u00e3o sobre o tema, a Autarquia Municipal de Educa\u00e7\u00e3o, a Guarda Municipal de Apucarana e a Superintend\u00eancia de Tr\u00e2nsito do Instituto de Desenvolvimento, Pesquisa e Planejamento de Apucarana (Idepplan) promoveram no m\u00eas de agosto um concurso de reda\u00e7\u00e3o entre os alunos matriculados no 4\u00ba ano em 36 escolas. Os vencedores foram conhecidos na manh\u00e3 de hoje (21), em cerim\u00f4nia realizada na Pra\u00e7a Rui Barbosa.<\/p>\n<p>Cerca de 1.330 crian\u00e7as produziram textos a partir do tema \u201cNa constru\u00e7\u00e3o de um mundo melhor, o que aprendi com o tr\u00e2nsito?\u201d A melhor reda\u00e7\u00e3o de cada escola foi premiada com medalha e caixa de som bluetooth port\u00e1til. J\u00e1 as cinco produ\u00e7\u00f5es eleitas como destaques da rede municipal de ensino ganharam bicicletas e capacetes. Os presentes foram patrocinados pelo Banco do Brasil, a Construtora Hirose e o com\u00e9rcio da cidade.<\/p>\n<p>Segundo a secret\u00e1ria de educa\u00e7\u00e3o Marli Fernandes, o aprendizado de seguran\u00e7a no tr\u00e2nsito faz parte dos conte\u00fados previstos no curr\u00edculo escolar da rede municipal. \u201cPor isso, n\u00f3s mantemos uma parceria h\u00e1 tr\u00eas anos com a Guarda Municipal de Apucarana, por meio da qual os estudantes assistem a palestras peri\u00f3dicas sobre as regras de circula\u00e7\u00e3o vi\u00e1ria. A equipe do Idepplan veio somar em 2019. O resultado foi a realiza\u00e7\u00e3o deste bel\u00edssimo concurso de reda\u00e7\u00e3o,\u201d disse.<\/p>\n<p>\u201cOs principais temas que os nossos guardas trabalham nas palestras s\u00e3o a import\u00e2ncia do respeito \u00e0 sinaliza\u00e7\u00e3o, da travessia na faixa de pedestres e do uso de equipamentos de seguran\u00e7a como cinto e capacete,\u201d acrescentou o comandante da Guarda Municipal de Apucarana, Alessandro Carletti.<\/p>\n<p>Os alunos tamb\u00e9m se prepararam para o concurso por meio de um jornal sobre seguran\u00e7a no tr\u00e2nsito, oferecido pelo Instituto de Desenvolvimento, Pesquisa e Planejamento de Apucarana. \u201cAs pessoas s\u00f3 mudam seus h\u00e1bitos a partir da conscientiza\u00e7\u00e3o e da educa\u00e7\u00e3o. O prop\u00f3sito do concurso foi justamente incentivar os alunos a desenvolver o pensamento cr\u00edtico,\u201d destacou o superintendente do Idepplan, Carlos Mendes.<\/p>\n<p>\u201cAs crian\u00e7as assimilam os conte\u00fados com muito mais facilidade que os adultos, pois estes geralmente t\u00eam comportamentos arraigados e s\u00e3o mais teimosos. Por isso, eu considero fundamental a inclus\u00e3o da educa\u00e7\u00e3o para o tr\u00e2nsito j\u00e1 nas s\u00e9ries iniciais. \u00c9 importante lembrar tamb\u00e9m que, quando falamos em tr\u00e1fego, n\u00e3o estamos nos referindo apenas aos motoristas. Ciclistas e pedestres precisam cumprir as regras de circula\u00e7\u00e3o para evitar acidentes,\u201d disse o chefe da 15\u00aa Ciretran, Fernando Garcia.<\/p>\n<p>O prefeito Junior da Femac parabenizou a todos os envolvidos na realiza\u00e7\u00e3o do projeto. \u201cEm 2019, o n\u00famero de acidentes com motos aumentou 40% na nossa cidade. Somente a preven\u00e7\u00e3o \u00e9 capaz de reverter essa estat\u00edstica,\u201d afirmou.<\/p>\n<p>A reda\u00e7\u00e3o da aluna Ana Julia Gon\u00e7alves dos Santos, da Escola Municipal Augusto Weyand, \u00a0foi uma das escolhidas pela comiss\u00e3o julgadora. \u201cN\u00e3o esperava ficar entre os primeiros lugares, gostei da cor minha bicicleta. Eu aprendi muita coisa. Por exemplo, que n\u00f3s devemos sempre usar capacete e dirigir com bastante cuidado,\u201d alegrou-se.<\/p>\n<p>Confira abaixo o resultado do concurso de reda\u00e7\u00e3o sobre seguran\u00e7a no tr\u00e2nsito:<\/p>\n<p>&nbsp;<\/p>\n<p><strong>Destaques da rede municipal de ensino<\/strong><\/p>\n<p>ESCOLA MUNICIPAL PROFESSOR IDALICE MOREIRA PRATES \u2013 \u00a0\u00a0\u00a0\u00a0\u00a0\u00a0\u00a0 Ana Caroline de Sousa Paulino;<\/p>\n<p>ESCOLA MUNICIPAL PL\u00c1CIDO DE CASTRO\u00a0\u00a0\u00a0\u00a0\u00a0\u00a0\u00a0\u00a0\u00a0\u00a0\u00a0 \u2013 Isabely Celin;<\/p>\n<p>ESCOLA MUNICIPAL MATEUS LEME \u2013 Camilly Vitoria Alexandrino Dias;<\/p>\n<p>ESCOLA MUNICIPAL FERNANDO JOS\u00c9 ACOSTA \u2013 Mycaella Ribas Ferreira da Silva;<\/p>\n<p>ESCOLA MUNICIPAL AUGUSTO WEYAND \u2013 Ana Julia Gon\u00e7alves dos Santos;<\/p>\n<p>&nbsp;<\/p>\n<p><strong>Melhor reda\u00e7\u00e3o por escola<\/strong><\/p>\n<p>ESCOLA MUNICIPAL DOUTOR OSVALDO DOS SANTOS LIMA \u2013 Kiara dos Santos Botter;<\/p>\n<p>ESCOLA MUNICIPAL DR. EDSON GIACOMINI \u2013 Carlos Eduardo de Souza de Oliveira;<\/p>\n<p>ESCOLA MUNICIPAL PROFESSORA MARTA PEREIRA DA SILVA\u00a0\u00a0\u00a0\u00a0\u00a0\u00a0\u00a0 \u2013 Augusto Francisco Cassiano Taca;<\/p>\n<p>ESCOLA MUNICIPAL JOS\u00c9 ID\u00c9SIO BRIANEZI \u2013 Julia de Souza da Silva;<\/p>\n<p>ESCOLA MUNICIPAL DO CAMPO PADRE ANTONIO VIEIRA- Nicoly Alves da Silva;<\/p>\n<p>ESCOLA MUNICIPAL JO\u00c3O BATISTA- Nina Moreira Mendes;<\/p>\n<p>ESCOLA MUNICIPAL PROFESSOR DURVAL PINTO \u2013 Thayla Yuhari Maruiti;<\/p>\n<p>ESCOLA MUNICIPAL JOS\u00c9 BRASIL CAMARGO \u2013 Any Emanuelly Ranchel dos Santos;<\/p>\n<p>ESCOLA MUNICIPAL PAPA JO\u00c3O XXIII \u2013 Flavia de Souza Santana;<\/p>\n<p>ESCOLA MUNICIPAL VEREADOR JOS\u00c9 RAMOS DE OLIVEIRA \u2013 Leonardo Felipe de Souza dos Santos;<\/p>\n<p>ESCOLA MUNICPAL DOUTOR JOAQUIM VICENTE DE CASTRO \u2013 Rafaela Heinz de Almeida;<\/p>\n<p>ESCOLA MUNICIPAL SENADOR MARCOS DE BARROS FREIRE \u2013 Ana Beatriz de Oliveira Leal;<\/p>\n<p>ESCOLA MUNICIPAL HUMBERTO DE ALENCAR CASTELO BRANCO \u2013 Camilla Braz Dourador;<\/p>\n<p>ESCOLA MUNICIPAL JOS\u00c9 DE ALENCAR \u2013 Anielly Vitoria Gon\u00e7alves;<\/p>\n<p>ESCOLA MUNICIPAL JO\u00c3O ANTONIO BRAGA C\u00d4RTES \u2013 Eduarda Victoria dos Santos Gon\u00e7alves;<\/p>\n<p>ESCOLA MUNICIPAL DINARTE PEREIRA DE ARA\u00daJO \u2013 Eduarda Moreira Monteiro;<\/p>\n<p>ESCOLA MUNICIPAL JUIZ LUIZ FERNANDO ARA\u00daJO PEREIRA \u2013 Jennifer Janine Olguin da Silva;<\/p>\n<p>ESCOLA MUNICIPAL BENTO FERNANDES DIAS \u2013 Rian Lino Fernandes de Oliveira;<\/p>\n<p>ESCOLA MUNICIPAL KAREL KOBER \u2013 Nicholas da Cruz Machado;<\/p>\n<p>ESCOLA MUNICIPAL PROFESSOR ALCIDES RAMOS \u2013 Evelyn B. de A. da Silva;<\/p>\n<p>ESCOLA MUNICIPAL PROFESSORA MARILDA DUARTE NOLI \u2013 Jos\u00e9 Carlos Moreira Bisouto;<\/p>\n<p>ESCOLA MUNICIPAL F\u00c1BIO HENRIQUE DA SILVA \u2013 Nicolas Felipe do N. Ferreira;<\/p>\n<p>ESCOLA MUNICIPAL VIDA NOVA \u2013 Evelyn Bispo;<\/p>\n<p>ESCOLA MUNICIPAL DO CAMPO PROFESSOR WILSON DE AZEVEDO \u2013 Alexandre Ramos Ribeiro;<\/p>\n<p>ESCOLA MUNICIPAL ANTONIETA DA SILVA LAUTENSHLAGER \u2013 \u00a0\u00a0\u00a0\u00a0 Camilly Madiana Alves dos Santos;<\/p>\n<p>ESCOLA MUNICIPAL PRESIDENTE M\u00c9DICI \u2013 Stella Reichel Moura;<\/p>\n<p>ESCOLA LUIZ CARLOS PRESTES \u2013 Mariana Gabriele dos Santos Ara\u00fajo;<\/p>\n<p>ESCOLA MUNICIPAL MONSENHOR ARNALDO BELTRAMI \u2013 Lohana Stefhane de Oliveira;<\/p>\n<p>ESCOLA MUNICIPAL ALBINO BIACCHI \u2013 Anna Luiza Pereira Faria;<\/p>\n<p>ESCOLA MUNICIPAL GABRIEL DE LARA \u2013 Jos\u00e9 Henrique de Almeida;<\/p>\n<p>ESCOLA MUNICIPAL PROFESSORA MARIA MADALENA C\u00d4CO \u2013 Camilly Kmiazveski de Paula.<\/p>\n<div class = 'socialMediaOnEveryPost'>Compartilhe<div id=\"sgmbShare1-1\" class=\"sgmbShare jssocials-theme-classic sgmbWidget1-1\"><\/div><div class=\"dropdownWrapper dropdownWrapper1 dropdownWrapper-for-widget \" id=\"dropdownWrapper-for-widget\">\r\n\t\t\t\t\t\t<div class=\"dropdownLabel\" id=\"dropdownLabel-share-list\"><span class=\"sgmbButtonListLabel1\">Share List<\/span><\/div>\r\n\t\t\t\t\t\t<div class=\"dropdownPanel dropdownPanel1-1\">\r\n\t\t\t\t\t\t<\/div>\r\n\t\t\t\t\t<\/div><script>  SGMB_URL = \"http:\/\/www.apucarana.pr.gov.br\/ame\/wp-content\/plugins\/social-media-builder\/\"; jQuery(\".dropdownWrapper\").hide(); SGMB_GOOGLE_ACOUNT = \"\"; <\/script><script type=\"text\/javascript\">\r\n\t\tjQuery(document).ready(function($){var widget = new SGMBWidget();widget.show({\"id\":\"1\",\"title\":\"Face\\\/Twitter\",\"options\":{\"currentUrl\":\"1\",\"url\":\"\",\"shareText\":\"\",\"fontSize\":\"14\",\"betweenButtons\":\"1px\",\"theme\":\"classic\",\"sgmbButtonsPosition\":\"bottomLeft\",\"socialTheme\":\"\",\"icon\":\"default\",\"buttonsPanelEffect\":\"No Effect\",\"buttonsEffect\":\"No Effect\",\"iconsEffect\":\"No Effect\",\"buttons\":\"{\\\"facebook\\\":{\\\"label\\\":\\\"Share\\\",\\\"icon\\\":\\\"default-facebook\\\"},\\\"twitter\\\":{\\\"label\\\":\\\"Tweet\\\",\\\"icon\\\":\\\"default-twitter\\\",\\\"via\\\":\\\"\\\",\\\"hashtags\\\":\\\"\\\"}}\",\"roundButton\":\"\",\"showLabels\":\"\",\"showCounts\":\"\",\"showCenter\":\"\",\"showButtonsAsList\":\"\",\"sgmbDropdownColor\":\"\",\"sgmbDropdownLabelFontSize\":\"14\",\"sgmbDropdownLabelColor\":\"\",\"showButtonsOnEveryPost\":\"on\",\"selectedOrExcluded\":\"\",\"showButtonsOnEveryPage\":\"\",\"textOnEveryPost\":\"Compartilhe\",\"showButtonsOnCustomPost\":\"\",\"textOnCustomPost\":\"\",\"showButtonsOnMobileDirect\":\"on\",\"showButtonsOnDesktopDirect\":\"on\",\"sgmbSelectedPages\":[\"\"],\"sgmbExcludedPosts\":[\"\"],\"sgmbSelectedCustomPosts\":[],\"showButtonsInPopup\":\"\",\"titleOfPopup\":\"\",\"descriptionOfPopup\":\"\",\"showPopupOnLoad\":\"\",\"showPopupOnScroll\":\"\",\"showPopupOnExit\":\"\",\"openSecondsOfPopup\":\"\",\"googleAnaliticsAccount\":\"\"},\"buttonOptions\":{\"facebook\":{\"label\":\"Share\",\"icon\":\"default-facebook\"},\"twitter\":{\"label\":\"Tweet\",\"icon\":\"default-twitter\",\"via\":\"\",\"hashtags\":\"\"}},\"button\":[\"facebook\",\"twitter\"]}, 1, '', 'http:\/\/www.apucarana.pr.gov.br\/ame\/wp-content\/uploads\/2019\/09\/IMG_4582.jpg', '', 'http:\/\/www.apucarana.pr.gov.br\/ame\/alunos-sao-premiados-em-concurso-de-redacao-sobre-o-transito\/'); });<\/script><\/div><script> jQuery(\".socialMediaOnEveryPost\").addClass(\"sgmb-left\") <\/script>","protected":false},"excerpt":{"rendered":"<p>Realizado em parceria pelo Idepplan, Autarquia de Educa\u00e7\u00e3o  e Guarda Municipal de Apucarana, o projeto envolveu 1.330 alunos de 36 escolas<\/p>\n","protected":false},"author":10,"featured_media":8571,"comment_status":"closed","ping_status":"open","sticky":false,"template":"","format":"standard","meta":[],"categories":[9],"tags":[],"_links":{"self":[{"href":"http:\/\/www.apucarana.pr.gov.br\/ame\/wp-json\/wp\/v2\/posts\/8562"}],"collection":[{"href":"http:\/\/www.apucarana.pr.gov.br\/ame\/wp-json\/wp\/v2\/posts"}],"about":[{"href":"http:\/\/www.apucarana.pr.gov.br\/ame\/wp-json\/wp\/v2\/types\/post"}],"author":[{"embeddable":true,"href":"http:\/\/www.apucarana.pr.gov.br\/ame\/wp-json\/wp\/v2\/users\/10"}],"replies":[{"embeddable":true,"href":"http:\/\/www.apucarana.pr.gov.br\/ame\/wp-json\/wp\/v2\/comments?post=8562"}],"version-history":[{"count":1,"href":"http:\/\/www.apucarana.pr.gov.br\/ame\/wp-json\/wp\/v2\/posts\/8562\/revisions"}],"predecessor-version":[{"id":8572,"href":"http:\/\/www.apucarana.pr.gov.br\/ame\/wp-json\/wp\/v2\/posts\/8562\/revisions\/8572"}],"wp:featuredmedia":[{"embeddable":true,"href":"http:\/\/www.apucarana.pr.gov.br\/ame\/wp-json\/wp\/v2\/media\/8571"}],"wp:attachment":[{"href":"http:\/\/www.apucarana.pr.gov.br\/ame\/wp-json\/wp\/v2\/media?parent=8562"}],"wp:term":[{"taxonomy":"category","embeddable":true,"href":"http:\/\/www.apucarana.pr.gov.br\/ame\/wp-json\/wp\/v2\/categories?post=8562"},{"taxonomy":"post_tag","embeddable":true,"href":"http:\/\/www.apucarana.pr.gov.br\/ame\/wp-json\/wp\/v2\/tags?post=8562"}],"curies":[{"name":"wp","href":"https:\/\/api.w.org\/{rel}","templated":true}]}}