{"id":8550,"date":"2019-09-16T15:03:03","date_gmt":"2019-09-16T18:03:03","guid":{"rendered":"http:\/\/www.apucarana.pr.gov.br\/ame\/?p=8550"},"modified":"2024-10-08T09:10:04","modified_gmt":"2024-10-08T12:10:04","slug":"circuito-de-corridas-de-rua-fomenta-o-esporte-e-o-lazer-entre-os-alunos-da-rede-municipal-de-ensino","status":"publish","type":"post","link":"http:\/\/www.apucarana.pr.gov.br\/ame\/circuito-de-corridas-de-rua-fomenta-o-esporte-e-o-lazer-entre-os-alunos-da-rede-municipal-de-ensino\/","title":{"rendered":"Circuito de corridas de rua fomenta o esporte e o lazer entre os alunos da rede municipal de ensino"},"content":{"rendered":"<p>O domingo (15) foi de muita divers\u00e3o, competi\u00e7\u00e3o e atividades f\u00edsicas para 410 alunos apucaranenses. Eles participaram da 3\u00aa etapa do Circuito de Corridas de Rua das Escolas Municipais, promovida pela Autarquia de Educa\u00e7\u00e3o e a Secretaria de Esportes, no Distrito de Pirap\u00f3.<\/p>\n<p>O percurso das provas variou conforme a idade dos atletas, nos naipes masculino e feminino: 400 metros para os nascidos em 2011, 600 metros para os nascidos em 2010 e 800 metros para os nascidos em 2009 e 2008.<\/p>\n<p>Outras duas etapas do circuito j\u00e1 haviam sido realizadas, entre maio e junho, no Jardim Ponta Grossa e no entorno do Lago Jaboti. J\u00e1 a fase final est\u00e1 marcada para novembro e ser\u00e1 disputada pelos vinte melhores classificados em cada preliminar.<\/p>\n<p>A secret\u00e1ria municipal de esportes, Jossuela Pinheiro, explica que o treinamento das crian\u00e7as \u00e9 feito nas pr\u00f3prias unidades de ensino, durante as aulas de educa\u00e7\u00e3o f\u00edsica. \u201cAl\u00e9m disso, n\u00f3s oferecemos escolinhas de atletismo em alguns bairros e no gin\u00e1sio Lago\u00e3o para aqueles que demonstram interesse e aptid\u00e3o,\u201d disse.<\/p>\n<p>As corridas de rua s\u00e3o desenvolvidas com o intuito de incentivar a pr\u00e1tica de atividades f\u00edsicas e revelar talentos entre os alunos. \u201cO esporte apucaranense avan\u00e7ou nos \u00faltimos anos gra\u00e7as \u00e0 parceria com a educa\u00e7\u00e3o. N\u00f3s percebemos que muitas crian\u00e7as continuam a treinar e a participar de provas regionais mesmo depois de migrarem da rede municipal para a estadual. No circuito de corridas de Maring\u00e1, por exemplo, n\u00f3s temos tr\u00eas atletas com excelentes classifica\u00e7\u00f5es,\u201d afirmou o coordenador do projeto, Jos\u00e9 Marcelino da Silva, o Grilo.<\/p>\n<p>\u201cApucarana sempre demonstrou forte voca\u00e7\u00e3o para o atletismo. A prova 28 de Janeiro \u00e9 uma das maiores corridas em n\u00edvel nacional. Nesse sentido, o projeto de atletismo nas escolas \u00e9 importante para manter viva a tradi\u00e7\u00e3o,\u201d destacou o prefeito J\u00fanior da Femac.<\/p>\n<p>A secret\u00e1ria municipal de educa\u00e7\u00e3o, Marli Fernandes, observou a grande participa\u00e7\u00e3o das fam\u00edlias ontem no Distrito de Pirap\u00f3. \u201cN\u00f3s ficamos muito felizes em ver os pais acompanhando e incentivando seus filhos. Quem ganha com isso s\u00e3o as crian\u00e7as,\u201d assegurou.<\/p>\n<p>Confira os resultados da 3\u00aa etapa do Circuito de Corridas de Rua das Escolas Municipais:<\/p>\n<p><strong>Alunos nascidos em 2011 \u2013 Masculino<br \/>\n<\/strong>1\u00ba) Romero Edwinn Anderson Bodouin \u2013 Escola Vereador Jos\u00e9 Ramos de Oliveira;<br \/>\n2\u00ba) Pedro Henrique da Silva \u2013 Escola Jos\u00e9 Id\u00e9sio Brianezi;<br \/>\n3\u00ba) Jo\u00e3o V\u00edtor do Nascimento \u2013 Escola Vereador Jos\u00e9 Ramos de Oliveira.<\/p>\n<p><strong>Alunos nascidos em 2011 \u2013 Feminino<br \/>\n<\/strong>1\u00ba) Kimberlly Rafaelli de Oliveria \u2013 Escola Professor Durval Pinto;<br \/>\n2\u00ba) Yasmin Maria Va\u00fana Mesquita \u2013 Escola Vereador Jos\u00e9 Ramos de Oliveira;<br \/>\n3\u00ba) Vit\u00f3ria Eduarda Aguiar da Silva \u2013 Escola Papa Jo\u00e3o XXIII.<\/p>\n<p><strong>Alunos nascidos em 2010 \u2013 Masculino<br \/>\n<\/strong>1\u00ba) Braian Teixeira Matias \u2013 Escola Professor Durval Pinto;<br \/>\n2\u00ba) Antony Henrique de Freitas Caldeira \u2013 Escola Professor Idalice Moreira Prates;<br \/>\n3\u00ba) Luiz Felipe Torres dos Reis \u2013 Escola Jos\u00e9 Id\u00e9sio Brianezi.<\/p>\n<p><strong>Alunos nascidos em 2010 \u2013 Feminino<br \/>\n<\/strong>1\u00ba) Rafaela In\u00e1cio Miranda \u2013 Escola Vereador Jos\u00e9 Ramos de Oliveira;<br \/>\n2\u00ba) Ana Cl\u00e1udia de Azevedo da Silva \u2013 Escola Vereador Jos\u00e9 Ramos de Oliveira;<br \/>\n3\u00ba) Isabela Frederico Rodrigues \u2013 Escola Professor Durval Pinto.<\/p>\n<p><strong>Alunos nascidos em 2009\/2008 \u2013 Masculino<br \/>\n<\/strong>1\u00ba) Pedro Henrich Machado de Oliveira \u2013 Escola Augusto Weyand;<br \/>\n2\u00ba) Luis Felipe Vitorino da Silva \u2013 Escola Augusto Weyand;<br \/>\n3\u00ba) Mateus Bertoldo Junqueira \u2013 Escola Mateus Leme.<\/p>\n<p><strong>Alunos nascidos em 2009\/2008 \u2013 Feminino<br \/>\n<\/strong>1\u00ba) Madelaine Gomes da Silva \u2013 Escola Jos\u00e9 Id\u00e9sio Brianezi;<br \/>\n2\u00ba) Andrelize Vit\u00f3ria Pereira da Cruz \u2013 Escola Professor Durval Pinto;<br \/>\n3\u00ba) Christy Anna Isabelle Bodouin \u2013 Escola Vereador Jos\u00e9 Ramos de Oliveira.<\/p>\n<div class = 'socialMediaOnEveryPost'>Compartilhe<div id=\"sgmbShare1-1\" class=\"sgmbShare jssocials-theme-classic sgmbWidget1-1\"><\/div><div class=\"dropdownWrapper dropdownWrapper1 dropdownWrapper-for-widget \" id=\"dropdownWrapper-for-widget\">\r\n\t\t\t\t\t\t<div class=\"dropdownLabel\" id=\"dropdownLabel-share-list\"><span class=\"sgmbButtonListLabel1\">Share List<\/span><\/div>\r\n\t\t\t\t\t\t<div class=\"dropdownPanel dropdownPanel1-1\">\r\n\t\t\t\t\t\t<\/div>\r\n\t\t\t\t\t<\/div><script>  SGMB_URL = \"http:\/\/www.apucarana.pr.gov.br\/ame\/wp-content\/plugins\/social-media-builder\/\"; jQuery(\".dropdownWrapper\").hide(); SGMB_GOOGLE_ACOUNT = \"\"; <\/script><script type=\"text\/javascript\">\r\n\t\tjQuery(document).ready(function($){var widget = new SGMBWidget();widget.show({\"id\":\"1\",\"title\":\"Face\\\/Twitter\",\"options\":{\"currentUrl\":\"1\",\"url\":\"\",\"shareText\":\"\",\"fontSize\":\"14\",\"betweenButtons\":\"1px\",\"theme\":\"classic\",\"sgmbButtonsPosition\":\"bottomLeft\",\"socialTheme\":\"\",\"icon\":\"default\",\"buttonsPanelEffect\":\"No Effect\",\"buttonsEffect\":\"No Effect\",\"iconsEffect\":\"No Effect\",\"buttons\":\"{\\\"facebook\\\":{\\\"label\\\":\\\"Share\\\",\\\"icon\\\":\\\"default-facebook\\\"},\\\"twitter\\\":{\\\"label\\\":\\\"Tweet\\\",\\\"icon\\\":\\\"default-twitter\\\",\\\"via\\\":\\\"\\\",\\\"hashtags\\\":\\\"\\\"}}\",\"roundButton\":\"\",\"showLabels\":\"\",\"showCounts\":\"\",\"showCenter\":\"\",\"showButtonsAsList\":\"\",\"sgmbDropdownColor\":\"\",\"sgmbDropdownLabelFontSize\":\"14\",\"sgmbDropdownLabelColor\":\"\",\"showButtonsOnEveryPost\":\"on\",\"selectedOrExcluded\":\"\",\"showButtonsOnEveryPage\":\"\",\"textOnEveryPost\":\"Compartilhe\",\"showButtonsOnCustomPost\":\"\",\"textOnCustomPost\":\"\",\"showButtonsOnMobileDirect\":\"on\",\"showButtonsOnDesktopDirect\":\"on\",\"sgmbSelectedPages\":[\"\"],\"sgmbExcludedPosts\":[\"\"],\"sgmbSelectedCustomPosts\":[],\"showButtonsInPopup\":\"\",\"titleOfPopup\":\"\",\"descriptionOfPopup\":\"\",\"showPopupOnLoad\":\"\",\"showPopupOnScroll\":\"\",\"showPopupOnExit\":\"\",\"openSecondsOfPopup\":\"\",\"googleAnaliticsAccount\":\"\"},\"buttonOptions\":{\"facebook\":{\"label\":\"Share\",\"icon\":\"default-facebook\"},\"twitter\":{\"label\":\"Tweet\",\"icon\":\"default-twitter\",\"via\":\"\",\"hashtags\":\"\"}},\"button\":[\"facebook\",\"twitter\"]}, 1, '', 'http:\/\/www.apucarana.pr.gov.br\/ame\/wp-content\/uploads\/2019\/09\/IMG_3731.jpg', '', 'http:\/\/www.apucarana.pr.gov.br\/ame\/circuito-de-corridas-de-rua-fomenta-o-esporte-e-o-lazer-entre-os-alunos-da-rede-municipal-de-ensino\/'); });<\/script><\/div><script> jQuery(\".socialMediaOnEveryPost\").addClass(\"sgmb-left\") <\/script>","protected":false},"excerpt":{"rendered":"<p>Realizada ontem no Distrito de Pirap\u00f3, a terceira etapa do circuito reuniu 410 alunos provenientes de doze escolas <\/p>\n","protected":false},"author":10,"featured_media":8552,"comment_status":"closed","ping_status":"open","sticky":false,"template":"","format":"standard","meta":[],"categories":[9],"tags":[],"_links":{"self":[{"href":"http:\/\/www.apucarana.pr.gov.br\/ame\/wp-json\/wp\/v2\/posts\/8550"}],"collection":[{"href":"http:\/\/www.apucarana.pr.gov.br\/ame\/wp-json\/wp\/v2\/posts"}],"about":[{"href":"http:\/\/www.apucarana.pr.gov.br\/ame\/wp-json\/wp\/v2\/types\/post"}],"author":[{"embeddable":true,"href":"http:\/\/www.apucarana.pr.gov.br\/ame\/wp-json\/wp\/v2\/users\/10"}],"replies":[{"embeddable":true,"href":"http:\/\/www.apucarana.pr.gov.br\/ame\/wp-json\/wp\/v2\/comments?post=8550"}],"version-history":[{"count":1,"href":"http:\/\/www.apucarana.pr.gov.br\/ame\/wp-json\/wp\/v2\/posts\/8550\/revisions"}],"predecessor-version":[{"id":8560,"href":"http:\/\/www.apucarana.pr.gov.br\/ame\/wp-json\/wp\/v2\/posts\/8550\/revisions\/8560"}],"wp:featuredmedia":[{"embeddable":true,"href":"http:\/\/www.apucarana.pr.gov.br\/ame\/wp-json\/wp\/v2\/media\/8552"}],"wp:attachment":[{"href":"http:\/\/www.apucarana.pr.gov.br\/ame\/wp-json\/wp\/v2\/media?parent=8550"}],"wp:term":[{"taxonomy":"category","embeddable":true,"href":"http:\/\/www.apucarana.pr.gov.br\/ame\/wp-json\/wp\/v2\/categories?post=8550"},{"taxonomy":"post_tag","embeddable":true,"href":"http:\/\/www.apucarana.pr.gov.br\/ame\/wp-json\/wp\/v2\/tags?post=8550"}],"curies":[{"name":"wp","href":"https:\/\/api.w.org\/{rel}","templated":true}]}}