{"id":8543,"date":"2019-09-13T19:02:31","date_gmt":"2019-09-13T22:02:31","guid":{"rendered":"http:\/\/www.apucarana.pr.gov.br\/ame\/?p=8543"},"modified":"2024-10-08T09:10:04","modified_gmt":"2024-10-08T12:10:04","slug":"prefeito-junior-da-femac-assina-ordem-de-servico-para-a-reforma-e-ampliacao-de-mais-uma-escola","status":"publish","type":"post","link":"http:\/\/www.apucarana.pr.gov.br\/ame\/prefeito-junior-da-femac-assina-ordem-de-servico-para-a-reforma-e-ampliacao-de-mais-uma-escola\/","title":{"rendered":"Prefeito J\u00fanior da Femac assina ordem de servi\u00e7o  para a reforma e amplia\u00e7\u00e3o de mais uma escola"},"content":{"rendered":"<p>Come\u00e7am nos pr\u00f3ximos dias as obras da Escola Municipal Professor Bento Fernandes Dias, localizada no Jardim Malibu. O Prefeito J\u00fanior da Femac assinou a ordem de servi\u00e7o para a reforma e a amplia\u00e7\u00e3o do pr\u00e9dio na tarde desta sexta-feira (13), no gabinete do executivo. O investimento ser\u00e1 de R$ 830.229,49.<\/p>\n<p>Segundo a superintendente de engenharia da Autarquia Municipal de Educa\u00e7\u00e3o, Miriam Corbacho, o projeto prev\u00ea servi\u00e7os semelhantes \u00e0queles que v\u00eam sendo executados nas demais escolas da rede. \u201cAs salas de aula ser\u00e3o revitalizadas, os sanit\u00e1rios passar\u00e3o por adequa\u00e7\u00f5es, o forro e o piso ser\u00e3o substitu\u00eddos, a quadra esportiva e o p\u00e1tio receber\u00e3o melhorias, as instala\u00e7\u00f5es el\u00e9tricas ser\u00e3o revisadas, entre outras benfeitorias,\u201d adiantou. A \u00e1rea da reforma compreende 1.249,22 m<sup>2<\/sup>.<\/p>\n<p>J\u00e1 a amplia\u00e7\u00e3o de 394,18 m<sup>2<\/sup>\u00a0refere-se \u00e0 constru\u00e7\u00e3o de mais tr\u00eas salas de aula e um sanit\u00e1rio acess\u00edvel, \u00e0 instala\u00e7\u00e3o de coberturas em policarbonato para garantir mais conforto nos dias de chuva, e \u00e0 amplia\u00e7\u00e3o da cozinha, do dep\u00f3sito de merenda e do refeit\u00f3rio.<\/p>\n<p>Os professores, funcion\u00e1rios e pais de alunos comemoraram a not\u00edcia. \u201cA nossa escola foi inaugurada em 1.991 e j\u00e1 est\u00e1 precisando de muitos reparos. As novas salas v\u00e3o permitir uma melhor redistribui\u00e7\u00e3o das classes e, quem sabe, at\u00e9 a abertura de novas turmas da pr\u00e9-escola,\u201d disse a diretora da institui\u00e7\u00e3o, Silmara Dalcoli Alves.<\/p>\n<p>\u201cPara que o aprendizado aconte\u00e7a, professores e alunos precisam de um espa\u00e7o apropriado \u00e0s atividades. \u00c9 isso que a prefeitura est\u00e1 proporcionando. Como m\u00e3e, eu s\u00f3 tenho a agradecer,\u201d acrescentou a presidente da Associa\u00e7\u00e3o de Pais, Mestres e Funcion\u00e1rios (APMF), Lucinda Pereira.<\/p>\n<p>A empreiteira Pires Constru\u00e7\u00f5es venceu a licita\u00e7\u00e3o e ser\u00e1 a respons\u00e1vel pela obra. O prazo \u00e9 de dez dias para o in\u00edcio e de oito meses para a conclus\u00e3o dos servi\u00e7os.<\/p>\n<p>A secret\u00e1ria de educa\u00e7\u00e3o, Marli Fernandes, ressaltou os investimentos feitos pela atual administra\u00e7\u00e3o nos pr\u00e9dios da rede municipal de ensino. \u201cA gest\u00e3o Beto Preto e J\u00fanior da Femac compreende que todas as crian\u00e7as t\u00eam direito \u00e0s mesmas condi\u00e7\u00f5es de aprendizado, independente delas morarem no centro, nos bairros ou na zona rural. Por isso, mais de R$ 44 milh\u00f5es foram aplicados nos \u00faltimos sete anos para a reforma e amplia\u00e7\u00e3o de 56 unidades escolares. A maior parte das obras foi conclu\u00edda, outras est\u00e3o em andamento e algumas ainda em fase de licita\u00e7\u00e3o,\u201d detalhou.<\/p>\n<p>A Escola Professor Bento Fernandes Dias possui 250 alunos matriculados no momento. Eles s\u00e3o provenientes de diversas regi\u00f5es, como Jardim Malibu, Vila Nova, Loteamento Central, Jardim Am\u00e9rica, Jardim Mon\u00e7\u00f5es, Jardim Colonial, Jardim Marissol, Residencial Solo Sagrado e Residencial Sumatra.<\/p>\n<p>\u201cA educa\u00e7\u00e3o \u00e9 o principal agente de transforma\u00e7\u00e3o na vida das pessoas. Se quisermos que a cidade cres\u00e7a e tenha um futuro promissor, n\u00f3s precisamos investir no ensino das crian\u00e7as e jovens. Esse \u00e9 o compromisso que eu e o Beto Preto assumimos,\u201d afirmou o prefeito J\u00fanior da Femac.<\/p>\n<p>Ele destacou ainda os bons resultados que a educa\u00e7\u00e3o apucaranense j\u00e1 vem conquistando. \u201cNa \u00faltima quarta-feira, a qualidade do nosso ensino foi certificada internacionalmente. Das 30 institui\u00e7\u00f5es do Paran\u00e1 que foram escolhidas para integrar o Programa de Escolas Associadas da UNESCO, 12 pertencem \u00e0 rede municipal de Apucarana,\u201d enalteceu.<\/p>\n<div class = 'socialMediaOnEveryPost'>Compartilhe<div id=\"sgmbShare1-1\" class=\"sgmbShare jssocials-theme-classic sgmbWidget1-1\"><\/div><div class=\"dropdownWrapper dropdownWrapper1 dropdownWrapper-for-widget \" id=\"dropdownWrapper-for-widget\">\r\n\t\t\t\t\t\t<div class=\"dropdownLabel\" id=\"dropdownLabel-share-list\"><span class=\"sgmbButtonListLabel1\">Share List<\/span><\/div>\r\n\t\t\t\t\t\t<div class=\"dropdownPanel dropdownPanel1-1\">\r\n\t\t\t\t\t\t<\/div>\r\n\t\t\t\t\t<\/div><script>  SGMB_URL = \"http:\/\/www.apucarana.pr.gov.br\/ame\/wp-content\/plugins\/social-media-builder\/\"; jQuery(\".dropdownWrapper\").hide(); SGMB_GOOGLE_ACOUNT = \"\"; <\/script><script type=\"text\/javascript\">\r\n\t\tjQuery(document).ready(function($){var widget = new SGMBWidget();widget.show({\"id\":\"1\",\"title\":\"Face\\\/Twitter\",\"options\":{\"currentUrl\":\"1\",\"url\":\"\",\"shareText\":\"\",\"fontSize\":\"14\",\"betweenButtons\":\"1px\",\"theme\":\"classic\",\"sgmbButtonsPosition\":\"bottomLeft\",\"socialTheme\":\"\",\"icon\":\"default\",\"buttonsPanelEffect\":\"No Effect\",\"buttonsEffect\":\"No Effect\",\"iconsEffect\":\"No Effect\",\"buttons\":\"{\\\"facebook\\\":{\\\"label\\\":\\\"Share\\\",\\\"icon\\\":\\\"default-facebook\\\"},\\\"twitter\\\":{\\\"label\\\":\\\"Tweet\\\",\\\"icon\\\":\\\"default-twitter\\\",\\\"via\\\":\\\"\\\",\\\"hashtags\\\":\\\"\\\"}}\",\"roundButton\":\"\",\"showLabels\":\"\",\"showCounts\":\"\",\"showCenter\":\"\",\"showButtonsAsList\":\"\",\"sgmbDropdownColor\":\"\",\"sgmbDropdownLabelFontSize\":\"14\",\"sgmbDropdownLabelColor\":\"\",\"showButtonsOnEveryPost\":\"on\",\"selectedOrExcluded\":\"\",\"showButtonsOnEveryPage\":\"\",\"textOnEveryPost\":\"Compartilhe\",\"showButtonsOnCustomPost\":\"\",\"textOnCustomPost\":\"\",\"showButtonsOnMobileDirect\":\"on\",\"showButtonsOnDesktopDirect\":\"on\",\"sgmbSelectedPages\":[\"\"],\"sgmbExcludedPosts\":[\"\"],\"sgmbSelectedCustomPosts\":[],\"showButtonsInPopup\":\"\",\"titleOfPopup\":\"\",\"descriptionOfPopup\":\"\",\"showPopupOnLoad\":\"\",\"showPopupOnScroll\":\"\",\"showPopupOnExit\":\"\",\"openSecondsOfPopup\":\"\",\"googleAnaliticsAccount\":\"\"},\"buttonOptions\":{\"facebook\":{\"label\":\"Share\",\"icon\":\"default-facebook\"},\"twitter\":{\"label\":\"Tweet\",\"icon\":\"default-twitter\",\"via\":\"\",\"hashtags\":\"\"}},\"button\":[\"facebook\",\"twitter\"]}, 1, '', 'http:\/\/www.apucarana.pr.gov.br\/ame\/wp-content\/uploads\/2019\/09\/IMG_3492.jpg', '', 'http:\/\/www.apucarana.pr.gov.br\/ame\/prefeito-junior-da-femac-assina-ordem-de-servico-para-a-reforma-e-ampliacao-de-mais-uma-escola\/'); });<\/script><\/div><script> jQuery(\".socialMediaOnEveryPost\").addClass(\"sgmb-left\") <\/script>","protected":false},"excerpt":{"rendered":"<p>A Escola Municipal Professor Bento Fernandes Dias, do Jardim Malibu, receber\u00e1 R$ 830 mil em investimentos. As benfeitorias v\u00e3o beneficiar 250 estudantes.<\/p>\n","protected":false},"author":10,"featured_media":8545,"comment_status":"closed","ping_status":"open","sticky":false,"template":"","format":"standard","meta":[],"categories":[9],"tags":[],"_links":{"self":[{"href":"http:\/\/www.apucarana.pr.gov.br\/ame\/wp-json\/wp\/v2\/posts\/8543"}],"collection":[{"href":"http:\/\/www.apucarana.pr.gov.br\/ame\/wp-json\/wp\/v2\/posts"}],"about":[{"href":"http:\/\/www.apucarana.pr.gov.br\/ame\/wp-json\/wp\/v2\/types\/post"}],"author":[{"embeddable":true,"href":"http:\/\/www.apucarana.pr.gov.br\/ame\/wp-json\/wp\/v2\/users\/10"}],"replies":[{"embeddable":true,"href":"http:\/\/www.apucarana.pr.gov.br\/ame\/wp-json\/wp\/v2\/comments?post=8543"}],"version-history":[{"count":1,"href":"http:\/\/www.apucarana.pr.gov.br\/ame\/wp-json\/wp\/v2\/posts\/8543\/revisions"}],"predecessor-version":[{"id":8549,"href":"http:\/\/www.apucarana.pr.gov.br\/ame\/wp-json\/wp\/v2\/posts\/8543\/revisions\/8549"}],"wp:featuredmedia":[{"embeddable":true,"href":"http:\/\/www.apucarana.pr.gov.br\/ame\/wp-json\/wp\/v2\/media\/8545"}],"wp:attachment":[{"href":"http:\/\/www.apucarana.pr.gov.br\/ame\/wp-json\/wp\/v2\/media?parent=8543"}],"wp:term":[{"taxonomy":"category","embeddable":true,"href":"http:\/\/www.apucarana.pr.gov.br\/ame\/wp-json\/wp\/v2\/categories?post=8543"},{"taxonomy":"post_tag","embeddable":true,"href":"http:\/\/www.apucarana.pr.gov.br\/ame\/wp-json\/wp\/v2\/tags?post=8543"}],"curies":[{"name":"wp","href":"https:\/\/api.w.org\/{rel}","templated":true}]}}