{"id":8537,"date":"2019-09-12T17:43:32","date_gmt":"2019-09-12T20:43:32","guid":{"rendered":"http:\/\/www.apucarana.pr.gov.br\/ame\/?p=8537"},"modified":"2024-10-08T09:10:04","modified_gmt":"2024-10-08T12:10:04","slug":"escolas-municipais-recebem-selo-de-qualificacao-da-unesco","status":"publish","type":"post","link":"http:\/\/www.apucarana.pr.gov.br\/ame\/escolas-municipais-recebem-selo-de-qualificacao-da-unesco\/","title":{"rendered":"Escolas municipais recebem selo de qualifica\u00e7\u00e3o da Unesco"},"content":{"rendered":"<p>Na \u00faltima quarta-feira (11\/9), doze unidades de ensino da rede municipal apucaranense receberam o selo de qualifica\u00e7\u00e3o do Programa de Escolas Associadas da Organiza\u00e7\u00e3o das Na\u00e7\u00f5es Unidas para Educa\u00e7\u00e3o, Ci\u00eancia e Cultura. A entrega foi feita durante o Encontro Nacional da Rede PEA-Unesco, em Ouro Preto (MG).<\/p>\n<p>O certificado \u00e9 conferido a institui\u00e7\u00f5es que desenvolvem projetos em conson\u00e2ncia com os pilares da Unesco, como o da constru\u00e7\u00e3o da paz e de um planeta sustent\u00e1vel. As escolas municipais Antonieta da Silva Lautenschlager, Dr. Osvaldo dos Santos Lima, F\u00e1bio Henrique da Silva, Fernando Jos\u00e9 Acosta, Gabriel de Lara, Humberto de Alencar Castelo Branco, Jos\u00e9 Brazil Camargo, Papa Jo\u00e3o XXIII, Professor Bento Fernandes Dias, Professor Alcides Ramos, Vereador Jos\u00e9 Ramos de Oliveira e Vida Nova foram as contempladas na atual edi\u00e7\u00e3o.<\/p>\n<p>A secret\u00e1ria municipal de educa\u00e7\u00e3o Marli Fernandes e a coordenadora pedag\u00f3gica Margarete Baldini representaram as unidades de ensino no evento. \u201cA conquista de mais esse selo representa o esfor\u00e7o que a gest\u00e3o Beto Preto e Junior da Femac tem feito para garantir um ensino equitativo e de qualidade a todas as crian\u00e7as apucaranenses,\u201d afirmou a secret\u00e1ria.<\/p>\n<p>Na semana passada, a Autarquia Municipal de Educa\u00e7\u00e3o j\u00e1 havia sido contemplada com o selo dos Objetivos do Desenvolvimento Sustent\u00e1vel (Sesi-ODS), da Federa\u00e7\u00e3o das Ind\u00fastrias do Estado do Paran\u00e1 (Sistema Fiep), pela execu\u00e7\u00e3o de projetos que promovem a ado\u00e7\u00e3o de bons h\u00e1bitos de alimenta\u00e7\u00e3o, higiene e sa\u00fade.<\/p>\n<p>O prefeito Junior da Femac parabenizou \u00e0s diretoras, coordenadoras e professoras das escolas premiadas. \u201cEu sinto muito orgulho de dizer que Apucarana possui, atualmente, a melhor educa\u00e7\u00e3o b\u00e1sica do Paran\u00e1, o que pode ser comprovado pelas notas que os nossos alunos t\u00eam apresentado em provas de profici\u00eancia, peas medalhas conquistadas em concursos e olimp\u00edadas de conhecimento e tamb\u00e9m por certifica\u00e7\u00f5es como SESI-ODS e PEA-Unesco. Isso s\u00f3 \u00e9 poss\u00edvel porque n\u00f3s temos uma equipe de profissionais competentes e empenhados na rede municipal de ensino,\u201d disse.<\/p>\n<div class = 'socialMediaOnEveryPost'>Compartilhe<div id=\"sgmbShare1-1\" class=\"sgmbShare jssocials-theme-classic sgmbWidget1-1\"><\/div><div class=\"dropdownWrapper dropdownWrapper1 dropdownWrapper-for-widget \" id=\"dropdownWrapper-for-widget\">\r\n\t\t\t\t\t\t<div class=\"dropdownLabel\" id=\"dropdownLabel-share-list\"><span class=\"sgmbButtonListLabel1\">Share List<\/span><\/div>\r\n\t\t\t\t\t\t<div class=\"dropdownPanel dropdownPanel1-1\">\r\n\t\t\t\t\t\t<\/div>\r\n\t\t\t\t\t<\/div><script>  SGMB_URL = \"http:\/\/www.apucarana.pr.gov.br\/ame\/wp-content\/plugins\/social-media-builder\/\"; jQuery(\".dropdownWrapper\").hide(); SGMB_GOOGLE_ACOUNT = \"\"; <\/script><script type=\"text\/javascript\">\r\n\t\tjQuery(document).ready(function($){var widget = new SGMBWidget();widget.show({\"id\":\"1\",\"title\":\"Face\\\/Twitter\",\"options\":{\"currentUrl\":\"1\",\"url\":\"\",\"shareText\":\"\",\"fontSize\":\"14\",\"betweenButtons\":\"1px\",\"theme\":\"classic\",\"sgmbButtonsPosition\":\"bottomLeft\",\"socialTheme\":\"\",\"icon\":\"default\",\"buttonsPanelEffect\":\"No Effect\",\"buttonsEffect\":\"No Effect\",\"iconsEffect\":\"No Effect\",\"buttons\":\"{\\\"facebook\\\":{\\\"label\\\":\\\"Share\\\",\\\"icon\\\":\\\"default-facebook\\\"},\\\"twitter\\\":{\\\"label\\\":\\\"Tweet\\\",\\\"icon\\\":\\\"default-twitter\\\",\\\"via\\\":\\\"\\\",\\\"hashtags\\\":\\\"\\\"}}\",\"roundButton\":\"\",\"showLabels\":\"\",\"showCounts\":\"\",\"showCenter\":\"\",\"showButtonsAsList\":\"\",\"sgmbDropdownColor\":\"\",\"sgmbDropdownLabelFontSize\":\"14\",\"sgmbDropdownLabelColor\":\"\",\"showButtonsOnEveryPost\":\"on\",\"selectedOrExcluded\":\"\",\"showButtonsOnEveryPage\":\"\",\"textOnEveryPost\":\"Compartilhe\",\"showButtonsOnCustomPost\":\"\",\"textOnCustomPost\":\"\",\"showButtonsOnMobileDirect\":\"on\",\"showButtonsOnDesktopDirect\":\"on\",\"sgmbSelectedPages\":[\"\"],\"sgmbExcludedPosts\":[\"\"],\"sgmbSelectedCustomPosts\":[],\"showButtonsInPopup\":\"\",\"titleOfPopup\":\"\",\"descriptionOfPopup\":\"\",\"showPopupOnLoad\":\"\",\"showPopupOnScroll\":\"\",\"showPopupOnExit\":\"\",\"openSecondsOfPopup\":\"\",\"googleAnaliticsAccount\":\"\"},\"buttonOptions\":{\"facebook\":{\"label\":\"Share\",\"icon\":\"default-facebook\"},\"twitter\":{\"label\":\"Tweet\",\"icon\":\"default-twitter\",\"via\":\"\",\"hashtags\":\"\"}},\"button\":[\"facebook\",\"twitter\"]}, 1, '', 'http:\/\/www.apucarana.pr.gov.br\/ame\/wp-content\/uploads\/2019\/09\/Unesco-1.jpg', '', 'http:\/\/www.apucarana.pr.gov.br\/ame\/escolas-municipais-recebem-selo-de-qualificacao-da-unesco\/'); });<\/script><\/div><script> jQuery(\".socialMediaOnEveryPost\").addClass(\"sgmb-left\") <\/script>","protected":false},"excerpt":{"rendered":"<p>O certificado \u00e9 conferido a institui\u00e7\u00f5es que desenvolvem projetos em conson\u00e2ncia com os pilares de constru\u00e7\u00e3o da paz e de um planeta sustent\u00e1vel<\/p>\n","protected":false},"author":10,"featured_media":8538,"comment_status":"closed","ping_status":"open","sticky":false,"template":"","format":"standard","meta":[],"categories":[9],"tags":[],"_links":{"self":[{"href":"http:\/\/www.apucarana.pr.gov.br\/ame\/wp-json\/wp\/v2\/posts\/8537"}],"collection":[{"href":"http:\/\/www.apucarana.pr.gov.br\/ame\/wp-json\/wp\/v2\/posts"}],"about":[{"href":"http:\/\/www.apucarana.pr.gov.br\/ame\/wp-json\/wp\/v2\/types\/post"}],"author":[{"embeddable":true,"href":"http:\/\/www.apucarana.pr.gov.br\/ame\/wp-json\/wp\/v2\/users\/10"}],"replies":[{"embeddable":true,"href":"http:\/\/www.apucarana.pr.gov.br\/ame\/wp-json\/wp\/v2\/comments?post=8537"}],"version-history":[{"count":1,"href":"http:\/\/www.apucarana.pr.gov.br\/ame\/wp-json\/wp\/v2\/posts\/8537\/revisions"}],"predecessor-version":[{"id":8542,"href":"http:\/\/www.apucarana.pr.gov.br\/ame\/wp-json\/wp\/v2\/posts\/8537\/revisions\/8542"}],"wp:featuredmedia":[{"embeddable":true,"href":"http:\/\/www.apucarana.pr.gov.br\/ame\/wp-json\/wp\/v2\/media\/8538"}],"wp:attachment":[{"href":"http:\/\/www.apucarana.pr.gov.br\/ame\/wp-json\/wp\/v2\/media?parent=8537"}],"wp:term":[{"taxonomy":"category","embeddable":true,"href":"http:\/\/www.apucarana.pr.gov.br\/ame\/wp-json\/wp\/v2\/categories?post=8537"},{"taxonomy":"post_tag","embeddable":true,"href":"http:\/\/www.apucarana.pr.gov.br\/ame\/wp-json\/wp\/v2\/tags?post=8537"}],"curies":[{"name":"wp","href":"https:\/\/api.w.org\/{rel}","templated":true}]}}