{"id":8518,"date":"2019-09-02T13:51:33","date_gmt":"2019-09-02T16:51:33","guid":{"rendered":"http:\/\/www.apucarana.pr.gov.br\/ame\/?p=8518"},"modified":"2024-10-08T09:10:04","modified_gmt":"2024-10-08T12:10:04","slug":"professores-da-rede-municipal-participam-de-curso-basico-de-libras","status":"publish","type":"post","link":"http:\/\/www.apucarana.pr.gov.br\/ame\/professores-da-rede-municipal-participam-de-curso-basico-de-libras\/","title":{"rendered":"Professores da rede municipal participam de curso b\u00e1sico de Libras"},"content":{"rendered":"<p>Trinta professores da rede municipal de ensino est\u00e3o participando de um curso b\u00e1sico de Libras \u2013 a L\u00edngua Brasileira de Sinais. Promovida em parceria pela a Autarquia Municipal de Educa\u00e7\u00e3o (AME), o Centro de Apoio Multiprofissional ao Escolar (CAME), o Polo da Universidade Aberta do Brasil (Polo UAB) e a Universidade Estadual do Oeste do Paran\u00e1 (Unioeste), a capacita\u00e7\u00e3o visa garantir a acessibilidade e a inclus\u00e3o dos surdos aos centros infantis e escolas.<\/p>\n<p>A primeira aula foi realizada na noite de quinta-feira (29). O curso ter\u00e1 dura\u00e7\u00e3o de 40 horas, sendo 30 presenciais e 10 \u00e0 dist\u00e2ncia. \u201cAo todo, ser\u00e3o dez encontros em que os participantes v\u00e3o aprender sobre os fundamentos e legisla\u00e7\u00f5es, o alfabeto manual, a datilologia, a express\u00e3o corporal e facial, a gram\u00e1tica da Libras, entre outros assuntos,\u201d detalha a coordenadora do Polo UAB, Sueli Gomes Reis.<\/p>\n<p>A forma\u00e7\u00e3o \u00e9 ministrada pelo professor surdo Anderson da Silva Costa e a tradutora e int\u00e9rprete Neide Aparecida da Silva Sigora. A metodologia envolve aulas expositivas e dialogadas, teatros, jogos e atividades l\u00fadicas.<\/p>\n<p>Em Apucarana, onze alunos surdos s\u00e3o atendidos na rede municipal de ensino. \u201cA AME disponibiliza int\u00e9rpretes de Libras para auxili\u00e1-los em sala de aula e eles tamb\u00e9m frequentam as Salas de Recursos Multifuncionais Surdez,\u201d afirma a coordenadora do CAME, L\u00e9ia Sofia Viale.<\/p>\n<p>\u201cGarantir que todos os alunos recebam uma educa\u00e7\u00e3o de qualidade \u00e9 o grande objetivo da gest\u00e3o que come\u00e7ou com o Beto Preto segue agora o prefeito Junior da Femac. Por isso, n\u00f3s buscamos investir constantemente na capacita\u00e7\u00e3o dos professores,\u201d disse a secret\u00e1ria municipal de educa\u00e7\u00e3o, Marli Fernandes.<\/p>\n<p>Al\u00e9m dos professores da rede municipal, participam tamb\u00e9m do curso quinze acad\u00eamicos da Licenciatura em Letras-Libras, da Universidade Estadual do Oeste do Paran\u00e1 (Unioeste), matriculados no polo apucaranense da UAB.<\/p>\n<div class = 'socialMediaOnEveryPost'>Compartilhe<div id=\"sgmbShare1-1\" class=\"sgmbShare jssocials-theme-classic sgmbWidget1-1\"><\/div><div class=\"dropdownWrapper dropdownWrapper1 dropdownWrapper-for-widget \" id=\"dropdownWrapper-for-widget\">\r\n\t\t\t\t\t\t<div class=\"dropdownLabel\" id=\"dropdownLabel-share-list\"><span class=\"sgmbButtonListLabel1\">Share List<\/span><\/div>\r\n\t\t\t\t\t\t<div class=\"dropdownPanel dropdownPanel1-1\">\r\n\t\t\t\t\t\t<\/div>\r\n\t\t\t\t\t<\/div><script>  SGMB_URL = \"http:\/\/www.apucarana.pr.gov.br\/ame\/wp-content\/plugins\/social-media-builder\/\"; jQuery(\".dropdownWrapper\").hide(); SGMB_GOOGLE_ACOUNT = \"\"; <\/script><script type=\"text\/javascript\">\r\n\t\tjQuery(document).ready(function($){var widget = new SGMBWidget();widget.show({\"id\":\"1\",\"title\":\"Face\\\/Twitter\",\"options\":{\"currentUrl\":\"1\",\"url\":\"\",\"shareText\":\"\",\"fontSize\":\"14\",\"betweenButtons\":\"1px\",\"theme\":\"classic\",\"sgmbButtonsPosition\":\"bottomLeft\",\"socialTheme\":\"\",\"icon\":\"default\",\"buttonsPanelEffect\":\"No Effect\",\"buttonsEffect\":\"No Effect\",\"iconsEffect\":\"No Effect\",\"buttons\":\"{\\\"facebook\\\":{\\\"label\\\":\\\"Share\\\",\\\"icon\\\":\\\"default-facebook\\\"},\\\"twitter\\\":{\\\"label\\\":\\\"Tweet\\\",\\\"icon\\\":\\\"default-twitter\\\",\\\"via\\\":\\\"\\\",\\\"hashtags\\\":\\\"\\\"}}\",\"roundButton\":\"\",\"showLabels\":\"\",\"showCounts\":\"\",\"showCenter\":\"\",\"showButtonsAsList\":\"\",\"sgmbDropdownColor\":\"\",\"sgmbDropdownLabelFontSize\":\"14\",\"sgmbDropdownLabelColor\":\"\",\"showButtonsOnEveryPost\":\"on\",\"selectedOrExcluded\":\"\",\"showButtonsOnEveryPage\":\"\",\"textOnEveryPost\":\"Compartilhe\",\"showButtonsOnCustomPost\":\"\",\"textOnCustomPost\":\"\",\"showButtonsOnMobileDirect\":\"on\",\"showButtonsOnDesktopDirect\":\"on\",\"sgmbSelectedPages\":[\"\"],\"sgmbExcludedPosts\":[\"\"],\"sgmbSelectedCustomPosts\":[],\"showButtonsInPopup\":\"\",\"titleOfPopup\":\"\",\"descriptionOfPopup\":\"\",\"showPopupOnLoad\":\"\",\"showPopupOnScroll\":\"\",\"showPopupOnExit\":\"\",\"openSecondsOfPopup\":\"\",\"googleAnaliticsAccount\":\"\"},\"buttonOptions\":{\"facebook\":{\"label\":\"Share\",\"icon\":\"default-facebook\"},\"twitter\":{\"label\":\"Tweet\",\"icon\":\"default-twitter\",\"via\":\"\",\"hashtags\":\"\"}},\"button\":[\"facebook\",\"twitter\"]}, 1, '', 'http:\/\/www.apucarana.pr.gov.br\/ame\/wp-content\/uploads\/2019\/09\/201aa5ef-41a0-4fc2-9bce-f41326ce3186.jpg', '', 'http:\/\/www.apucarana.pr.gov.br\/ame\/professores-da-rede-municipal-participam-de-curso-basico-de-libras\/'); });<\/script><\/div><script> jQuery(\".socialMediaOnEveryPost\").addClass(\"sgmb-left\") <\/script>","protected":false},"excerpt":{"rendered":"<p>A capacita\u00e7\u00e3o visa garantir a acessibilidade e a inclus\u00e3o dos alunos surdos aos centros infantis e escolas apucaranenses<\/p>\n","protected":false},"author":10,"featured_media":8519,"comment_status":"closed","ping_status":"open","sticky":false,"template":"","format":"standard","meta":[],"categories":[9],"tags":[],"_links":{"self":[{"href":"http:\/\/www.apucarana.pr.gov.br\/ame\/wp-json\/wp\/v2\/posts\/8518"}],"collection":[{"href":"http:\/\/www.apucarana.pr.gov.br\/ame\/wp-json\/wp\/v2\/posts"}],"about":[{"href":"http:\/\/www.apucarana.pr.gov.br\/ame\/wp-json\/wp\/v2\/types\/post"}],"author":[{"embeddable":true,"href":"http:\/\/www.apucarana.pr.gov.br\/ame\/wp-json\/wp\/v2\/users\/10"}],"replies":[{"embeddable":true,"href":"http:\/\/www.apucarana.pr.gov.br\/ame\/wp-json\/wp\/v2\/comments?post=8518"}],"version-history":[{"count":1,"href":"http:\/\/www.apucarana.pr.gov.br\/ame\/wp-json\/wp\/v2\/posts\/8518\/revisions"}],"predecessor-version":[{"id":8523,"href":"http:\/\/www.apucarana.pr.gov.br\/ame\/wp-json\/wp\/v2\/posts\/8518\/revisions\/8523"}],"wp:featuredmedia":[{"embeddable":true,"href":"http:\/\/www.apucarana.pr.gov.br\/ame\/wp-json\/wp\/v2\/media\/8519"}],"wp:attachment":[{"href":"http:\/\/www.apucarana.pr.gov.br\/ame\/wp-json\/wp\/v2\/media?parent=8518"}],"wp:term":[{"taxonomy":"category","embeddable":true,"href":"http:\/\/www.apucarana.pr.gov.br\/ame\/wp-json\/wp\/v2\/categories?post=8518"},{"taxonomy":"post_tag","embeddable":true,"href":"http:\/\/www.apucarana.pr.gov.br\/ame\/wp-json\/wp\/v2\/tags?post=8518"}],"curies":[{"name":"wp","href":"https:\/\/api.w.org\/{rel}","templated":true}]}}