{"id":8499,"date":"2019-08-26T15:39:50","date_gmt":"2019-08-26T18:39:50","guid":{"rendered":"http:\/\/www.apucarana.pr.gov.br\/ame\/?p=8499"},"modified":"2024-10-08T09:10:04","modified_gmt":"2024-10-08T12:10:04","slug":"festival-de-atletismo-agita-900-criancas-da-rede-municipal-de-ensino","status":"publish","type":"post","link":"http:\/\/www.apucarana.pr.gov.br\/ame\/festival-de-atletismo-agita-900-criancas-da-rede-municipal-de-ensino\/","title":{"rendered":"Festival de Atletismo agita 900 crian\u00e7as da rede municipal de ensino"},"content":{"rendered":"<p>O Complexo Esportivo Jos\u00e9 Ant\u00f4nio Basso (Lago\u00e3o) se tornou um espa\u00e7o de alegria, lazer e muitas atividades desportivas no \u00faltimo s\u00e1bado (24). A Prefeitura de Apucarana, por meio da Autarquia de Educa\u00e7\u00e3o e da Secretaria de Esportes, realizou o 4\u00ba Festival de Atletismo e agitou cerca de 900 alunos das escolas municipais.<\/p>\n<p>Os atletas, com idades entre 8 e 11 anos, participaram de competi\u00e7\u00f5es de salto em dist\u00e2ncia, arremesso de peso, lan\u00e7amento de dardos e corrida (60, 70, 80, 250, 300 e 400 metros rasos). Todas as provas foram realizadas nos naipes masculino e feminino.<\/p>\n<p>De acordo com a secret\u00e1ria de esportes, Jossuela Pinheiro, o festival foi criado com o objetivo de fomentar o gosto pelo atletismo desde a inf\u00e2ncia. \u00a0\u201cPor meio dos treinos e competi\u00e7\u00f5es, as crian\u00e7as t\u00eam a oportunidade de conhecer as diversas modalidades deste esporte-base, al\u00e9m de desenvolver a capacidade f\u00edsica e a socializa\u00e7\u00e3o,\u201d afirmou.<\/p>\n<p>\u201cA pr\u00e1tica esportiva tamb\u00e9m contribui para que os alunos desenvolvam outras habilidades essenciais, como o cumprimento das regras, a disciplina, a persist\u00eancia, a toler\u00e2ncia, o trabalho em equipe e o respeito ao pr\u00f3ximo,\u201d acrescentou a diretora-presidente da Autarquia de Educa\u00e7\u00e3o, Marli Fernandes.<\/p>\n<p>Classifica\u00e7\u00e3o por categoria:<\/p>\n<p>&nbsp;<\/p>\n<p><strong><u>CATEGORIA SUB\u00a09<\/u><\/strong><strong><u>\u00a0\u2013 Nascidos no ano de 2010<\/u><\/strong><\/p>\n<p><strong>60 Metros Rasos \u2013 Feminino<br \/>\n<\/strong>1\u00ba) Maysa Gabriela Silva \u2013 Escola Municipal Augusto Weyand;<br \/>\n2\u00ba) Pietra Garciane da Silva \u2013 Escola Municipal Vida Nova;<br \/>\n3\u00ba) Maria Eduarda Silva \u2013 Escola Municipal Fernando Jos\u00e9 Acosta.<\/p>\n<p><strong>250 Metros Rasos \u2013 Feminino<br \/>\n<\/strong>1\u00ba) Maysa Gabriela Silva \u2013 Escola Municipal Augusto Weyand;<br \/>\n2\u00ba) Isabela Santos de Campos \u2013 Escola Municipal Professora Marta Pereira da Silva;<br \/>\n3\u00ba) Pietra Garciane da Silva \u2013 Escola Municipal Vida Nova;<\/p>\n<p><strong>Salto em Dist\u00e2ncia \u2013 Feminino<br \/>\n<\/strong>1\u00ba) Geovana Eduarda L. do Nascimento \u2013 Escola Municipal Professor Alcides Ramos;<br \/>\n2\u00ba) Bruna Rafaela Sanches de Oliveira \u2013 Escola Municipal Augusto Weyand;<br \/>\n3\u00ba) Lara Beatriz G. Gabriel \u2013 Escola Municipal Papa Jo\u00e3o XXIII.<\/p>\n<p><strong>Arremesso de Peso \u2013 Feminino<br \/>\n<\/strong>1\u00ba) Marya Rafaela P. Lisemberg \u2013 Escola Municipal Jo\u00e3o Batista;<br \/>\n2\u00ba) Helo\u00e1 Totti de Siqueira \u2013 Escola Municipal Karel Kober;<br \/>\n3\u00ba) Beatriz Rodrigues Franco \u2013 Escola Municipal Augusto Weyand.<\/p>\n<p>&nbsp;<\/p>\n<p><strong><u>CATEGORIA SUB 9 \u2013 Nascidos no ano de 2010<\/u><\/strong><\/p>\n<p><strong>\u00a0<\/strong><strong>60 Metros Rasos \u2013 Masculino<br \/>\n<\/strong>1\u00ba) Luiz Fernando Silva \u2013 Escola Municipal Dr. Osvaldo dos Santos Lima;<br \/>\n2\u00ba) Samuel Teixeira Freitas \u2013 Escola Municipal Jos\u00e9 Brazil Camargo;<br \/>\n3\u00ba) Guilherme Fermino \u2013 Escola Municipal Dr. Edson Giacomini.<\/p>\n<p><strong>250 Metros Rasos \u2013 Masculino<br \/>\n<\/strong>1\u00ba) Braian Teixeira Matias \u2013 Escola Municipal Durval Pinto;<br \/>\n2\u00ba) Thiago Henrique Paiva \u2013 Escola Municipal Senador Marcos de Barros Freire;<br \/>\n3\u00ba) Miguel Santana Silva Pereira \u2013 Escola Municipal Professor Alcides Ramos.<\/p>\n<p><strong>Salto em Dist\u00e2ncia \u2013 Masculino<br \/>\n<\/strong>1\u00ba) Felipe Hurini Soares \u2013 Escola Municipal Albino Biacchi;<br \/>\n2\u00ba) Peterson Bryan Prado Oliveira \u2013 Escola Municipal Professor Bento Fernandes;<br \/>\n3\u00ba) Pedro Yago \u2013 Escola Municipal Albino Biacchi.<\/p>\n<p><strong>Arremesso de Peso \u2013 Masculino<br \/>\n<\/strong>1\u00ba) Gabriel Pereira Silva \u2013 Escola Municipal Vereador Jos\u00e9 Ramos de Oliveira;<br \/>\n2\u00ba) Davi Pitarelo \u2013 Escola Municipal Professor Durval Pinto;<br \/>\n3\u00ba) Juan Felipe Henn de Oliveira \u2013 Escola Municipal Professor Durval Pinto.<\/p>\n<p>&nbsp;<\/p>\n<p><strong><u>CATEGORIA SUB 10 \u2013 Nascidos no ano de 2009<\/u><\/strong><\/p>\n<p><strong>70 Metros Rasos \u2013 Feminino<br \/>\n<\/strong>1\u00ba) Gabriela Pereira da Silva \u2013 Escola Municipal Karel Kober;<br \/>\n2\u00ba) Natali Caroline Bacon da Silva \u2013 Escola Municipal Dr. Joaquim Vicente de Castro;<br \/>\n3\u00ba) Beatriz Josias Faneli \u2013 Escola Municipal Monsenhor Arnaldo Beltrami.<\/p>\n<p><strong>300 Metros Rasos \u2013 Feminino<br \/>\n<\/strong>1\u00ba) Gabriela Pereira Silva \u2013 Escola Municipal Karel Kober;<br \/>\n2\u00ba) Andrelize Vitoria P. da Cruz \u2013 Escola Municipal Professor Durval Pinto;<br \/>\n3\u00ba) Emily Karolayne Anacleto \u2013 Escola Municipal Karel Kober.<\/p>\n<p><strong>Salto em Dist\u00e2ncia \u2013 Feminino<br \/>\n<\/strong>1\u00ba) Ana Paula de Oliveira \u2013 Escola Municipal Luiz Carlos Prestes;<br \/>\n2\u00ba) Kaynara Vit\u00f3ria Sim\u00f5es \u2013 Escola Municipal Professor Bento Fernandes Dias;<br \/>\n3\u00ba) Tha\u00eds Gabriela da Silva \u2013 Escola Municipal Humberto de Alencar Castelo Branco<\/p>\n<p><strong>Arremesso de Peso \u2013 Feminino<br \/>\n<\/strong>1\u00ba) Kamily Vit\u00f3ria Mendes Gon\u00e7alves \u2013 Escola Municipal Vida Nova;<br \/>\n2\u00ba) Andrielly Vit\u00f3ria Santos \u2013 Escola Municipal Professora Marilda Duarte Noli;<br \/>\n3\u00ba) Maria Victoria \u2013 Escola Municipal Professor Durval Pinto;<\/p>\n<p>&nbsp;<\/p>\n<p><strong><u>CATEGORIA SUB 10 \u2013 Nascidos no ano de 2009<\/u><\/strong><\/p>\n<p><strong>70 Metros Rasos \u2013 Masculino<br \/>\n<\/strong>1\u00ba) Vinicius Santana Mendes \u2013 Escola Municipal Dr. Edson Giacomini;<br \/>\n2\u00ba) Rian dos Santos Matheus \u2013 Escola Municipal Jos\u00e9 Id\u00e9sio Brianezi;<br \/>\n3\u00ba) Gustavo Henrique Bueno \u2013 Escola Municipal Papa Jo\u00e3o XXIII.<\/p>\n<p><strong>300 Metros Rasos \u2013 Masculino<br \/>\n<\/strong>1\u00ba) Kawan dos Santos R. Nunes \u2013 Escola Municipal Professor Alcides Ramos;<br \/>\n2\u00ba) Vitor Santos Chaves \u2013 Escola Municipal Jos\u00e9 Id\u00e9sio Brianezi;<br \/>\n3\u00ba) Victor Gabriel T. Val\u00e9rio \u2013 Escola Municipal Jo\u00e3o Batista.<\/p>\n<p><strong>Salto em Dist\u00e2ncia \u2013 Masculino<br \/>\n<\/strong>1\u00ba) Victor Enzo Marcondes Carneiro \u2013 Escola Municipal Vida Nova;<br \/>\n2\u00ba) Vitor Hugo Sena \u2013 Escola Municipal Dr. Joaquim Vicente de Castro;<br \/>\n3\u00ba) Kawan dos Santos R. Nunes \u2013 Escola Municipal Professor Alcides Ramos;<\/p>\n<p><strong>Arremesso de Peso \u2013 Masculino<br \/>\n<\/strong>1\u00ba) Jo\u00e3o Gabriel Souza Santos \u2013 Escola Municipal Monsenhor Arnaldo Beltrami;<br \/>\n2\u00ba) Uriel Correa Dutra Neto \u2013 Escola Municipal Pl\u00e1cido de Castro;<br \/>\n3\u00ba) Pedro de Melo Nicleviz Oliveira \u2013 Escola Municipal Professor Alcides Ramos.<\/p>\n<p>&nbsp;<\/p>\n<p><strong><u>CATEGORIA SUB 11 \u2013 Nascidos no ano de 2008<\/u><\/strong><\/p>\n<p><strong>\u00a0<\/strong><strong>80 Metros Rasos \u2013 Feminino<\/strong><br \/>\n1\u00ba) Maria Eduarda V. Silva \u2013 Col\u00e9gio Mater Dei;<br \/>\n2\u00ba) Raysa da Silva \u2013 Escola Municipal Jo\u00e3o Batista;<br \/>\n3\u00ba) Nicoli Nascimento Silva \u2013 Escola Municipal Dr. Joaquim Vicente de Castro.<\/p>\n<p><strong>400 Metros Rasos \u2013 Feminino<br \/>\n<\/strong>1\u00ba) Madelaine Gomes \u2013 Escola Municipal Jos\u00e9 Id\u00e9sio Brianezi;<br \/>\n2\u00ba) Ana Clara Diniz \u2013 Escola Municipal Jos\u00e9 Brasil Camargo;<br \/>\n3\u00ba) Emanuella Helo\u00edsa Pereira \u2013 Escola Municipal Professora Marta Pereira da Silva.<\/p>\n<p><strong>Salto em Dist\u00e2ncia \u2013 Feminino<br \/>\n<\/strong>1\u00ba) Maria Eduarda V. Silva \u2013 Col\u00e9gio Mater Dei;<br \/>\n2\u00ba) Ketellin Soares da Fonseca \u2013 Escola Municipal Humberto de Alencar Castelo Branco;<br \/>\n3\u00ba) Alana Eduarda Ferreira Cardoso \u2013 Escola Municipal Papa Jo\u00e3o XXIII.<\/p>\n<p><strong>Arremesso de Peso \u2013 Feminino<br \/>\n<\/strong>1\u00ba) Emily Caroliny Correia \u2013 Escola Municipal Antonieta da Silva Lautenschlager;<br \/>\n2\u00ba) Vivian Celestino Santos Fernandes \u2013 Escola Municipal Professora Maria Madalena C\u00f4co;<br \/>\n3\u00ba) Maria Clara Maricato da Silva \u2013 Escola Municipal Jos\u00e9 Brazil Camargo.<\/p>\n<p><strong>Lan\u00e7amento de Dardo \u2013 Feminino<br \/>\n<\/strong>1\u00ba) Emanueli Ventura Bergamaschi \u2013 Escola Municipal Augusto Weyand;<br \/>\n2\u00ba) Loraine Bistola dos Santos \u2013 Escola Municipal Vida Nova;<br \/>\n3\u00ba) Maria Vit\u00f3ria Silva Matias \u2013 Escola Municipal Vereador Jos\u00e9 Ramos de Oliveira.<\/p>\n<p>&nbsp;<\/p>\n<p><strong><u>CATEGORIA SUB 11 \u2013 Nascidos no ano de 2008<\/u><\/strong><\/p>\n<p><strong>80 Metros Rasos \u2013 Masculino<br \/>\n<\/strong>1\u00ba) Thiago Rafael Cavalcanti \u2013 Escola Municipal Humberto de Alencar Castelo Branco;<br \/>\n2\u00ba) Felipe Alves Massaro \u2013 Escola Municipal Professor Durval Pinto;<br \/>\n3\u00ba) Ruan Palelo Fortunato \u2013 Escola Municipal Senador Marcos de Barros Freire.<\/p>\n<p><strong>400 Metros Rasos \u2013 Masculino<br \/>\n<\/strong>1\u00ba) Pedro Henrich Machado Oliveira \u2013 Escola Municipal Augusto Weyand;<br \/>\n2\u00ba) Felipe Alves Massaro \u2013 Escola Municipal Professor Durval Pinto;<br \/>\n3\u00ba) Leandro A. de Morais Batista \u2013 Escola Municipal Presidente M\u00e9dici.<\/p>\n<p><strong>Salto em Dist\u00e2ncia \u2013 Masculino<br \/>\n<\/strong>1\u00ba) Kauan Guilherme de Carvalho \u2013 Escola Municipal Humberto de Alencar Castelo Branco;<br \/>\n2\u00ba) Guilherme Ol\u00edmpio de Oliveira \u2013 Projeto Kids de Atletismo;<br \/>\n3\u00ba) Richard Aur\u00e9lio Gomes \u2013 Escola Municipal Ant\u00f4nio Braga C\u00f4rtes.<\/p>\n<p><strong>Arremesso de Peso \u2013 Masculino<br \/>\n<\/strong>1\u00ba) Jo\u00e3o Vitor Cereja \u2013 Escola Municipal Antonieta da Silva Lautenschlager;<br \/>\n2\u00ba) Bruno Henrique Oliveira \u2013 Escola Municipal Ant\u00f4nio Braga C\u00f4rtes;<br \/>\n3\u00ba) Francisco Eduardo Machado \u2013 Escola Municipal Professor Durval Pinto.<\/p>\n<p><strong>Lan\u00e7amento de Dardo \u2013 Masculino<br \/>\n<\/strong>1\u00ba) Pedro Henrich Machado Oliveira \u2013 Escola Municipal Augusto Weyand;<br \/>\n2\u00ba) Pablo Gustavo P. Oliveira \u2013 Escola Municipal Vida Nova;<br \/>\n3\u00ba) Thierry Gabriel de Oliveira de Carvalho \u2013 Escola Municipal Antonieta da Silva Lautenschlager.<\/p>\n<div class = 'socialMediaOnEveryPost'>Compartilhe<div id=\"sgmbShare1-1\" class=\"sgmbShare jssocials-theme-classic sgmbWidget1-1\"><\/div><div class=\"dropdownWrapper dropdownWrapper1 dropdownWrapper-for-widget \" id=\"dropdownWrapper-for-widget\">\r\n\t\t\t\t\t\t<div class=\"dropdownLabel\" id=\"dropdownLabel-share-list\"><span class=\"sgmbButtonListLabel1\">Share List<\/span><\/div>\r\n\t\t\t\t\t\t<div class=\"dropdownPanel dropdownPanel1-1\">\r\n\t\t\t\t\t\t<\/div>\r\n\t\t\t\t\t<\/div><script>  SGMB_URL = \"http:\/\/www.apucarana.pr.gov.br\/ame\/wp-content\/plugins\/social-media-builder\/\"; jQuery(\".dropdownWrapper\").hide(); SGMB_GOOGLE_ACOUNT = \"\"; <\/script><script type=\"text\/javascript\">\r\n\t\tjQuery(document).ready(function($){var widget = new SGMBWidget();widget.show({\"id\":\"1\",\"title\":\"Face\\\/Twitter\",\"options\":{\"currentUrl\":\"1\",\"url\":\"\",\"shareText\":\"\",\"fontSize\":\"14\",\"betweenButtons\":\"1px\",\"theme\":\"classic\",\"sgmbButtonsPosition\":\"bottomLeft\",\"socialTheme\":\"\",\"icon\":\"default\",\"buttonsPanelEffect\":\"No Effect\",\"buttonsEffect\":\"No Effect\",\"iconsEffect\":\"No Effect\",\"buttons\":\"{\\\"facebook\\\":{\\\"label\\\":\\\"Share\\\",\\\"icon\\\":\\\"default-facebook\\\"},\\\"twitter\\\":{\\\"label\\\":\\\"Tweet\\\",\\\"icon\\\":\\\"default-twitter\\\",\\\"via\\\":\\\"\\\",\\\"hashtags\\\":\\\"\\\"}}\",\"roundButton\":\"\",\"showLabels\":\"\",\"showCounts\":\"\",\"showCenter\":\"\",\"showButtonsAsList\":\"\",\"sgmbDropdownColor\":\"\",\"sgmbDropdownLabelFontSize\":\"14\",\"sgmbDropdownLabelColor\":\"\",\"showButtonsOnEveryPost\":\"on\",\"selectedOrExcluded\":\"\",\"showButtonsOnEveryPage\":\"\",\"textOnEveryPost\":\"Compartilhe\",\"showButtonsOnCustomPost\":\"\",\"textOnCustomPost\":\"\",\"showButtonsOnMobileDirect\":\"on\",\"showButtonsOnDesktopDirect\":\"on\",\"sgmbSelectedPages\":[\"\"],\"sgmbExcludedPosts\":[\"\"],\"sgmbSelectedCustomPosts\":[],\"showButtonsInPopup\":\"\",\"titleOfPopup\":\"\",\"descriptionOfPopup\":\"\",\"showPopupOnLoad\":\"\",\"showPopupOnScroll\":\"\",\"showPopupOnExit\":\"\",\"openSecondsOfPopup\":\"\",\"googleAnaliticsAccount\":\"\"},\"buttonOptions\":{\"facebook\":{\"label\":\"Share\",\"icon\":\"default-facebook\"},\"twitter\":{\"label\":\"Tweet\",\"icon\":\"default-twitter\",\"via\":\"\",\"hashtags\":\"\"}},\"button\":[\"facebook\",\"twitter\"]}, 1, '', 'http:\/\/www.apucarana.pr.gov.br\/ame\/wp-content\/uploads\/2019\/08\/ATLETISMOPROFETA-8.jpg', '', 'http:\/\/www.apucarana.pr.gov.br\/ame\/festival-de-atletismo-agita-900-criancas-da-rede-municipal-de-ensino\/'); });<\/script><\/div><script> jQuery(\".socialMediaOnEveryPost\").addClass(\"sgmb-left\") <\/script>","protected":false},"excerpt":{"rendered":"<p>As competi\u00e7\u00f5es de corrida, salto em dist\u00e2ncia, arremesso de peso e lan\u00e7amento de dardos foram realizadas no \u00faltimo s\u00e1bado (24) na pista do Complexo Esportivo Jos\u00e9 Ant\u00f4nio Basso (Fotos: Profeta)<\/p>\n","protected":false},"author":10,"featured_media":8505,"comment_status":"closed","ping_status":"open","sticky":false,"template":"","format":"standard","meta":[],"categories":[9],"tags":[],"_links":{"self":[{"href":"http:\/\/www.apucarana.pr.gov.br\/ame\/wp-json\/wp\/v2\/posts\/8499"}],"collection":[{"href":"http:\/\/www.apucarana.pr.gov.br\/ame\/wp-json\/wp\/v2\/posts"}],"about":[{"href":"http:\/\/www.apucarana.pr.gov.br\/ame\/wp-json\/wp\/v2\/types\/post"}],"author":[{"embeddable":true,"href":"http:\/\/www.apucarana.pr.gov.br\/ame\/wp-json\/wp\/v2\/users\/10"}],"replies":[{"embeddable":true,"href":"http:\/\/www.apucarana.pr.gov.br\/ame\/wp-json\/wp\/v2\/comments?post=8499"}],"version-history":[{"count":1,"href":"http:\/\/www.apucarana.pr.gov.br\/ame\/wp-json\/wp\/v2\/posts\/8499\/revisions"}],"predecessor-version":[{"id":8507,"href":"http:\/\/www.apucarana.pr.gov.br\/ame\/wp-json\/wp\/v2\/posts\/8499\/revisions\/8507"}],"wp:featuredmedia":[{"embeddable":true,"href":"http:\/\/www.apucarana.pr.gov.br\/ame\/wp-json\/wp\/v2\/media\/8505"}],"wp:attachment":[{"href":"http:\/\/www.apucarana.pr.gov.br\/ame\/wp-json\/wp\/v2\/media?parent=8499"}],"wp:term":[{"taxonomy":"category","embeddable":true,"href":"http:\/\/www.apucarana.pr.gov.br\/ame\/wp-json\/wp\/v2\/categories?post=8499"},{"taxonomy":"post_tag","embeddable":true,"href":"http:\/\/www.apucarana.pr.gov.br\/ame\/wp-json\/wp\/v2\/tags?post=8499"}],"curies":[{"name":"wp","href":"https:\/\/api.w.org\/{rel}","templated":true}]}}