{"id":8488,"date":"2019-08-23T10:51:51","date_gmt":"2019-08-23T13:51:51","guid":{"rendered":"http:\/\/www.apucarana.pr.gov.br\/ame\/?p=8488"},"modified":"2024-10-08T09:10:04","modified_gmt":"2024-10-08T12:10:04","slug":"formatura-do-proerd-reune-1350-alunos-da-rede-municipal-de-ensino","status":"publish","type":"post","link":"http:\/\/www.apucarana.pr.gov.br\/ame\/formatura-do-proerd-reune-1350-alunos-da-rede-municipal-de-ensino\/","title":{"rendered":"Formatura do Proerd re\u00fane 1350 alunos da rede municipal de ensino"},"content":{"rendered":"<p>Cerca de 1350 alunos da rede municipal de ensino conclu\u00edram este ano o Programa Educacional de Resist\u00eancia \u00e0s Drogas e \u00e0 Viol\u00eancia (Proerd). A formatura foi realizada na noite de ontem (22), no Gin\u00e1sio de Esportes Lago\u00e3o, com a participa\u00e7\u00e3o do prefeito Junior da Femac e do subcomandante do Batalh\u00e3o de Patrulha Escolar Comunit\u00e1ria, Capit\u00e3o Alfredo Dias Netto.<\/p>\n<p>Desenvolvido por policiais militares junto \u00e0s turmas do 5\u00ba ano, o Proerd orienta os alunos sobre os malef\u00edcios das drogas para a sa\u00fade e os ensina a resistir \u00e0s press\u00f5es para entrar na criminalidade. \u201cO programa \u00e9 sustentado por tr\u00eas pilares, que s\u00e3o a fam\u00edlia, a educa\u00e7\u00e3o e a pol\u00edcia. Por isso, fa\u00e7o quest\u00e3o de agradecer aos pais dos formandos pela confian\u00e7a na nossa metodologia, \u00e0 secretaria de educa\u00e7\u00e3o por abrir \u00e0s portas das escolas e aos instrutores Sargento Elias do Nascimento, Sargento Valdemir Firmino e Soldado Geiley Sartori pelo belo trabalho realizado com as crian\u00e7as,\u201d disse o subcomandante do BPEC, Capit\u00e3o Alfredo.<\/p>\n<p>O prefeito Junior da Femac lembrou que os atuais alunos representam o futuro de Apucarana. \u201cN\u00f3s abrimos as portas das escolas municipais para o projeto da PM porque sonhamos construir uma cidade livre das drogas e da viol\u00eancia. Os meninos e meninas que participam do Proerd levam esses conhecimentos para o resto das suas vidas.\u201d<\/p>\n<p>Segundo a secret\u00e1ria municipal de educa\u00e7\u00e3o, Marli Fernandes, o curso \u00e9 aplicado aos alunos que est\u00e3o prestes a entrar na adolesc\u00eancia. \u201cNo 5\u00ba ano, eles j\u00e1 t\u00eam maturidade suficiente para refletir e compreender os conte\u00fados abordados. Al\u00e9m da preven\u00e7\u00e3o \u00e0s drogas e \u00e0 viol\u00eancia, o Proerd agrega outros conceitos, como cidadania, cooperativismo, disciplina, empatia e respeito ao pr\u00f3ximo,\u201d disse.<\/p>\n<p>Finalizadas as aulas, os estudantes foram convidados a escrever reda\u00e7\u00f5es com o tema Caindo na Real. O melhor texto de cada escola foi premiado com um trof\u00e9u. \u201cO Proerd nos ajuda a desenvolver o autocontrole e a tomar decis\u00f5es com responsabilidade. O bullying tamb\u00e9m foi um dos assuntos discutidos e aprendemos que n\u00e3o devemos fazer isso com ningu\u00e9m, pois pode magoar as pessoas,\u201d escreveu Ricardo Ant\u00f4nio da Silva, da Escola Municipal Wilson de Azevedo.<\/p>\n<p>Participaram tamb\u00e9m da formatura na noite de quinta-feira, o comandante da 4\u00aa Companhia do BPEC, Tenente Renan Rodrigues do Prado; a subcomandante da 4\u00aa Companhia do BPEC, Tenente Yullie Garib Prandel; o comandante da Guarda Municipal de Apucarana, Alessandro Carletti; representando o 30\u00ba Batalh\u00e3o de Infantaria Mecanizado, o 2\u00ba Tenente Wesley Aleixo da Silva; representando o 11\u00ba Grupamento de Bombeiros, o 1\u00ba Tenente Maur\u00edcio Batista Dubas; o vereador Jos\u00e9 Airton Deco de Ara\u00fajo, entre outras autoridades civis e militares.<\/p>\n<div class = 'socialMediaOnEveryPost'>Compartilhe<div id=\"sgmbShare1-1\" class=\"sgmbShare jssocials-theme-classic sgmbWidget1-1\"><\/div><div class=\"dropdownWrapper dropdownWrapper1 dropdownWrapper-for-widget \" id=\"dropdownWrapper-for-widget\">\r\n\t\t\t\t\t\t<div class=\"dropdownLabel\" id=\"dropdownLabel-share-list\"><span class=\"sgmbButtonListLabel1\">Share List<\/span><\/div>\r\n\t\t\t\t\t\t<div class=\"dropdownPanel dropdownPanel1-1\">\r\n\t\t\t\t\t\t<\/div>\r\n\t\t\t\t\t<\/div><script>  SGMB_URL = \"http:\/\/www.apucarana.pr.gov.br\/ame\/wp-content\/plugins\/social-media-builder\/\"; jQuery(\".dropdownWrapper\").hide(); SGMB_GOOGLE_ACOUNT = \"\"; <\/script><script type=\"text\/javascript\">\r\n\t\tjQuery(document).ready(function($){var widget = new SGMBWidget();widget.show({\"id\":\"1\",\"title\":\"Face\\\/Twitter\",\"options\":{\"currentUrl\":\"1\",\"url\":\"\",\"shareText\":\"\",\"fontSize\":\"14\",\"betweenButtons\":\"1px\",\"theme\":\"classic\",\"sgmbButtonsPosition\":\"bottomLeft\",\"socialTheme\":\"\",\"icon\":\"default\",\"buttonsPanelEffect\":\"No Effect\",\"buttonsEffect\":\"No Effect\",\"iconsEffect\":\"No Effect\",\"buttons\":\"{\\\"facebook\\\":{\\\"label\\\":\\\"Share\\\",\\\"icon\\\":\\\"default-facebook\\\"},\\\"twitter\\\":{\\\"label\\\":\\\"Tweet\\\",\\\"icon\\\":\\\"default-twitter\\\",\\\"via\\\":\\\"\\\",\\\"hashtags\\\":\\\"\\\"}}\",\"roundButton\":\"\",\"showLabels\":\"\",\"showCounts\":\"\",\"showCenter\":\"\",\"showButtonsAsList\":\"\",\"sgmbDropdownColor\":\"\",\"sgmbDropdownLabelFontSize\":\"14\",\"sgmbDropdownLabelColor\":\"\",\"showButtonsOnEveryPost\":\"on\",\"selectedOrExcluded\":\"\",\"showButtonsOnEveryPage\":\"\",\"textOnEveryPost\":\"Compartilhe\",\"showButtonsOnCustomPost\":\"\",\"textOnCustomPost\":\"\",\"showButtonsOnMobileDirect\":\"on\",\"showButtonsOnDesktopDirect\":\"on\",\"sgmbSelectedPages\":[\"\"],\"sgmbExcludedPosts\":[\"\"],\"sgmbSelectedCustomPosts\":[],\"showButtonsInPopup\":\"\",\"titleOfPopup\":\"\",\"descriptionOfPopup\":\"\",\"showPopupOnLoad\":\"\",\"showPopupOnScroll\":\"\",\"showPopupOnExit\":\"\",\"openSecondsOfPopup\":\"\",\"googleAnaliticsAccount\":\"\"},\"buttonOptions\":{\"facebook\":{\"label\":\"Share\",\"icon\":\"default-facebook\"},\"twitter\":{\"label\":\"Tweet\",\"icon\":\"default-twitter\",\"via\":\"\",\"hashtags\":\"\"}},\"button\":[\"facebook\",\"twitter\"]}, 1, '', 'http:\/\/www.apucarana.pr.gov.br\/ame\/wp-content\/uploads\/2019\/08\/PROERDPROFETA-2.jpg', '', 'http:\/\/www.apucarana.pr.gov.br\/ame\/formatura-do-proerd-reune-1350-alunos-da-rede-municipal-de-ensino\/'); });<\/script><\/div><script> jQuery(\".socialMediaOnEveryPost\").addClass(\"sgmb-left\") <\/script>","protected":false},"excerpt":{"rendered":"<p>Desenvolvido por policiais militares junto \u00e0s turmas do 5\u00ba ano, o programa orienta as crian\u00e7as sobre os malef\u00edcios das drogas para a sa\u00fade e as ensina a resistir \u00e0s press\u00f5es para entrar na criminalidade (Fotos: Profeta)<\/p>\n","protected":false},"author":10,"featured_media":8489,"comment_status":"closed","ping_status":"open","sticky":false,"template":"","format":"standard","meta":[],"categories":[9],"tags":[],"_links":{"self":[{"href":"http:\/\/www.apucarana.pr.gov.br\/ame\/wp-json\/wp\/v2\/posts\/8488"}],"collection":[{"href":"http:\/\/www.apucarana.pr.gov.br\/ame\/wp-json\/wp\/v2\/posts"}],"about":[{"href":"http:\/\/www.apucarana.pr.gov.br\/ame\/wp-json\/wp\/v2\/types\/post"}],"author":[{"embeddable":true,"href":"http:\/\/www.apucarana.pr.gov.br\/ame\/wp-json\/wp\/v2\/users\/10"}],"replies":[{"embeddable":true,"href":"http:\/\/www.apucarana.pr.gov.br\/ame\/wp-json\/wp\/v2\/comments?post=8488"}],"version-history":[{"count":1,"href":"http:\/\/www.apucarana.pr.gov.br\/ame\/wp-json\/wp\/v2\/posts\/8488\/revisions"}],"predecessor-version":[{"id":8498,"href":"http:\/\/www.apucarana.pr.gov.br\/ame\/wp-json\/wp\/v2\/posts\/8488\/revisions\/8498"}],"wp:featuredmedia":[{"embeddable":true,"href":"http:\/\/www.apucarana.pr.gov.br\/ame\/wp-json\/wp\/v2\/media\/8489"}],"wp:attachment":[{"href":"http:\/\/www.apucarana.pr.gov.br\/ame\/wp-json\/wp\/v2\/media?parent=8488"}],"wp:term":[{"taxonomy":"category","embeddable":true,"href":"http:\/\/www.apucarana.pr.gov.br\/ame\/wp-json\/wp\/v2\/categories?post=8488"},{"taxonomy":"post_tag","embeddable":true,"href":"http:\/\/www.apucarana.pr.gov.br\/ame\/wp-json\/wp\/v2\/tags?post=8488"}],"curies":[{"name":"wp","href":"https:\/\/api.w.org\/{rel}","templated":true}]}}