{"id":8480,"date":"2019-08-13T15:20:30","date_gmt":"2019-08-13T18:20:30","guid":{"rendered":"http:\/\/www.apucarana.pr.gov.br\/ame\/?p=8480"},"modified":"2024-10-08T09:10:04","modified_gmt":"2024-10-08T12:10:04","slug":"lei-maria-da-penha-e-ensinada-nas-escolas-municipais","status":"publish","type":"post","link":"http:\/\/www.apucarana.pr.gov.br\/ame\/lei-maria-da-penha-e-ensinada-nas-escolas-municipais\/","title":{"rendered":"Lei Maria da Penha \u00e9 ensinada nas escolas municipais"},"content":{"rendered":"<p>A Prefeitura de Apucarana, por meio da Autarquia de Educa\u00e7\u00e3o e da Secretaria da Mulher e Assuntos da Fam\u00edlia, est\u00e1 promovendo a conscientiza\u00e7\u00e3o dos alunos da rede municipal de ensino sobre o grave problema da viol\u00eancia contra a mulher. Cerca de 1500 crian\u00e7as, matriculadas nas turmas de 4\u00ba ano, est\u00e3o recebendo revistas com hist\u00f3rias em quadrinhos a respeito da Lei Maria da Penha.<\/p>\n<p>Sancionada em 7 de agosto de 2006, a Lei n\u00ba 11.340 homenageia uma mulher que foi agredida pelo marido durante seis anos at\u00e9 tornar-se parapl\u00e9gica. \u201cO nosso objetivo \u00e9 fazer com que os meninos e meninas percebam que xingamentos e agress\u00f5es, que eles muitas vezes veem em casa, n\u00e3o s\u00e3o atitudes normais e nem devem ser reproduzidas. A preven\u00e7\u00e3o \u00e9 o melhor trabalho que podemos fazer em prol da desnaturaliza\u00e7\u00e3o da viol\u00eancia dom\u00e9stica,\u201d afirma a secret\u00e1ria da mulher Denise Canesin.<\/p>\n<p>Uma s\u00e9rie de atividades ser\u00e1 proposta aos alunos a partir da leitura do material, como a produ\u00e7\u00e3o de cartazes, par\u00f3dias e reda\u00e7\u00f5es. \u201cNo final de semana, eles ainda poder\u00e3o levar a revista para casa e dividir o conte\u00fado com os familiares,\u201d acrescenta a diretora-presidente da AME, Marli Fernandes.<\/p>\n<p>O prefeito Junior da Femac acompanhou a distribui\u00e7\u00e3o da revista \u201cMaria da Penha vai \u00e0s escolas\u201d na manh\u00e3 de ontem (12). \u201cA escola \u00e9 um ambiente de aprendizado, n\u00e3o apenas das disciplinas de portugu\u00eas, matem\u00e1tica, geografia e etc, mas tamb\u00e9m das regras de conviv\u00eancia em sociedade. N\u00f3s temos que ensinar desde cedo \u00e0s crian\u00e7as que a viol\u00eancia \u00e9 inaceit\u00e1vel, especialmente quando envolve idosos, mulheres e crian\u00e7as, para que elas se tornem adultos melhores do que temos na gera\u00e7\u00e3o atual,\u201d disse.<\/p>\n<p>\u201cTodos os anos, no final do m\u00eas de julho, durante a semana dos av\u00f3s, as escolas municipais costumam tamb\u00e9m desenvolver atividades relacionadas aos direitos dos idosos e aos cuidados especiais que eles demandam em fun\u00e7\u00e3o da idade. J\u00e1 a quest\u00e3o da viol\u00eancia contra a crian\u00e7a \u00e9 trabalhada por meio do projeto educativo Quebrando o Sil\u00eancio,\u201d completa a secret\u00e1ria de educa\u00e7\u00e3o.<\/p>\n<div class = 'socialMediaOnEveryPost'>Compartilhe<div id=\"sgmbShare1-1\" class=\"sgmbShare jssocials-theme-classic sgmbWidget1-1\"><\/div><div class=\"dropdownWrapper dropdownWrapper1 dropdownWrapper-for-widget \" id=\"dropdownWrapper-for-widget\">\r\n\t\t\t\t\t\t<div class=\"dropdownLabel\" id=\"dropdownLabel-share-list\"><span class=\"sgmbButtonListLabel1\">Share List<\/span><\/div>\r\n\t\t\t\t\t\t<div class=\"dropdownPanel dropdownPanel1-1\">\r\n\t\t\t\t\t\t<\/div>\r\n\t\t\t\t\t<\/div><script>  SGMB_URL = \"http:\/\/www.apucarana.pr.gov.br\/ame\/wp-content\/plugins\/social-media-builder\/\"; jQuery(\".dropdownWrapper\").hide(); SGMB_GOOGLE_ACOUNT = \"\"; <\/script><script type=\"text\/javascript\">\r\n\t\tjQuery(document).ready(function($){var widget = new SGMBWidget();widget.show({\"id\":\"1\",\"title\":\"Face\\\/Twitter\",\"options\":{\"currentUrl\":\"1\",\"url\":\"\",\"shareText\":\"\",\"fontSize\":\"14\",\"betweenButtons\":\"1px\",\"theme\":\"classic\",\"sgmbButtonsPosition\":\"bottomLeft\",\"socialTheme\":\"\",\"icon\":\"default\",\"buttonsPanelEffect\":\"No Effect\",\"buttonsEffect\":\"No Effect\",\"iconsEffect\":\"No Effect\",\"buttons\":\"{\\\"facebook\\\":{\\\"label\\\":\\\"Share\\\",\\\"icon\\\":\\\"default-facebook\\\"},\\\"twitter\\\":{\\\"label\\\":\\\"Tweet\\\",\\\"icon\\\":\\\"default-twitter\\\",\\\"via\\\":\\\"\\\",\\\"hashtags\\\":\\\"\\\"}}\",\"roundButton\":\"\",\"showLabels\":\"\",\"showCounts\":\"\",\"showCenter\":\"\",\"showButtonsAsList\":\"\",\"sgmbDropdownColor\":\"\",\"sgmbDropdownLabelFontSize\":\"14\",\"sgmbDropdownLabelColor\":\"\",\"showButtonsOnEveryPost\":\"on\",\"selectedOrExcluded\":\"\",\"showButtonsOnEveryPage\":\"\",\"textOnEveryPost\":\"Compartilhe\",\"showButtonsOnCustomPost\":\"\",\"textOnCustomPost\":\"\",\"showButtonsOnMobileDirect\":\"on\",\"showButtonsOnDesktopDirect\":\"on\",\"sgmbSelectedPages\":[\"\"],\"sgmbExcludedPosts\":[\"\"],\"sgmbSelectedCustomPosts\":[],\"showButtonsInPopup\":\"\",\"titleOfPopup\":\"\",\"descriptionOfPopup\":\"\",\"showPopupOnLoad\":\"\",\"showPopupOnScroll\":\"\",\"showPopupOnExit\":\"\",\"openSecondsOfPopup\":\"\",\"googleAnaliticsAccount\":\"\"},\"buttonOptions\":{\"facebook\":{\"label\":\"Share\",\"icon\":\"default-facebook\"},\"twitter\":{\"label\":\"Tweet\",\"icon\":\"default-twitter\",\"via\":\"\",\"hashtags\":\"\"}},\"button\":[\"facebook\",\"twitter\"]}, 1, '', 'http:\/\/www.apucarana.pr.gov.br\/ame\/wp-content\/uploads\/2019\/08\/CARTILHAPROFETA-8.jpg', '', 'http:\/\/www.apucarana.pr.gov.br\/ame\/lei-maria-da-penha-e-ensinada-nas-escolas-municipais\/'); });<\/script><\/div><script> jQuery(\".socialMediaOnEveryPost\").addClass(\"sgmb-left\") <\/script>","protected":false},"excerpt":{"rendered":"<p>Cerca de 1500 crian\u00e7as, matriculadas nas turmas de 4\u00ba ano, est\u00e3o recebendo revistas com hist\u00f3rias em quadrinhos sobre o enfrentamento da viol\u00eancia contra a mulher (Fotos: Profeta)<\/p>\n","protected":false},"author":10,"featured_media":8485,"comment_status":"closed","ping_status":"open","sticky":false,"template":"","format":"standard","meta":[],"categories":[9],"tags":[],"_links":{"self":[{"href":"http:\/\/www.apucarana.pr.gov.br\/ame\/wp-json\/wp\/v2\/posts\/8480"}],"collection":[{"href":"http:\/\/www.apucarana.pr.gov.br\/ame\/wp-json\/wp\/v2\/posts"}],"about":[{"href":"http:\/\/www.apucarana.pr.gov.br\/ame\/wp-json\/wp\/v2\/types\/post"}],"author":[{"embeddable":true,"href":"http:\/\/www.apucarana.pr.gov.br\/ame\/wp-json\/wp\/v2\/users\/10"}],"replies":[{"embeddable":true,"href":"http:\/\/www.apucarana.pr.gov.br\/ame\/wp-json\/wp\/v2\/comments?post=8480"}],"version-history":[{"count":1,"href":"http:\/\/www.apucarana.pr.gov.br\/ame\/wp-json\/wp\/v2\/posts\/8480\/revisions"}],"predecessor-version":[{"id":8486,"href":"http:\/\/www.apucarana.pr.gov.br\/ame\/wp-json\/wp\/v2\/posts\/8480\/revisions\/8486"}],"wp:featuredmedia":[{"embeddable":true,"href":"http:\/\/www.apucarana.pr.gov.br\/ame\/wp-json\/wp\/v2\/media\/8485"}],"wp:attachment":[{"href":"http:\/\/www.apucarana.pr.gov.br\/ame\/wp-json\/wp\/v2\/media?parent=8480"}],"wp:term":[{"taxonomy":"category","embeddable":true,"href":"http:\/\/www.apucarana.pr.gov.br\/ame\/wp-json\/wp\/v2\/categories?post=8480"},{"taxonomy":"post_tag","embeddable":true,"href":"http:\/\/www.apucarana.pr.gov.br\/ame\/wp-json\/wp\/v2\/tags?post=8480"}],"curies":[{"name":"wp","href":"https:\/\/api.w.org\/{rel}","templated":true}]}}