{"id":8462,"date":"2019-08-08T17:20:02","date_gmt":"2019-08-08T20:20:02","guid":{"rendered":"http:\/\/www.apucarana.pr.gov.br\/ame\/?p=8462"},"modified":"2024-10-08T09:10:04","modified_gmt":"2024-10-08T12:10:04","slug":"secretario-feder-elogia-educacao-municipal-em-visita-ao-colegio-izidoro-luiz-ceravolo","status":"publish","type":"post","link":"http:\/\/www.apucarana.pr.gov.br\/ame\/secretario-feder-elogia-educacao-municipal-em-visita-ao-colegio-izidoro-luiz-ceravolo\/","title":{"rendered":"Secret\u00e1rio Feder elogia educa\u00e7\u00e3o municipal em visita ao Col\u00e9gio Izidoro Luiz Cer\u00e1volo"},"content":{"rendered":"<p>O prefeito J\u00fanior da Femac e a dirigente municipal de educa\u00e7\u00e3o Marli Fernandes estiveram reunidos hoje (8\/8) com o secret\u00e1rio de educa\u00e7\u00e3o do Paran\u00e1, Renato Feder, que veio \u00e0 cidade para uma visita ao Col\u00e9gio Izidoro Luiz Cer\u00e1volo, pertencente ao N\u00facleo Regional de Educa\u00e7\u00e3o de Apucarana.<\/p>\n<p>Durante o encontro, Renato Feder exp\u00f4s os investimentos que est\u00e3o sendo feitos pela Secretaria de Estado da Educa\u00e7\u00e3o (SEED-PR) a fim de melhorar a estrutura dos estabelecimentos de ensino da sua rede. \u201cSomente na regi\u00e3o do NRE de Apucarana, cerca de R$ 10 milh\u00f5es est\u00e3o sendo aplicados na reforma de onze pr\u00e9dios. N\u00f3s aproveitamos para anunciar a retomada das melhorias no Col\u00e9gio Agr\u00edcola Manoel Ribas e o in\u00edcio das obras dos col\u00e9gios Izidoro Luiz Cer\u00e1volo e Professora Godom\u00e1 Bevilacqua de Oliveira,\u201d adiantou.<\/p>\n<p>Ele tamb\u00e9m detalhou as a\u00e7\u00f5es pedag\u00f3gicas que est\u00e3o sendo introduzidas para apoiar os professores em sala de aula e reduzir a evas\u00e3o escolar, como a Avalia\u00e7\u00e3o de Flu\u00eancia em Leitura, a Prova Paran\u00e1, o Projeto Tutoria e o Programa Presente na Escola. \u201cPara que voc\u00eas tenham uma ideia, a frequ\u00eancia escolar dos alunos da rede estadual j\u00e1 subiu de 85% para 92,6%, na \u00e1rea do NRE de Apucarana, desde que essas iniciativas come\u00e7aram a ser implantadas,\u201d disse o secret\u00e1rio.<\/p>\n<p>Para o prefeito Junior da Femac, o governador Ratinho Junior e o secret\u00e1rio Renato Feder t\u00eam um forte compromisso com a educa\u00e7\u00e3o. \u201cEles possuem o mesmo sonho nosso, que \u00e9 o de formar uma gera\u00e7\u00e3o de cidad\u00e3os vencedores para o Paran\u00e1. Por isso, \u00e9 uma alegria muito grande receb\u00ea-lo pela primeira vez na nossa cidade,\u201d afirmou o prefeito, enaltecendo os novos projetos que est\u00e3o sendo implantados na educa\u00e7\u00e3o paranaense.<\/p>\n<p>\u201cO secret\u00e1rio estadual de sa\u00fade Beto Preto \u00e9 um grande parceiro meu, por quem sinto imensa admira\u00e7\u00e3o. Apucarana fez um enorme avan\u00e7o em educa\u00e7\u00e3o na gest\u00e3o dele e do seu sucessor J\u00fanior da Femac. Destaco a nota 7,5 no Ideb (\u00cdndice de Desenvolvimento da Educa\u00e7\u00e3o B\u00e1sica), a enorme conquista de medalhas nas \u00faltimas edi\u00e7\u00f5es da Olimp\u00edada Brasileira de Astronomia (OBA) e a qualidade da Educa\u00e7\u00e3o Integral. Isso mostra que a cidade de voc\u00eas j\u00e1 est\u00e1 em um n\u00edvel europeu de ensino e serve como exemplo a ser seguido nacionalmente,\u201d enalteceu o secret\u00e1rio Renato Feder.<\/p>\n<p>Participaram tamb\u00e9m do encontro de hoje no Col\u00e9gio Izidoro Luiz Cer\u00e1volo, o deputado estadual Jos\u00e9 Aparecido Jacov\u00f3s; a chefe do N\u00facleo Regional de Educa\u00e7\u00e3o, Cristine Pablos Rossetti; e os prefeitos de Borraz\u00f3polis, Adilson Lucchetti; de Kalor\u00e9, Whashington Luiz da Silva; de Maril\u00e2ndia do Sul, Aquiles Takeda; de Novo Itacolomi, Moacir Andreolla; de Ariranha do Iva\u00ed, Augusto Aparecido Cicatto; e de Farol, Angela Kraus, al\u00e9m de diversos vereadores e dirigentes municipais de educa\u00e7\u00e3o da regi\u00e3o.<\/p>\n<div class = 'socialMediaOnEveryPost'>Compartilhe<div id=\"sgmbShare1-1\" class=\"sgmbShare jssocials-theme-classic sgmbWidget1-1\"><\/div><div class=\"dropdownWrapper dropdownWrapper1 dropdownWrapper-for-widget \" id=\"dropdownWrapper-for-widget\">\r\n\t\t\t\t\t\t<div class=\"dropdownLabel\" id=\"dropdownLabel-share-list\"><span class=\"sgmbButtonListLabel1\">Share List<\/span><\/div>\r\n\t\t\t\t\t\t<div class=\"dropdownPanel dropdownPanel1-1\">\r\n\t\t\t\t\t\t<\/div>\r\n\t\t\t\t\t<\/div><script>  SGMB_URL = \"http:\/\/www.apucarana.pr.gov.br\/ame\/wp-content\/plugins\/social-media-builder\/\"; jQuery(\".dropdownWrapper\").hide(); SGMB_GOOGLE_ACOUNT = \"\"; <\/script><script type=\"text\/javascript\">\r\n\t\tjQuery(document).ready(function($){var widget = new SGMBWidget();widget.show({\"id\":\"1\",\"title\":\"Face\\\/Twitter\",\"options\":{\"currentUrl\":\"1\",\"url\":\"\",\"shareText\":\"\",\"fontSize\":\"14\",\"betweenButtons\":\"1px\",\"theme\":\"classic\",\"sgmbButtonsPosition\":\"bottomLeft\",\"socialTheme\":\"\",\"icon\":\"default\",\"buttonsPanelEffect\":\"No Effect\",\"buttonsEffect\":\"No Effect\",\"iconsEffect\":\"No Effect\",\"buttons\":\"{\\\"facebook\\\":{\\\"label\\\":\\\"Share\\\",\\\"icon\\\":\\\"default-facebook\\\"},\\\"twitter\\\":{\\\"label\\\":\\\"Tweet\\\",\\\"icon\\\":\\\"default-twitter\\\",\\\"via\\\":\\\"\\\",\\\"hashtags\\\":\\\"\\\"}}\",\"roundButton\":\"\",\"showLabels\":\"\",\"showCounts\":\"\",\"showCenter\":\"\",\"showButtonsAsList\":\"\",\"sgmbDropdownColor\":\"\",\"sgmbDropdownLabelFontSize\":\"14\",\"sgmbDropdownLabelColor\":\"\",\"showButtonsOnEveryPost\":\"on\",\"selectedOrExcluded\":\"\",\"showButtonsOnEveryPage\":\"\",\"textOnEveryPost\":\"Compartilhe\",\"showButtonsOnCustomPost\":\"\",\"textOnCustomPost\":\"\",\"showButtonsOnMobileDirect\":\"on\",\"showButtonsOnDesktopDirect\":\"on\",\"sgmbSelectedPages\":[\"\"],\"sgmbExcludedPosts\":[\"\"],\"sgmbSelectedCustomPosts\":[],\"showButtonsInPopup\":\"\",\"titleOfPopup\":\"\",\"descriptionOfPopup\":\"\",\"showPopupOnLoad\":\"\",\"showPopupOnScroll\":\"\",\"showPopupOnExit\":\"\",\"openSecondsOfPopup\":\"\",\"googleAnaliticsAccount\":\"\"},\"buttonOptions\":{\"facebook\":{\"label\":\"Share\",\"icon\":\"default-facebook\"},\"twitter\":{\"label\":\"Tweet\",\"icon\":\"default-twitter\",\"via\":\"\",\"hashtags\":\"\"}},\"button\":[\"facebook\",\"twitter\"]}, 1, '', 'http:\/\/www.apucarana.pr.gov.br\/ame\/wp-content\/uploads\/2019\/08\/SECRET\u00c1RIOPROFETA-5.jpg', '', 'http:\/\/www.apucarana.pr.gov.br\/ame\/secretario-feder-elogia-educacao-municipal-em-visita-ao-colegio-izidoro-luiz-ceravolo\/'); });<\/script><\/div><script> jQuery(\".socialMediaOnEveryPost\").addClass(\"sgmb-left\") <\/script>","protected":false},"excerpt":{"rendered":"<p>Segundo ele, a cidade est\u00e1 em um n\u00edvel europeu de ensino e serve como exemplo a ser seguido nacionalmente (Fotos: Profeta)<\/p>\n","protected":false},"author":10,"featured_media":8467,"comment_status":"closed","ping_status":"open","sticky":false,"template":"","format":"standard","meta":[],"categories":[9],"tags":[],"_links":{"self":[{"href":"http:\/\/www.apucarana.pr.gov.br\/ame\/wp-json\/wp\/v2\/posts\/8462"}],"collection":[{"href":"http:\/\/www.apucarana.pr.gov.br\/ame\/wp-json\/wp\/v2\/posts"}],"about":[{"href":"http:\/\/www.apucarana.pr.gov.br\/ame\/wp-json\/wp\/v2\/types\/post"}],"author":[{"embeddable":true,"href":"http:\/\/www.apucarana.pr.gov.br\/ame\/wp-json\/wp\/v2\/users\/10"}],"replies":[{"embeddable":true,"href":"http:\/\/www.apucarana.pr.gov.br\/ame\/wp-json\/wp\/v2\/comments?post=8462"}],"version-history":[{"count":1,"href":"http:\/\/www.apucarana.pr.gov.br\/ame\/wp-json\/wp\/v2\/posts\/8462\/revisions"}],"predecessor-version":[{"id":8476,"href":"http:\/\/www.apucarana.pr.gov.br\/ame\/wp-json\/wp\/v2\/posts\/8462\/revisions\/8476"}],"wp:featuredmedia":[{"embeddable":true,"href":"http:\/\/www.apucarana.pr.gov.br\/ame\/wp-json\/wp\/v2\/media\/8467"}],"wp:attachment":[{"href":"http:\/\/www.apucarana.pr.gov.br\/ame\/wp-json\/wp\/v2\/media?parent=8462"}],"wp:term":[{"taxonomy":"category","embeddable":true,"href":"http:\/\/www.apucarana.pr.gov.br\/ame\/wp-json\/wp\/v2\/categories?post=8462"},{"taxonomy":"post_tag","embeddable":true,"href":"http:\/\/www.apucarana.pr.gov.br\/ame\/wp-json\/wp\/v2\/tags?post=8462"}],"curies":[{"name":"wp","href":"https:\/\/api.w.org\/{rel}","templated":true}]}}