{"id":8453,"date":"2019-08-06T08:10:02","date_gmt":"2019-08-06T11:10:02","guid":{"rendered":"http:\/\/www.apucarana.pr.gov.br\/ame\/?p=8453"},"modified":"2024-10-08T09:10:04","modified_gmt":"2024-10-08T12:10:04","slug":"estudantes-apucaranenses-aprendem-as-leis-de-transito-de-forma-ludica","status":"publish","type":"post","link":"http:\/\/www.apucarana.pr.gov.br\/ame\/estudantes-apucaranenses-aprendem-as-leis-de-transito-de-forma-ludica\/","title":{"rendered":"Estudantes apucaranenses aprendem as leis de tr\u00e2nsito de forma l\u00fadica"},"content":{"rendered":"<p>A Autarquia Municipal de Educa\u00e7\u00e3o e a Guarda Municipal de Apucarana renovaram a parceria para o desenvolvimento do projeto Educa\u00e7\u00e3o para o Tr\u00e2nsito na sua rede de ensino. O prefeito Junior da Femac participou da abertura das atividades, na manh\u00e3 de ontem (5\/8), na Escola Professora Maria Madalena C\u00f4co.<\/p>\n<p>De acordo com a diretora-presidente da AME, professora Marli Fernandes, mais de 1.300 alunos, matriculados nas turmas de 4\u00ba ano de 36 escolas, ser\u00e3o contemplados com as aulas de circula\u00e7\u00e3o vi\u00e1ria. \u201cEles devem aprender sobre a import\u00e2ncia do respeito \u00e0 sinaliza\u00e7\u00e3o e da utiliza\u00e7\u00e3o dos equipamentos de seguran\u00e7a, como o cinto e o capacete. Estes conte\u00fados est\u00e3o previstos no curr\u00edculo escolar,\u201d explicou.<\/p>\n<p>Uma cartilha foi especialmente criada para o curso, que ser\u00e1 ministrado por dois guardas municipais. \u201cN\u00f3s recebemos diariamente muitas den\u00fancias de infra\u00e7\u00f5es de tr\u00e2nsito, principalmente relacionadas a ve\u00edculos estacionados sobre faixas de pedestres, em guias rebaixadas ou vagas especiais. Ent\u00e3o, a meta \u00e9 ensinar o correto \u00e0s crian\u00e7as para que elas repliquem o conhecimento junto aos pais,\u201d afirmou o comandante da corpora\u00e7\u00e3o, Alessandro Carletti.<\/p>\n<p>O prefeito Junior da Femac acrescenta o preparo dos alunos para a vida urbana como outro objetivo do projeto. \u201cApesar das crian\u00e7as ainda n\u00e3o dirigirem, elas s\u00e3o passageiras em ve\u00edculos, pedestres e ciclistas. Quanto antes se familiarizarem com as quest\u00f5es do tr\u00e2nsito, melhores motoristas teremos no futuro,\u201d disse.<\/p>\n<p>Durante a abertura das atividades na manh\u00e3 de ontem, a aluna Giovanna Guirro encantou as autoridades, pais e professores com a declama\u00e7\u00e3o da poesia O Tr\u00e2nsito, de Cl\u00eades Pessoa. \u201cAten\u00e7\u00e3o, motorista! Sejam muito previdentes! N\u00e3o avancem o sinal, para evitar acidentes,\u201d recitou.<\/p>\n<div class = 'socialMediaOnEveryPost'>Compartilhe<div id=\"sgmbShare1-1\" class=\"sgmbShare jssocials-theme-classic sgmbWidget1-1\"><\/div><div class=\"dropdownWrapper dropdownWrapper1 dropdownWrapper-for-widget \" id=\"dropdownWrapper-for-widget\">\r\n\t\t\t\t\t\t<div class=\"dropdownLabel\" id=\"dropdownLabel-share-list\"><span class=\"sgmbButtonListLabel1\">Share List<\/span><\/div>\r\n\t\t\t\t\t\t<div class=\"dropdownPanel dropdownPanel1-1\">\r\n\t\t\t\t\t\t<\/div>\r\n\t\t\t\t\t<\/div><script>  SGMB_URL = \"http:\/\/www.apucarana.pr.gov.br\/ame\/wp-content\/plugins\/social-media-builder\/\"; jQuery(\".dropdownWrapper\").hide(); SGMB_GOOGLE_ACOUNT = \"\"; <\/script><script type=\"text\/javascript\">\r\n\t\tjQuery(document).ready(function($){var widget = new SGMBWidget();widget.show({\"id\":\"1\",\"title\":\"Face\\\/Twitter\",\"options\":{\"currentUrl\":\"1\",\"url\":\"\",\"shareText\":\"\",\"fontSize\":\"14\",\"betweenButtons\":\"1px\",\"theme\":\"classic\",\"sgmbButtonsPosition\":\"bottomLeft\",\"socialTheme\":\"\",\"icon\":\"default\",\"buttonsPanelEffect\":\"No Effect\",\"buttonsEffect\":\"No Effect\",\"iconsEffect\":\"No Effect\",\"buttons\":\"{\\\"facebook\\\":{\\\"label\\\":\\\"Share\\\",\\\"icon\\\":\\\"default-facebook\\\"},\\\"twitter\\\":{\\\"label\\\":\\\"Tweet\\\",\\\"icon\\\":\\\"default-twitter\\\",\\\"via\\\":\\\"\\\",\\\"hashtags\\\":\\\"\\\"}}\",\"roundButton\":\"\",\"showLabels\":\"\",\"showCounts\":\"\",\"showCenter\":\"\",\"showButtonsAsList\":\"\",\"sgmbDropdownColor\":\"\",\"sgmbDropdownLabelFontSize\":\"14\",\"sgmbDropdownLabelColor\":\"\",\"showButtonsOnEveryPost\":\"on\",\"selectedOrExcluded\":\"\",\"showButtonsOnEveryPage\":\"\",\"textOnEveryPost\":\"Compartilhe\",\"showButtonsOnCustomPost\":\"\",\"textOnCustomPost\":\"\",\"showButtonsOnMobileDirect\":\"on\",\"showButtonsOnDesktopDirect\":\"on\",\"sgmbSelectedPages\":[\"\"],\"sgmbExcludedPosts\":[\"\"],\"sgmbSelectedCustomPosts\":[],\"showButtonsInPopup\":\"\",\"titleOfPopup\":\"\",\"descriptionOfPopup\":\"\",\"showPopupOnLoad\":\"\",\"showPopupOnScroll\":\"\",\"showPopupOnExit\":\"\",\"openSecondsOfPopup\":\"\",\"googleAnaliticsAccount\":\"\"},\"buttonOptions\":{\"facebook\":{\"label\":\"Share\",\"icon\":\"default-facebook\"},\"twitter\":{\"label\":\"Tweet\",\"icon\":\"default-twitter\",\"via\":\"\",\"hashtags\":\"\"}},\"button\":[\"facebook\",\"twitter\"]}, 1, '', 'http:\/\/www.apucarana.pr.gov.br\/ame\/wp-content\/uploads\/2019\/08\/EDUCA\u00c7\u00c3O-TRANSITOPROFETA-1.jpg', '', 'http:\/\/www.apucarana.pr.gov.br\/ame\/estudantes-apucaranenses-aprendem-as-leis-de-transito-de-forma-ludica\/'); });<\/script><\/div><script> jQuery(\".socialMediaOnEveryPost\").addClass(\"sgmb-left\") <\/script>","protected":false},"excerpt":{"rendered":"<p>Desenvolvido em parceria pela Autarquia Municipal de Educa\u00e7\u00e3o e a Guarda Municipal de Apucarana, o projeto Educa\u00e7\u00e3o para o Tr\u00e2nsito envolve mais de 1.300 crian\u00e7as, matriculadas nas turmas de 4\u00ba ano em 36 escolas (Fotos: Profeta)<\/p>\n","protected":false},"author":10,"featured_media":8454,"comment_status":"closed","ping_status":"open","sticky":false,"template":"","format":"standard","meta":[],"categories":[9],"tags":[],"_links":{"self":[{"href":"http:\/\/www.apucarana.pr.gov.br\/ame\/wp-json\/wp\/v2\/posts\/8453"}],"collection":[{"href":"http:\/\/www.apucarana.pr.gov.br\/ame\/wp-json\/wp\/v2\/posts"}],"about":[{"href":"http:\/\/www.apucarana.pr.gov.br\/ame\/wp-json\/wp\/v2\/types\/post"}],"author":[{"embeddable":true,"href":"http:\/\/www.apucarana.pr.gov.br\/ame\/wp-json\/wp\/v2\/users\/10"}],"replies":[{"embeddable":true,"href":"http:\/\/www.apucarana.pr.gov.br\/ame\/wp-json\/wp\/v2\/comments?post=8453"}],"version-history":[{"count":1,"href":"http:\/\/www.apucarana.pr.gov.br\/ame\/wp-json\/wp\/v2\/posts\/8453\/revisions"}],"predecessor-version":[{"id":8460,"href":"http:\/\/www.apucarana.pr.gov.br\/ame\/wp-json\/wp\/v2\/posts\/8453\/revisions\/8460"}],"wp:featuredmedia":[{"embeddable":true,"href":"http:\/\/www.apucarana.pr.gov.br\/ame\/wp-json\/wp\/v2\/media\/8454"}],"wp:attachment":[{"href":"http:\/\/www.apucarana.pr.gov.br\/ame\/wp-json\/wp\/v2\/media?parent=8453"}],"wp:term":[{"taxonomy":"category","embeddable":true,"href":"http:\/\/www.apucarana.pr.gov.br\/ame\/wp-json\/wp\/v2\/categories?post=8453"},{"taxonomy":"post_tag","embeddable":true,"href":"http:\/\/www.apucarana.pr.gov.br\/ame\/wp-json\/wp\/v2\/tags?post=8453"}],"curies":[{"name":"wp","href":"https:\/\/api.w.org\/{rel}","templated":true}]}}