{"id":8446,"date":"2019-07-31T17:01:04","date_gmt":"2019-07-31T20:01:04","guid":{"rendered":"http:\/\/www.apucarana.pr.gov.br\/ame\/?p=8446"},"modified":"2024-10-08T09:10:04","modified_gmt":"2024-10-08T12:10:04","slug":"feira-do-produtor-recebe-a-visita-de-alunos-da-rede-municipal-de-apucarana","status":"publish","type":"post","link":"http:\/\/www.apucarana.pr.gov.br\/ame\/feira-do-produtor-recebe-a-visita-de-alunos-da-rede-municipal-de-apucarana\/","title":{"rendered":"Feira do Produtor recebe a visita de alunos da rede municipal de Apucarana"},"content":{"rendered":"<p>Um grupo de alunos da Escola Albino Biachi conheceu, na manh\u00e3 de hoje (31\/7), a Feira do Produtor de Apucarana. A visita \u00e9 uma das etapas do Programa Agrinho, desenvolvido em parceria pelo Sistema FAEP\/SENAR-PR e a Autarquia Municipal de Educa\u00e7\u00e3o.<\/p>\n<p>Com o tema \u201cAs coisas que ligam o campo e a cidade e nosso papel para mudar o mundo\u201d, o Programa Agrinho visa levar informa\u00e7\u00f5es sobre sa\u00fade, seguran\u00e7a e conscientiza\u00e7\u00e3o ambiental ao espa\u00e7o escolar.<\/p>\n<p>\u201cN\u00f3s percebemos que as crian\u00e7as desconheciam a import\u00e2ncia do solo para a agricultura e a subsist\u00eancia antes da realiza\u00e7\u00e3o desse projeto. Na visita de hoje, elas puderam entrevistar os produtores e entender melhor o caminho dos alimentos desde o campo at\u00e9 o supermercado,\u201d explicou a professora de ci\u00eancias Tacyemy da Silva dos Santos.<\/p>\n<p>A coordenadora Edileusa Aparecida de Oliveira acrescentou que a turma do 3\u00ba ano j\u00e1 havia assistido a palestras com agr\u00f4nomos, produzido e distribu\u00eddo panfletos de conscientiza\u00e7\u00e3o ambiental na comunidade do Jardim Trabalhista, fabricado repelentes naturais \u00e0 base de citronela, e feito campanhas de recolhimento de pilhas e baterias.<\/p>\n<p>\u201cPor fim, n\u00f3s estamos agendando uma visita dos estudantes \u00e0 zona rural, para que eles vejam de perto como acontecem as planta\u00e7\u00f5es,\u201d disse a coordenadora.<\/p>\n<p>A aluna \u00c1gatha Douhei Paschoal, de 9 anos, ficou encantada ao conhecer uma produtora rural que fornece produtos para a rede municipal de ensino, por meio da chamada p\u00fablica do Programa Nacional de Alimenta\u00e7\u00e3o Escolar (PNAE). \u201cOs p\u00e3es e bolachas que eu como na escola s\u00e3o feitos pela dona Elenice, que \u00e9 uma senhora bem legal!\u201d<\/p>\n<p>\u201cEu gostei de ir \u00e0 feira porque aprendi sobre os alimentos naturais e saud\u00e1veis. Descobri tamb\u00e9m que a esponja que usamos para tomar banho vem de uma \u00e1rvore,\u201d completou o aluno Victor Pinheiro de Oliveira, 9 anos.<\/p>\n<div class = 'socialMediaOnEveryPost'>Compartilhe<div id=\"sgmbShare1-1\" class=\"sgmbShare jssocials-theme-classic sgmbWidget1-1\"><\/div><div class=\"dropdownWrapper dropdownWrapper1 dropdownWrapper-for-widget \" id=\"dropdownWrapper-for-widget\">\r\n\t\t\t\t\t\t<div class=\"dropdownLabel\" id=\"dropdownLabel-share-list\"><span class=\"sgmbButtonListLabel1\">Share List<\/span><\/div>\r\n\t\t\t\t\t\t<div class=\"dropdownPanel dropdownPanel1-1\">\r\n\t\t\t\t\t\t<\/div>\r\n\t\t\t\t\t<\/div><script>  SGMB_URL = \"http:\/\/www.apucarana.pr.gov.br\/ame\/wp-content\/plugins\/social-media-builder\/\"; jQuery(\".dropdownWrapper\").hide(); SGMB_GOOGLE_ACOUNT = \"\"; <\/script><script type=\"text\/javascript\">\r\n\t\tjQuery(document).ready(function($){var widget = new SGMBWidget();widget.show({\"id\":\"1\",\"title\":\"Face\\\/Twitter\",\"options\":{\"currentUrl\":\"1\",\"url\":\"\",\"shareText\":\"\",\"fontSize\":\"14\",\"betweenButtons\":\"1px\",\"theme\":\"classic\",\"sgmbButtonsPosition\":\"bottomLeft\",\"socialTheme\":\"\",\"icon\":\"default\",\"buttonsPanelEffect\":\"No Effect\",\"buttonsEffect\":\"No Effect\",\"iconsEffect\":\"No Effect\",\"buttons\":\"{\\\"facebook\\\":{\\\"label\\\":\\\"Share\\\",\\\"icon\\\":\\\"default-facebook\\\"},\\\"twitter\\\":{\\\"label\\\":\\\"Tweet\\\",\\\"icon\\\":\\\"default-twitter\\\",\\\"via\\\":\\\"\\\",\\\"hashtags\\\":\\\"\\\"}}\",\"roundButton\":\"\",\"showLabels\":\"\",\"showCounts\":\"\",\"showCenter\":\"\",\"showButtonsAsList\":\"\",\"sgmbDropdownColor\":\"\",\"sgmbDropdownLabelFontSize\":\"14\",\"sgmbDropdownLabelColor\":\"\",\"showButtonsOnEveryPost\":\"on\",\"selectedOrExcluded\":\"\",\"showButtonsOnEveryPage\":\"\",\"textOnEveryPost\":\"Compartilhe\",\"showButtonsOnCustomPost\":\"\",\"textOnCustomPost\":\"\",\"showButtonsOnMobileDirect\":\"on\",\"showButtonsOnDesktopDirect\":\"on\",\"sgmbSelectedPages\":[\"\"],\"sgmbExcludedPosts\":[\"\"],\"sgmbSelectedCustomPosts\":[],\"showButtonsInPopup\":\"\",\"titleOfPopup\":\"\",\"descriptionOfPopup\":\"\",\"showPopupOnLoad\":\"\",\"showPopupOnScroll\":\"\",\"showPopupOnExit\":\"\",\"openSecondsOfPopup\":\"\",\"googleAnaliticsAccount\":\"\"},\"buttonOptions\":{\"facebook\":{\"label\":\"Share\",\"icon\":\"default-facebook\"},\"twitter\":{\"label\":\"Tweet\",\"icon\":\"default-twitter\",\"via\":\"\",\"hashtags\":\"\"}},\"button\":[\"facebook\",\"twitter\"]}, 1, '', 'http:\/\/www.apucarana.pr.gov.br\/ame\/wp-content\/uploads\/2019\/07\/FEIRA-DO-PRODUTOR-M\u00d4NICA-5.jpg', '', 'http:\/\/www.apucarana.pr.gov.br\/ame\/feira-do-produtor-recebe-a-visita-de-alunos-da-rede-municipal-de-apucarana\/'); });<\/script><\/div><script> jQuery(\".socialMediaOnEveryPost\").addClass(\"sgmb-left\") <\/script>","protected":false},"excerpt":{"rendered":"<p>A atividade faz parte do Programa Agrinho, desenvolvido pelo Sistema FAEP\/SENAR-PR e a Autarquia de Educa\u00e7\u00e3o, com o objetivo de levar informa\u00e7\u00f5es sobre sa\u00fade, seguran\u00e7a e consci\u00eancia ambiental \u00e0s crian\u00e7as<\/p>\n","protected":false},"author":10,"featured_media":8451,"comment_status":"closed","ping_status":"open","sticky":false,"template":"","format":"standard","meta":[],"categories":[9],"tags":[],"_links":{"self":[{"href":"http:\/\/www.apucarana.pr.gov.br\/ame\/wp-json\/wp\/v2\/posts\/8446"}],"collection":[{"href":"http:\/\/www.apucarana.pr.gov.br\/ame\/wp-json\/wp\/v2\/posts"}],"about":[{"href":"http:\/\/www.apucarana.pr.gov.br\/ame\/wp-json\/wp\/v2\/types\/post"}],"author":[{"embeddable":true,"href":"http:\/\/www.apucarana.pr.gov.br\/ame\/wp-json\/wp\/v2\/users\/10"}],"replies":[{"embeddable":true,"href":"http:\/\/www.apucarana.pr.gov.br\/ame\/wp-json\/wp\/v2\/comments?post=8446"}],"version-history":[{"count":1,"href":"http:\/\/www.apucarana.pr.gov.br\/ame\/wp-json\/wp\/v2\/posts\/8446\/revisions"}],"predecessor-version":[{"id":8452,"href":"http:\/\/www.apucarana.pr.gov.br\/ame\/wp-json\/wp\/v2\/posts\/8446\/revisions\/8452"}],"wp:featuredmedia":[{"embeddable":true,"href":"http:\/\/www.apucarana.pr.gov.br\/ame\/wp-json\/wp\/v2\/media\/8451"}],"wp:attachment":[{"href":"http:\/\/www.apucarana.pr.gov.br\/ame\/wp-json\/wp\/v2\/media?parent=8446"}],"wp:term":[{"taxonomy":"category","embeddable":true,"href":"http:\/\/www.apucarana.pr.gov.br\/ame\/wp-json\/wp\/v2\/categories?post=8446"},{"taxonomy":"post_tag","embeddable":true,"href":"http:\/\/www.apucarana.pr.gov.br\/ame\/wp-json\/wp\/v2\/tags?post=8446"}],"curies":[{"name":"wp","href":"https:\/\/api.w.org\/{rel}","templated":true}]}}