{"id":8427,"date":"2019-07-29T16:52:46","date_gmt":"2019-07-29T19:52:46","guid":{"rendered":"http:\/\/www.apucarana.pr.gov.br\/ame\/?p=8427"},"modified":"2024-10-08T09:10:04","modified_gmt":"2024-10-08T12:10:04","slug":"apucarana-promove-formacao-continuada-para-gestores-e-professores-da-rede-municipal-de-ensino","status":"publish","type":"post","link":"http:\/\/www.apucarana.pr.gov.br\/ame\/apucarana-promove-formacao-continuada-para-gestores-e-professores-da-rede-municipal-de-ensino\/","title":{"rendered":"Apucarana promove forma\u00e7\u00e3o continuada para gestores  e professores da rede municipal de ensino"},"content":{"rendered":"<p>A Autarquia Municipal de Educa\u00e7\u00e3o est\u00e1 promovendo, no in\u00edcio desta semana, a forma\u00e7\u00e3o continuada dos diretores, coordenadores, professores, assistentes infantis e estagi\u00e1rios que atuam nos 24 centros infantis e 36 escolas da sua rede. O prefeito J\u00fanior da Femac participou da abertura da programa\u00e7\u00e3o, na manh\u00e3 de hoje (29), no audit\u00f3rio principal da Universidade Estadual do Paran\u00e1 (Unespar\/Fecea).<\/p>\n<p>\u201cO calend\u00e1rio escolar sempre prev\u00ea um momento, no meio do ano, para que os profissionais possam se encontrar, trocar experi\u00eancias e atualizar os pr\u00f3prios conhecimentos. A reuni\u00e3o tamb\u00e9m serve para repassarmos informa\u00e7\u00f5es importantes e planejarmos as atividades do segundo semestre letivo,\u201d explicou a secret\u00e1ria de educa\u00e7\u00e3o, Marli Fernandes.<\/p>\n<p>Nesta segunda-feira, os educadores assistiram \u00e0s palestras \u2018As compet\u00eancias gerais da Base Nacional Comum Curricular (BNCC)\u2019, com a ex-assessora do Minist\u00e9rio da Educa\u00e7\u00e3o, Marialba Carneiro, e \u2018Corpo, gestos e movimentos: a psicomotricidade como ferramenta no processo de ensino e aprendizagem\u2019, com o mestre em Crian\u00e7as e Adolescentes, Odair Rodrigues Sales.<\/p>\n<p>A forma\u00e7\u00e3o segue amanh\u00e3 com oficinas sobre o programa federal Mais Alfabetiza\u00e7\u00e3o, estudos dos eixos tem\u00e1ticos da Educa\u00e7\u00e3o do Campo, reflex\u00f5es acerca dos Projetos Pol\u00edticos-Pedag\u00f3gicos (PPP) das unidades escolares e a adequa\u00e7\u00e3o da grade de conte\u00fados municipal de acordo com o Referencial Curricular do Paran\u00e1.<\/p>\n<p>\u201cAntes de vir ministrar esta palestra, eu fiz uma pequena pesquisa e conversei com algumas pessoas sobre a cidade de voc\u00eas. Fiquei bastante impressionada ao saber que Apucarana tem nota 7,5 no Ideb (\u00cdndice de Desenvolvimento da Educa\u00e7\u00e3o B\u00e1sica) e que a prefeitura est\u00e1 reformando todos os pr\u00e9dios escolares da rede municipal. Eu quero parabeniz\u00e1-los, pois quem investe no ensino est\u00e1 construindo o futuro,\u201d disse professora Marialba Carneiro.<\/p>\n<p>O prefeito J\u00fanior da Femac atribuiu os bons resultados \u00e0 soma dos esfor\u00e7os da administra\u00e7\u00e3o municipal e dos mais de mil profissionais dos CMEIs e Escolas. \u201cAs nossas pol\u00edticas p\u00fablicas jamais sairiam do papel se n\u00f3s n\u00e3o tiv\u00e9ssemos uma equipe fant\u00e1stica que nos ajuda a lev\u00e1-las a cabo. O segundo semestre certamente ser\u00e1 de muitas outras conquistas,\u201d afirmou.<\/p>\n<p>Os doze mil alunos da rede municipal de Apucarana devem voltar \u00e0s aulas na pr\u00f3xima quarta-feira (31\/7).<\/p>\n<div class = 'socialMediaOnEveryPost'>Compartilhe<div id=\"sgmbShare1-1\" class=\"sgmbShare jssocials-theme-classic sgmbWidget1-1\"><\/div><div class=\"dropdownWrapper dropdownWrapper1 dropdownWrapper-for-widget \" id=\"dropdownWrapper-for-widget\">\r\n\t\t\t\t\t\t<div class=\"dropdownLabel\" id=\"dropdownLabel-share-list\"><span class=\"sgmbButtonListLabel1\">Share List<\/span><\/div>\r\n\t\t\t\t\t\t<div class=\"dropdownPanel dropdownPanel1-1\">\r\n\t\t\t\t\t\t<\/div>\r\n\t\t\t\t\t<\/div><script>  SGMB_URL = \"http:\/\/www.apucarana.pr.gov.br\/ame\/wp-content\/plugins\/social-media-builder\/\"; jQuery(\".dropdownWrapper\").hide(); SGMB_GOOGLE_ACOUNT = \"\"; <\/script><script type=\"text\/javascript\">\r\n\t\tjQuery(document).ready(function($){var widget = new SGMBWidget();widget.show({\"id\":\"1\",\"title\":\"Face\\\/Twitter\",\"options\":{\"currentUrl\":\"1\",\"url\":\"\",\"shareText\":\"\",\"fontSize\":\"14\",\"betweenButtons\":\"1px\",\"theme\":\"classic\",\"sgmbButtonsPosition\":\"bottomLeft\",\"socialTheme\":\"\",\"icon\":\"default\",\"buttonsPanelEffect\":\"No Effect\",\"buttonsEffect\":\"No Effect\",\"iconsEffect\":\"No Effect\",\"buttons\":\"{\\\"facebook\\\":{\\\"label\\\":\\\"Share\\\",\\\"icon\\\":\\\"default-facebook\\\"},\\\"twitter\\\":{\\\"label\\\":\\\"Tweet\\\",\\\"icon\\\":\\\"default-twitter\\\",\\\"via\\\":\\\"\\\",\\\"hashtags\\\":\\\"\\\"}}\",\"roundButton\":\"\",\"showLabels\":\"\",\"showCounts\":\"\",\"showCenter\":\"\",\"showButtonsAsList\":\"\",\"sgmbDropdownColor\":\"\",\"sgmbDropdownLabelFontSize\":\"14\",\"sgmbDropdownLabelColor\":\"\",\"showButtonsOnEveryPost\":\"on\",\"selectedOrExcluded\":\"\",\"showButtonsOnEveryPage\":\"\",\"textOnEveryPost\":\"Compartilhe\",\"showButtonsOnCustomPost\":\"\",\"textOnCustomPost\":\"\",\"showButtonsOnMobileDirect\":\"on\",\"showButtonsOnDesktopDirect\":\"on\",\"sgmbSelectedPages\":[\"\"],\"sgmbExcludedPosts\":[\"\"],\"sgmbSelectedCustomPosts\":[],\"showButtonsInPopup\":\"\",\"titleOfPopup\":\"\",\"descriptionOfPopup\":\"\",\"showPopupOnLoad\":\"\",\"showPopupOnScroll\":\"\",\"showPopupOnExit\":\"\",\"openSecondsOfPopup\":\"\",\"googleAnaliticsAccount\":\"\"},\"buttonOptions\":{\"facebook\":{\"label\":\"Share\",\"icon\":\"default-facebook\"},\"twitter\":{\"label\":\"Tweet\",\"icon\":\"default-twitter\",\"via\":\"\",\"hashtags\":\"\"}},\"button\":[\"facebook\",\"twitter\"]}, 1, '', 'http:\/\/www.apucarana.pr.gov.br\/ame\/wp-content\/uploads\/2019\/07\/FORMA\u00c7\u00c3OPROFETA-4.jpg', '', 'http:\/\/www.apucarana.pr.gov.br\/ame\/apucarana-promove-formacao-continuada-para-gestores-e-professores-da-rede-municipal-de-ensino\/'); });<\/script><\/div><script> jQuery(\".socialMediaOnEveryPost\").addClass(\"sgmb-left\") <\/script>","protected":false},"excerpt":{"rendered":"<p>O objetivo da capacita\u00e7\u00e3o \u00e9 atualizar os conhecimentos dos educadores e planejar as atividades que ser\u00e3o desenvolvidas ao longo do segundo semestre letivo (Fotos: Profeta)<\/p>\n","protected":false},"author":10,"featured_media":8431,"comment_status":"closed","ping_status":"open","sticky":false,"template":"","format":"standard","meta":[],"categories":[9],"tags":[],"_links":{"self":[{"href":"http:\/\/www.apucarana.pr.gov.br\/ame\/wp-json\/wp\/v2\/posts\/8427"}],"collection":[{"href":"http:\/\/www.apucarana.pr.gov.br\/ame\/wp-json\/wp\/v2\/posts"}],"about":[{"href":"http:\/\/www.apucarana.pr.gov.br\/ame\/wp-json\/wp\/v2\/types\/post"}],"author":[{"embeddable":true,"href":"http:\/\/www.apucarana.pr.gov.br\/ame\/wp-json\/wp\/v2\/users\/10"}],"replies":[{"embeddable":true,"href":"http:\/\/www.apucarana.pr.gov.br\/ame\/wp-json\/wp\/v2\/comments?post=8427"}],"version-history":[{"count":1,"href":"http:\/\/www.apucarana.pr.gov.br\/ame\/wp-json\/wp\/v2\/posts\/8427\/revisions"}],"predecessor-version":[{"id":8435,"href":"http:\/\/www.apucarana.pr.gov.br\/ame\/wp-json\/wp\/v2\/posts\/8427\/revisions\/8435"}],"wp:featuredmedia":[{"embeddable":true,"href":"http:\/\/www.apucarana.pr.gov.br\/ame\/wp-json\/wp\/v2\/media\/8431"}],"wp:attachment":[{"href":"http:\/\/www.apucarana.pr.gov.br\/ame\/wp-json\/wp\/v2\/media?parent=8427"}],"wp:term":[{"taxonomy":"category","embeddable":true,"href":"http:\/\/www.apucarana.pr.gov.br\/ame\/wp-json\/wp\/v2\/categories?post=8427"},{"taxonomy":"post_tag","embeddable":true,"href":"http:\/\/www.apucarana.pr.gov.br\/ame\/wp-json\/wp\/v2\/tags?post=8427"}],"curies":[{"name":"wp","href":"https:\/\/api.w.org\/{rel}","templated":true}]}}