{"id":8425,"date":"2019-07-24T11:40:36","date_gmt":"2019-07-24T14:40:36","guid":{"rendered":"http:\/\/www.apucarana.pr.gov.br\/ame\/?p=8425"},"modified":"2024-10-08T09:10:04","modified_gmt":"2024-10-08T12:10:04","slug":"polo-uab-esta-com-inscricoes-abertas-para-processos-seletivos-que-visam-a-contratacao-de-tutores-presenciais","status":"publish","type":"post","link":"http:\/\/www.apucarana.pr.gov.br\/ame\/polo-uab-esta-com-inscricoes-abertas-para-processos-seletivos-que-visam-a-contratacao-de-tutores-presenciais\/","title":{"rendered":"Polo UAB est\u00e1 com inscri\u00e7\u00f5es abertas para processos seletivos  que visam \u00e0 contrata\u00e7\u00e3o de tutores presenciais"},"content":{"rendered":"<p>O polo apucaranense da Universidade Aberta do Brasil (Polo UAB) est\u00e1 recebendo inscri\u00e7\u00f5es para dois processos seletivos que visam \u00e0 contrata\u00e7\u00e3o de tutores presenciais. Os aprovados devem atuar junto aos cursos de p\u00f3s-gradua\u00e7\u00e3o em Gest\u00e3o P\u00fablica Municipal e Gest\u00e3o em Sa\u00fade, ambos ofertados pela Universidade Estadual do Centro-Oeste (Unicentro).<\/p>\n<p>As inscri\u00e7\u00f5es s\u00e3o gratuitas e devem ser feitas por meio do endere\u00e7o eletr\u00f4nico\u00a0<a href=\"https:\/\/evento.unicentro.br\/site\/tutor\">https:\/\/evento.unicentro.br\/site\/tutor<\/a>\u00a0at\u00e9 o pr\u00f3ximo domingo (28\/7). O contrato tem dura\u00e7\u00e3o de um ano, com bolsa de fomento governamental no valor de R$765,00 mensais. A carga hor\u00e1ria do trabalho \u00e9 de 20 horas semanais.<\/p>\n<p>As principais fun\u00e7\u00f5es do tutor s\u00e3o mediar a comunica\u00e7\u00e3o de conte\u00fados entre o professor e os cursistas, acompanhar, corrigir e dar retorno \u00e0s atividades discentes, apoiar o professor da disciplina no desenvolvimento das atividades docentes, participar de atividades de capacita\u00e7\u00e3o promovidas pela institui\u00e7\u00e3o de ensino superior, elaborar relat\u00f3rios mensais de acompanhamento dos alunos, participar do processo de avalia\u00e7\u00e3o, manter a regularidade de acesso ao Ambiente Virtual de Aprendizagem (AVA) e apoiar a coordena\u00e7\u00e3o do curso nas atividades presenciais nos polos.<\/p>\n<p>Outras informa\u00e7\u00f5es sobre os requisitos exigidos dos candidatos e a documenta\u00e7\u00e3o necess\u00e1ria para a inscri\u00e7\u00e3o podem ser obtidas diretamente nos editais do curso de Gest\u00e3o P\u00fablica Municipal &#8211;\u00a0<a href=\"https:\/\/drive.google.com\/file\/d\/1bWfhV73kLU2FT3nNY7cn1dXtgDghLQfy\/view\">n\u00ba 026\/2019<\/a>\u00a0e de Gest\u00e3o em Sa\u00fade \u2013\u00a0<a href=\"https:\/\/drive.google.com\/file\/d\/1r26387D4RFxJH-eaa_slz74wq37B-BP_\/view\">n\u00ba 027\/2019<\/a>.<\/p>\n<div class = 'socialMediaOnEveryPost'>Compartilhe<div id=\"sgmbShare1-1\" class=\"sgmbShare jssocials-theme-classic sgmbWidget1-1\"><\/div><div class=\"dropdownWrapper dropdownWrapper1 dropdownWrapper-for-widget \" id=\"dropdownWrapper-for-widget\">\r\n\t\t\t\t\t\t<div class=\"dropdownLabel\" id=\"dropdownLabel-share-list\"><span class=\"sgmbButtonListLabel1\">Share List<\/span><\/div>\r\n\t\t\t\t\t\t<div class=\"dropdownPanel dropdownPanel1-1\">\r\n\t\t\t\t\t\t<\/div>\r\n\t\t\t\t\t<\/div><script>  SGMB_URL = \"http:\/\/www.apucarana.pr.gov.br\/ame\/wp-content\/plugins\/social-media-builder\/\"; jQuery(\".dropdownWrapper\").hide(); SGMB_GOOGLE_ACOUNT = \"\"; <\/script><script type=\"text\/javascript\">\r\n\t\tjQuery(document).ready(function($){var widget = new SGMBWidget();widget.show({\"id\":\"1\",\"title\":\"Face\\\/Twitter\",\"options\":{\"currentUrl\":\"1\",\"url\":\"\",\"shareText\":\"\",\"fontSize\":\"14\",\"betweenButtons\":\"1px\",\"theme\":\"classic\",\"sgmbButtonsPosition\":\"bottomLeft\",\"socialTheme\":\"\",\"icon\":\"default\",\"buttonsPanelEffect\":\"No Effect\",\"buttonsEffect\":\"No Effect\",\"iconsEffect\":\"No Effect\",\"buttons\":\"{\\\"facebook\\\":{\\\"label\\\":\\\"Share\\\",\\\"icon\\\":\\\"default-facebook\\\"},\\\"twitter\\\":{\\\"label\\\":\\\"Tweet\\\",\\\"icon\\\":\\\"default-twitter\\\",\\\"via\\\":\\\"\\\",\\\"hashtags\\\":\\\"\\\"}}\",\"roundButton\":\"\",\"showLabels\":\"\",\"showCounts\":\"\",\"showCenter\":\"\",\"showButtonsAsList\":\"\",\"sgmbDropdownColor\":\"\",\"sgmbDropdownLabelFontSize\":\"14\",\"sgmbDropdownLabelColor\":\"\",\"showButtonsOnEveryPost\":\"on\",\"selectedOrExcluded\":\"\",\"showButtonsOnEveryPage\":\"\",\"textOnEveryPost\":\"Compartilhe\",\"showButtonsOnCustomPost\":\"\",\"textOnCustomPost\":\"\",\"showButtonsOnMobileDirect\":\"on\",\"showButtonsOnDesktopDirect\":\"on\",\"sgmbSelectedPages\":[\"\"],\"sgmbExcludedPosts\":[\"\"],\"sgmbSelectedCustomPosts\":[],\"showButtonsInPopup\":\"\",\"titleOfPopup\":\"\",\"descriptionOfPopup\":\"\",\"showPopupOnLoad\":\"\",\"showPopupOnScroll\":\"\",\"showPopupOnExit\":\"\",\"openSecondsOfPopup\":\"\",\"googleAnaliticsAccount\":\"\"},\"buttonOptions\":{\"facebook\":{\"label\":\"Share\",\"icon\":\"default-facebook\"},\"twitter\":{\"label\":\"Tweet\",\"icon\":\"default-twitter\",\"via\":\"\",\"hashtags\":\"\"}},\"button\":[\"facebook\",\"twitter\"]}, 1, '', 'http:\/\/www.apucarana.pr.gov.br\/ame\/wp-content\/uploads\/2019\/04\/POLOEDSON-DENOBI06.jpg', '', 'http:\/\/www.apucarana.pr.gov.br\/ame\/polo-uab-esta-com-inscricoes-abertas-para-processos-seletivos-que-visam-a-contratacao-de-tutores-presenciais\/'); });<\/script><\/div><script> jQuery(\".socialMediaOnEveryPost\").addClass(\"sgmb-left\") <\/script>","protected":false},"excerpt":{"rendered":"<p>Os aprovados devem atuar junto aos cursos de p\u00f3s-gradua\u00e7\u00e3o em Gest\u00e3o P\u00fablica Municipal e Gest\u00e3o em Sa\u00fade, ambos ofertados pela Unicentro<\/p>\n","protected":false},"author":10,"featured_media":8156,"comment_status":"closed","ping_status":"open","sticky":false,"template":"","format":"standard","meta":[],"categories":[9],"tags":[],"_links":{"self":[{"href":"http:\/\/www.apucarana.pr.gov.br\/ame\/wp-json\/wp\/v2\/posts\/8425"}],"collection":[{"href":"http:\/\/www.apucarana.pr.gov.br\/ame\/wp-json\/wp\/v2\/posts"}],"about":[{"href":"http:\/\/www.apucarana.pr.gov.br\/ame\/wp-json\/wp\/v2\/types\/post"}],"author":[{"embeddable":true,"href":"http:\/\/www.apucarana.pr.gov.br\/ame\/wp-json\/wp\/v2\/users\/10"}],"replies":[{"embeddable":true,"href":"http:\/\/www.apucarana.pr.gov.br\/ame\/wp-json\/wp\/v2\/comments?post=8425"}],"version-history":[{"count":1,"href":"http:\/\/www.apucarana.pr.gov.br\/ame\/wp-json\/wp\/v2\/posts\/8425\/revisions"}],"predecessor-version":[{"id":8426,"href":"http:\/\/www.apucarana.pr.gov.br\/ame\/wp-json\/wp\/v2\/posts\/8425\/revisions\/8426"}],"wp:featuredmedia":[{"embeddable":true,"href":"http:\/\/www.apucarana.pr.gov.br\/ame\/wp-json\/wp\/v2\/media\/8156"}],"wp:attachment":[{"href":"http:\/\/www.apucarana.pr.gov.br\/ame\/wp-json\/wp\/v2\/media?parent=8425"}],"wp:term":[{"taxonomy":"category","embeddable":true,"href":"http:\/\/www.apucarana.pr.gov.br\/ame\/wp-json\/wp\/v2\/categories?post=8425"},{"taxonomy":"post_tag","embeddable":true,"href":"http:\/\/www.apucarana.pr.gov.br\/ame\/wp-json\/wp\/v2\/tags?post=8425"}],"curies":[{"name":"wp","href":"https:\/\/api.w.org\/{rel}","templated":true}]}}