{"id":8417,"date":"2019-07-22T17:54:40","date_gmt":"2019-07-22T20:54:40","guid":{"rendered":"http:\/\/www.apucarana.pr.gov.br\/ame\/?p=8417"},"modified":"2024-10-08T09:10:04","modified_gmt":"2024-10-08T12:10:04","slug":"prefeitura-abre-licitacao-para-reformar-e-ampliar-escola-do-nucleo-joao-paulo","status":"publish","type":"post","link":"http:\/\/www.apucarana.pr.gov.br\/ame\/prefeitura-abre-licitacao-para-reformar-e-ampliar-escola-do-nucleo-joao-paulo\/","title":{"rendered":"Prefeitura abre licita\u00e7\u00e3o para reformar e ampliar escola do N\u00facleo Jo\u00e3o Paulo"},"content":{"rendered":"<p>A tarde desta segunda-feira (22\/7) foi de alegria para a comunidade do N\u00facleo Jo\u00e3o Paulo, na zona oeste da cidade. O prefeito Junior da Femac autorizou a abertura de processo licitat\u00f3rio para a realiza\u00e7\u00e3o de obras na Escola Municipal Jos\u00e9 Id\u00e9sio Brianezi. O investimento previsto \u00e9 de R$ 1.678.047,57. \u201cEstamos cumprindo mais uma etapa da gest\u00e3o Beto Preto, que planejou e est\u00e1 executando a reforma e amplia\u00e7\u00e3o de toda a rede escolar de Apucarana\u201d, assinala o prefeito Junior da Femac.<\/p>\n<p>O projeto de engenharia inclui a reforma de 1.945,73 m<sup>2<\/sup>, com revitaliza\u00e7\u00e3o de todas as salas de aula, refeit\u00f3rio, cozinha, \u00e1rea de servi\u00e7os e sanit\u00e1rios, revis\u00e3o das instala\u00e7\u00f5es el\u00e9tricas e hidr\u00e1ulicas, substitui\u00e7\u00e3o parcial do telhado, troca do forro e dos pisos, e restaura\u00e7\u00e3o do gin\u00e1sio de esportes.<\/p>\n<p>J\u00e1 a amplia\u00e7\u00e3o de 453,26 m<sup>2<\/sup>\u00a0refere-se \u00e0 constru\u00e7\u00e3o de muros, playground, p\u00e1tio coberto, mais duas salas de aula e de espa\u00e7os adequados para a secretaria, dire\u00e7\u00e3o e coordena\u00e7\u00e3o escolar.<\/p>\n<p>No per\u00edodo de 1990 a 2003, a Escola Municipal Jos\u00e9 Id\u00e9sio Brianezi funcionou junto ao Col\u00e9gio Estadual Heitor Cavalcante de Alencar Furtado. A sede pr\u00f3pria da institui\u00e7\u00e3o foi constru\u00edda apenas em 2004.<\/p>\n<p>\u201cApesar de ser relativamente novo, o nosso pr\u00e9dio n\u00e3o possui um p\u00e1tio coberto onde as crian\u00e7as possam fazer as refei\u00e7\u00f5es com conforto. Os funcion\u00e1rios precisam arrastar as mesas e bancos nos hor\u00e1rios em que a alimenta\u00e7\u00e3o \u00e9 servida. A escada que leva at\u00e9 o gin\u00e1sio de esportes tamb\u00e9m \u00e9 bastante perigosa,\u201d afirma a diretora Adriana Aparecida Beletatti.<\/p>\n<p>A secret\u00e1ria municipal de educa\u00e7\u00e3o, Marli Fernandes, garante que os problemas ser\u00e3o resolvidos com a obra. \u201cDesde 2013, o ex-prefeito Beto Preto e o prefeito J\u00fanior da Femac j\u00e1 autorizaram a aplica\u00e7\u00e3o de mais de R$ 44 milh\u00f5es na revitaliza\u00e7\u00e3o de 56 pr\u00e9dios escolares. A prioridade \u00e9 adequ\u00e1-los \u00e0s normas atuais de acessibilidade e seguran\u00e7a estabelecidas pelo Minist\u00e9rio da Educa\u00e7\u00e3o, Corpo de Bombeiros e Vigil\u00e2ncia Sanit\u00e1ria,\u201d disse.<\/p>\n<p>A Prefeitura de Apucarana tem como meta concluir a reforma e amplia\u00e7\u00e3o das 60 unidades de ensino da rede municipal at\u00e9 o final do pr\u00f3ximo ano. \u201cAs crian\u00e7as que est\u00e3o nos bancos escolares representam o futuro da nossa cidade. Por isso, n\u00f3s consideramos essa \u00e1rea fundamental na nossa gest\u00e3o,\u201d afirmou o prefeito Junior da Femac.<\/p>\n<p>A Escola Municipal Jos\u00e9 Id\u00e9sio Brianezi atende a 283 estudantes, matriculados na Educa\u00e7\u00e3o Infantil, nos anos iniciais do Ensino Fundamental (1\u00ba ao 5\u00ba) e na Educa\u00e7\u00e3o de Jovens e Adultos (EJA). O prazo para conclus\u00e3o da licita\u00e7\u00e3o \u00e9 de 90 dias.<\/p>\n<div class = 'socialMediaOnEveryPost'>Compartilhe<div id=\"sgmbShare1-1\" class=\"sgmbShare jssocials-theme-classic sgmbWidget1-1\"><\/div><div class=\"dropdownWrapper dropdownWrapper1 dropdownWrapper-for-widget \" id=\"dropdownWrapper-for-widget\">\r\n\t\t\t\t\t\t<div class=\"dropdownLabel\" id=\"dropdownLabel-share-list\"><span class=\"sgmbButtonListLabel1\">Share List<\/span><\/div>\r\n\t\t\t\t\t\t<div class=\"dropdownPanel dropdownPanel1-1\">\r\n\t\t\t\t\t\t<\/div>\r\n\t\t\t\t\t<\/div><script>  SGMB_URL = \"http:\/\/www.apucarana.pr.gov.br\/ame\/wp-content\/plugins\/social-media-builder\/\"; jQuery(\".dropdownWrapper\").hide(); SGMB_GOOGLE_ACOUNT = \"\"; <\/script><script type=\"text\/javascript\">\r\n\t\tjQuery(document).ready(function($){var widget = new SGMBWidget();widget.show({\"id\":\"1\",\"title\":\"Face\\\/Twitter\",\"options\":{\"currentUrl\":\"1\",\"url\":\"\",\"shareText\":\"\",\"fontSize\":\"14\",\"betweenButtons\":\"1px\",\"theme\":\"classic\",\"sgmbButtonsPosition\":\"bottomLeft\",\"socialTheme\":\"\",\"icon\":\"default\",\"buttonsPanelEffect\":\"No Effect\",\"buttonsEffect\":\"No Effect\",\"iconsEffect\":\"No Effect\",\"buttons\":\"{\\\"facebook\\\":{\\\"label\\\":\\\"Share\\\",\\\"icon\\\":\\\"default-facebook\\\"},\\\"twitter\\\":{\\\"label\\\":\\\"Tweet\\\",\\\"icon\\\":\\\"default-twitter\\\",\\\"via\\\":\\\"\\\",\\\"hashtags\\\":\\\"\\\"}}\",\"roundButton\":\"\",\"showLabels\":\"\",\"showCounts\":\"\",\"showCenter\":\"\",\"showButtonsAsList\":\"\",\"sgmbDropdownColor\":\"\",\"sgmbDropdownLabelFontSize\":\"14\",\"sgmbDropdownLabelColor\":\"\",\"showButtonsOnEveryPost\":\"on\",\"selectedOrExcluded\":\"\",\"showButtonsOnEveryPage\":\"\",\"textOnEveryPost\":\"Compartilhe\",\"showButtonsOnCustomPost\":\"\",\"textOnCustomPost\":\"\",\"showButtonsOnMobileDirect\":\"on\",\"showButtonsOnDesktopDirect\":\"on\",\"sgmbSelectedPages\":[\"\"],\"sgmbExcludedPosts\":[\"\"],\"sgmbSelectedCustomPosts\":[],\"showButtonsInPopup\":\"\",\"titleOfPopup\":\"\",\"descriptionOfPopup\":\"\",\"showPopupOnLoad\":\"\",\"showPopupOnScroll\":\"\",\"showPopupOnExit\":\"\",\"openSecondsOfPopup\":\"\",\"googleAnaliticsAccount\":\"\"},\"buttonOptions\":{\"facebook\":{\"label\":\"Share\",\"icon\":\"default-facebook\"},\"twitter\":{\"label\":\"Tweet\",\"icon\":\"default-twitter\",\"via\":\"\",\"hashtags\":\"\"}},\"button\":[\"facebook\",\"twitter\"]}, 1, '', 'http:\/\/www.apucarana.pr.gov.br\/ame\/wp-content\/uploads\/2019\/07\/REFORMAPROFETA-4-1.jpg', '', 'http:\/\/www.apucarana.pr.gov.br\/ame\/prefeitura-abre-licitacao-para-reformar-e-ampliar-escola-do-nucleo-joao-paulo\/'); });<\/script><\/div><script> jQuery(\".socialMediaOnEveryPost\").addClass(\"sgmb-left\") <\/script>","protected":false},"excerpt":{"rendered":"<p>As obras na Escola Municipal Jos\u00e9 Id\u00e9sio Brianezi devem absorver investimento de R$ 1,6 milh\u00e3o e beneficiar 283 alunos (Fotos: Profeta)<\/p>\n","protected":false},"author":10,"featured_media":8420,"comment_status":"closed","ping_status":"open","sticky":false,"template":"","format":"standard","meta":[],"categories":[9],"tags":[],"_links":{"self":[{"href":"http:\/\/www.apucarana.pr.gov.br\/ame\/wp-json\/wp\/v2\/posts\/8417"}],"collection":[{"href":"http:\/\/www.apucarana.pr.gov.br\/ame\/wp-json\/wp\/v2\/posts"}],"about":[{"href":"http:\/\/www.apucarana.pr.gov.br\/ame\/wp-json\/wp\/v2\/types\/post"}],"author":[{"embeddable":true,"href":"http:\/\/www.apucarana.pr.gov.br\/ame\/wp-json\/wp\/v2\/users\/10"}],"replies":[{"embeddable":true,"href":"http:\/\/www.apucarana.pr.gov.br\/ame\/wp-json\/wp\/v2\/comments?post=8417"}],"version-history":[{"count":1,"href":"http:\/\/www.apucarana.pr.gov.br\/ame\/wp-json\/wp\/v2\/posts\/8417\/revisions"}],"predecessor-version":[{"id":8418,"href":"http:\/\/www.apucarana.pr.gov.br\/ame\/wp-json\/wp\/v2\/posts\/8417\/revisions\/8418"}],"wp:featuredmedia":[{"embeddable":true,"href":"http:\/\/www.apucarana.pr.gov.br\/ame\/wp-json\/wp\/v2\/media\/8420"}],"wp:attachment":[{"href":"http:\/\/www.apucarana.pr.gov.br\/ame\/wp-json\/wp\/v2\/media?parent=8417"}],"wp:term":[{"taxonomy":"category","embeddable":true,"href":"http:\/\/www.apucarana.pr.gov.br\/ame\/wp-json\/wp\/v2\/categories?post=8417"},{"taxonomy":"post_tag","embeddable":true,"href":"http:\/\/www.apucarana.pr.gov.br\/ame\/wp-json\/wp\/v2\/tags?post=8417"}],"curies":[{"name":"wp","href":"https:\/\/api.w.org\/{rel}","templated":true}]}}