{"id":8408,"date":"2019-07-06T13:58:55","date_gmt":"2019-07-06T16:58:55","guid":{"rendered":"http:\/\/www.apucarana.pr.gov.br\/ame\/?p=8408"},"modified":"2024-10-08T09:10:04","modified_gmt":"2024-10-08T12:10:04","slug":"jardim-figueira-ganha-creche-com-padrao-de-excelencia","status":"publish","type":"post","link":"http:\/\/www.apucarana.pr.gov.br\/ame\/jardim-figueira-ganha-creche-com-padrao-de-excelencia\/","title":{"rendered":"Jardim Figueira ganha creche com padr\u00e3o de excel\u00eancia"},"content":{"rendered":"<p>A Prefeitura de Apucarana, por meio da Autarquia Municipal de Educa\u00e7\u00e3o (AME), entregou hoje (6) as obras de reforma e amplia\u00e7\u00e3o do Centro Municipal de Educa\u00e7\u00e3o Infantil (CMEI) Serafim Colombo \u00e0 comunidade do Jardim Figueira, na zona oeste da cidade. O investimento feito na \u00e1rea reformada (295 m<sup>2<\/sup>) e na \u00e1rea ampliada (134 m<sup>2<\/sup>) somou R$ 462.319,78.<\/p>\n<p>De acordo com superintendente de engenharia da Autarquia Municipal de Educa\u00e7\u00e3o, Miriam Corbacho, o pr\u00e9dio foi completamente revitalizado e adequado \u00e0s normas sanit\u00e1rias e de seguran\u00e7a exigidas pelo Minist\u00e9rio da Educa\u00e7\u00e3o, Corpo de Bombeiros e Vigil\u00e2ncia Sanit\u00e1ria. Entre os servi\u00e7os executados est\u00e3o a reforma das salas de aula, dos sanit\u00e1rios, do refeit\u00f3rio, da \u00e1rea de servi\u00e7o e do setor administrativo. Tamb\u00e9m foi substitu\u00eddo o forro de madeira por estrutura em PVC, e assentados novos pisos cer\u00e2micos, al\u00e9m da completa revis\u00e3o das instala\u00e7\u00f5es el\u00e9tricas e hidr\u00e1ulicas.<\/p>\n<p>A secret\u00e1ria de educa\u00e7\u00e3o, Marli Fernandes, disse que o CMEI ganhou uma nova cozinha e despensa, mais uma sala de ber\u00e7\u00e1rio com espa\u00e7o para higieniza\u00e7\u00e3o e lact\u00e1rio, um banheiro na sala do maternal e cobertura de policarbonato, ligando o port\u00e3o ao pr\u00e9dio.<\/p>\n<p>Conforme anunciou o prefeito Junior da Femac, o n\u00famero de crian\u00e7as atendidas deve aumentar na regi\u00e3o que abrange Jardim Figueira, Vila Regina, N\u00facleo da Fraternidade, Vila Apucaraninha, Col\u00f4nia dos Novos Produtores e Barra Funda. \u201cO CMEI Serafim Colombo tem capacidade para receber at\u00e9 100 alunos e a nova sede do CMEI Cosap, inaugurada no ano passado, outros 80. Somadas, s\u00e3o 180 vagas ofertadas \u00e0s fam\u00edlias\u201d, explicou.<\/p>\n<p>Junior da Femac enalteceu o planejamento e a execu\u00e7\u00e3o de obras de reforma e amplia\u00e7\u00e3o na educa\u00e7\u00e3o, durante a gest\u00e3o do prefeito Beto Preto. \u201cA partir de 2013, a Prefeitura de Apucarana investiu R$ 41,5 milh\u00f5es na reforma e amplia\u00e7\u00e3o de 54 das 60 unidades de ensino da rede municipal. A educa\u00e7\u00e3o transforma a vida das pessoas, por isso reconhecemos o trabalho capitaneado pelo Beto Preto e a professora Marli Fernandes. Quem estuda em um ambiente bonito e acolhedor aprende com mais facilidade. Por isso, a nossa meta \u00e9 dar continuidade neste trabalho, at\u00e9 que todos os pr\u00e9dios da rede sejam contemplados\u201d, comentou Junior da Femac.<\/p>\n<p>O secret\u00e1rio de sa\u00fade do Paran\u00e1 e ex-prefeito Beto Preto prestigiou a solenidade de entrega das obras do CMEI Serafim Colombo. \u201cEu tenho andado o Paran\u00e1 inteiro e por onde passo, as pessoas falam de Apucarana, que se tornou refer\u00eancia para os outros munic\u00edpios. As obras em Apucarana s\u00f3 s\u00e3o poss\u00edveis gra\u00e7as \u00e0 economia que a prefeitura vem fazendo. Economia que tamb\u00e9m queremos reproduzir em \u00e2mbito estadual, conforme pede o governador Ratinho Junior\u201d, comentou o secret\u00e1rio, assinalando que veio \u00e0 cidade para deixar um abra\u00e7o do governador Ratinho Junior.<\/p>\n<p>O vereador Ant\u00f4nio Sidrin que representa o Jardim Figueira, lembrou que durante cerca de 30 anos essa regi\u00e3o da cidade ficou completamente esquecida. \u201cNos \u00faltimos 6 anos o panorama mudou e essa regi\u00e3o\u00a0 foi uma das que mais recebeu recursos em obras p\u00fablicas, por isso agrade\u00e7o ao Beto Preto e ao Junior da Femac\u201d, discursou Sidrin.<\/p>\n<p>O CMEI Serafim Colombo foi constru\u00eddo no final da d\u00e9cada de 1980. \u201cN\u00f3s estamos muito felizes com a reforma porque ela traz mais seguran\u00e7a e conforto. Como antes o pr\u00e9dio n\u00e3o tinha muros nem acessibilidade, os professores tinham receio de levar as crian\u00e7as para brincar no parquinho. O refeit\u00f3rio n\u00e3o tinha espa\u00e7o suficiente,\u201d lembra a diretora da unidade de ensino, Adriana Pres\u00f4to.<\/p>\n<p>A solenidade tamb\u00e9m teve a presen\u00e7a dos vereadores Gentil Pereira e Francylei Poim; secret\u00e1rios municipais; a presidente da APMF, K\u00e1tia Correa; e o presidente da Associa\u00e7\u00e3o de Moradores do Jardim Figueira e regi\u00e3o, Rog\u00e9rio Almeida.<\/p>\n<div class = 'socialMediaOnEveryPost'>Compartilhe<div id=\"sgmbShare1-1\" class=\"sgmbShare jssocials-theme-classic sgmbWidget1-1\"><\/div><div class=\"dropdownWrapper dropdownWrapper1 dropdownWrapper-for-widget \" id=\"dropdownWrapper-for-widget\">\r\n\t\t\t\t\t\t<div class=\"dropdownLabel\" id=\"dropdownLabel-share-list\"><span class=\"sgmbButtonListLabel1\">Share List<\/span><\/div>\r\n\t\t\t\t\t\t<div class=\"dropdownPanel dropdownPanel1-1\">\r\n\t\t\t\t\t\t<\/div>\r\n\t\t\t\t\t<\/div><script>  SGMB_URL = \"http:\/\/www.apucarana.pr.gov.br\/ame\/wp-content\/plugins\/social-media-builder\/\"; jQuery(\".dropdownWrapper\").hide(); SGMB_GOOGLE_ACOUNT = \"\"; <\/script><script type=\"text\/javascript\">\r\n\t\tjQuery(document).ready(function($){var widget = new SGMBWidget();widget.show({\"id\":\"1\",\"title\":\"Face\\\/Twitter\",\"options\":{\"currentUrl\":\"1\",\"url\":\"\",\"shareText\":\"\",\"fontSize\":\"14\",\"betweenButtons\":\"1px\",\"theme\":\"classic\",\"sgmbButtonsPosition\":\"bottomLeft\",\"socialTheme\":\"\",\"icon\":\"default\",\"buttonsPanelEffect\":\"No Effect\",\"buttonsEffect\":\"No Effect\",\"iconsEffect\":\"No Effect\",\"buttons\":\"{\\\"facebook\\\":{\\\"label\\\":\\\"Share\\\",\\\"icon\\\":\\\"default-facebook\\\"},\\\"twitter\\\":{\\\"label\\\":\\\"Tweet\\\",\\\"icon\\\":\\\"default-twitter\\\",\\\"via\\\":\\\"\\\",\\\"hashtags\\\":\\\"\\\"}}\",\"roundButton\":\"\",\"showLabels\":\"\",\"showCounts\":\"\",\"showCenter\":\"\",\"showButtonsAsList\":\"\",\"sgmbDropdownColor\":\"\",\"sgmbDropdownLabelFontSize\":\"14\",\"sgmbDropdownLabelColor\":\"\",\"showButtonsOnEveryPost\":\"on\",\"selectedOrExcluded\":\"\",\"showButtonsOnEveryPage\":\"\",\"textOnEveryPost\":\"Compartilhe\",\"showButtonsOnCustomPost\":\"\",\"textOnCustomPost\":\"\",\"showButtonsOnMobileDirect\":\"on\",\"showButtonsOnDesktopDirect\":\"on\",\"sgmbSelectedPages\":[\"\"],\"sgmbExcludedPosts\":[\"\"],\"sgmbSelectedCustomPosts\":[],\"showButtonsInPopup\":\"\",\"titleOfPopup\":\"\",\"descriptionOfPopup\":\"\",\"showPopupOnLoad\":\"\",\"showPopupOnScroll\":\"\",\"showPopupOnExit\":\"\",\"openSecondsOfPopup\":\"\",\"googleAnaliticsAccount\":\"\"},\"buttonOptions\":{\"facebook\":{\"label\":\"Share\",\"icon\":\"default-facebook\"},\"twitter\":{\"label\":\"Tweet\",\"icon\":\"default-twitter\",\"via\":\"\",\"hashtags\":\"\"}},\"button\":[\"facebook\",\"twitter\"]}, 1, '', 'http:\/\/www.apucarana.pr.gov.br\/ame\/wp-content\/uploads\/2019\/07\/REFORMAPROFETA-5.jpg', '', 'http:\/\/www.apucarana.pr.gov.br\/ame\/jardim-figueira-ganha-creche-com-padrao-de-excelencia\/'); });<\/script><\/div><script> jQuery(\".socialMediaOnEveryPost\").addClass(\"sgmb-left\") <\/script>","protected":false},"excerpt":{"rendered":"<p>A Prefeitura de Apucarana investiu R$ 462.319,78 na reforma e amplia\u00e7\u00e3o do CMEI Serafim Colombo, que tem capacidade para atender at\u00e9 100 crian\u00e7as (Fotos: Profeta)<\/p>\n","protected":false},"author":10,"featured_media":8413,"comment_status":"closed","ping_status":"open","sticky":false,"template":"","format":"standard","meta":[],"categories":[9],"tags":[],"_links":{"self":[{"href":"http:\/\/www.apucarana.pr.gov.br\/ame\/wp-json\/wp\/v2\/posts\/8408"}],"collection":[{"href":"http:\/\/www.apucarana.pr.gov.br\/ame\/wp-json\/wp\/v2\/posts"}],"about":[{"href":"http:\/\/www.apucarana.pr.gov.br\/ame\/wp-json\/wp\/v2\/types\/post"}],"author":[{"embeddable":true,"href":"http:\/\/www.apucarana.pr.gov.br\/ame\/wp-json\/wp\/v2\/users\/10"}],"replies":[{"embeddable":true,"href":"http:\/\/www.apucarana.pr.gov.br\/ame\/wp-json\/wp\/v2\/comments?post=8408"}],"version-history":[{"count":1,"href":"http:\/\/www.apucarana.pr.gov.br\/ame\/wp-json\/wp\/v2\/posts\/8408\/revisions"}],"predecessor-version":[{"id":8415,"href":"http:\/\/www.apucarana.pr.gov.br\/ame\/wp-json\/wp\/v2\/posts\/8408\/revisions\/8415"}],"wp:featuredmedia":[{"embeddable":true,"href":"http:\/\/www.apucarana.pr.gov.br\/ame\/wp-json\/wp\/v2\/media\/8413"}],"wp:attachment":[{"href":"http:\/\/www.apucarana.pr.gov.br\/ame\/wp-json\/wp\/v2\/media?parent=8408"}],"wp:term":[{"taxonomy":"category","embeddable":true,"href":"http:\/\/www.apucarana.pr.gov.br\/ame\/wp-json\/wp\/v2\/categories?post=8408"},{"taxonomy":"post_tag","embeddable":true,"href":"http:\/\/www.apucarana.pr.gov.br\/ame\/wp-json\/wp\/v2\/tags?post=8408"}],"curies":[{"name":"wp","href":"https:\/\/api.w.org\/{rel}","templated":true}]}}