{"id":8377,"date":"2019-07-02T14:31:23","date_gmt":"2019-07-02T17:31:23","guid":{"rendered":"http:\/\/www.apucarana.pr.gov.br\/ame\/?p=8377"},"modified":"2024-10-08T09:10:04","modified_gmt":"2024-10-08T12:10:04","slug":"alunos-apresentam-trabalho-sobre-cultura-indigena","status":"publish","type":"post","link":"http:\/\/www.apucarana.pr.gov.br\/ame\/alunos-apresentam-trabalho-sobre-cultura-indigena\/","title":{"rendered":"Alunos apresentam trabalho sobre cultura ind\u00edgena"},"content":{"rendered":"<p>O prefeito Junior da Femac prestigiou, na tarde de ontem (1\/7), uma apresenta\u00e7\u00e3o art\u00edstica das turmas de 4\u00ba e 5\u00ba ano da Escola Vida Nova. A atividade, que abordou o tema da cultura ind\u00edgena, \u00e9 parte de um projeto de leitura desenvolvido na rede municipal de ensino apucaranense.<\/p>\n<p>De acordo com as coordenadoras pedag\u00f3gicas da institui\u00e7\u00e3o, Janete Grosman e Regina Paschoal, os h\u00e1bitos e costumes dos primeiros habitantes foram trabalhados a partir de obras que comp\u00f5em o acervo da Biblioteca Itinerante.<\/p>\n<p>\u201cOs professores utilizaram principalmente os livros \u2018A lenda do dia e da noite\u2019, \u2018O sumi\u00e7o da noite\u2019 e \u2018Um sonho que n\u00e3o parecia sonho\u2019 para refletir com os alunos sobre as fun\u00e7\u00f5es de homens e mulheres na aldeia, a hierarquia dentro da tribo, o modo de vida e as cren\u00e7as dos nativos, entre outros assuntos,\u201d detalha Janete.<\/p>\n<p>Em 2015, a Autarquia Municipal de Educa\u00e7\u00e3o equipou as salas de aula das 36 escolas da sua rede com bibliotecas itinerantes. Um livreiro tamb\u00e9m foi repassado para cada CMEI. \u201cS\u00e3o arm\u00e1rios com rodinhas que t\u00eam capacidade para guardar e transportar at\u00e9 cem obras, selecionadas de acordo com a faixa et\u00e1ria das turmas. O objetivo \u00e9 que as crian\u00e7as sempre tenham um livro ao alcance das m\u00e3os e desenvolvam o gosto pela leitura,\u201d explica a secret\u00e1ria municipal de educa\u00e7\u00e3o, Marli Fernandes.<\/p>\n<p>\u201cAl\u00e9m do conte\u00fado aprendido com a literatura, a cultura ind\u00edgena foi trabalhada de maneira interdisciplinar nas aulas de hist\u00f3ria, geografia e dan\u00e7a,\u201d acrescentou a coordenadora Regina.<\/p>\n<p>O sucesso do projeto de leitura pode ser medido pelas declara\u00e7\u00f5es dos alunos. \u201cEu percebi que cada povo fala uma l\u00edngua e possui dan\u00e7as, pinturas corporais e costumes diferentes. Os ind\u00edgenas nos ensinam a fazer um mundo melhor, respeitando a natureza,\u201d disse Vit\u00f3ria Gabriele Tortuga, do 4\u00ba ano.<\/p>\n<p>\u201cOs ind\u00edgenas, africanos e portugueses ajudaram a formar o Brasil. Ao estudar a hist\u00f3ria deles, n\u00f3s aprendemos sobre as nossas ra\u00edzes,\u201d falou Jo\u00e3o Pedro Franco, do 5\u00ba ano.<\/p>\n<p>O prefeito Junior da Femac compartilhou com os estudantes um pouco da hist\u00f3ria da regi\u00e3o. \u201cOs primeiros habitantes do Norte do Paran\u00e1 pertenciam \u00e0s etnias Kaingang, Tupi-Guarani e Xet\u00e1. Apucarana \u00e9 um nome de origem ind\u00edgena que significa \u2018floresta imensa\u2019. Parab\u00e9ns a todos que participaram da apresenta\u00e7\u00e3o, foi muito bonita,\u201d elogiou o gestor.<\/p>\n<div class = 'socialMediaOnEveryPost'>Compartilhe<div id=\"sgmbShare1-1\" class=\"sgmbShare jssocials-theme-classic sgmbWidget1-1\"><\/div><div class=\"dropdownWrapper dropdownWrapper1 dropdownWrapper-for-widget \" id=\"dropdownWrapper-for-widget\">\r\n\t\t\t\t\t\t<div class=\"dropdownLabel\" id=\"dropdownLabel-share-list\"><span class=\"sgmbButtonListLabel1\">Share List<\/span><\/div>\r\n\t\t\t\t\t\t<div class=\"dropdownPanel dropdownPanel1-1\">\r\n\t\t\t\t\t\t<\/div>\r\n\t\t\t\t\t<\/div><script>  SGMB_URL = \"http:\/\/www.apucarana.pr.gov.br\/ame\/wp-content\/plugins\/social-media-builder\/\"; jQuery(\".dropdownWrapper\").hide(); SGMB_GOOGLE_ACOUNT = \"\"; <\/script><script type=\"text\/javascript\">\r\n\t\tjQuery(document).ready(function($){var widget = new SGMBWidget();widget.show({\"id\":\"1\",\"title\":\"Face\\\/Twitter\",\"options\":{\"currentUrl\":\"1\",\"url\":\"\",\"shareText\":\"\",\"fontSize\":\"14\",\"betweenButtons\":\"1px\",\"theme\":\"classic\",\"sgmbButtonsPosition\":\"bottomLeft\",\"socialTheme\":\"\",\"icon\":\"default\",\"buttonsPanelEffect\":\"No Effect\",\"buttonsEffect\":\"No Effect\",\"iconsEffect\":\"No Effect\",\"buttons\":\"{\\\"facebook\\\":{\\\"label\\\":\\\"Share\\\",\\\"icon\\\":\\\"default-facebook\\\"},\\\"twitter\\\":{\\\"label\\\":\\\"Tweet\\\",\\\"icon\\\":\\\"default-twitter\\\",\\\"via\\\":\\\"\\\",\\\"hashtags\\\":\\\"\\\"}}\",\"roundButton\":\"\",\"showLabels\":\"\",\"showCounts\":\"\",\"showCenter\":\"\",\"showButtonsAsList\":\"\",\"sgmbDropdownColor\":\"\",\"sgmbDropdownLabelFontSize\":\"14\",\"sgmbDropdownLabelColor\":\"\",\"showButtonsOnEveryPost\":\"on\",\"selectedOrExcluded\":\"\",\"showButtonsOnEveryPage\":\"\",\"textOnEveryPost\":\"Compartilhe\",\"showButtonsOnCustomPost\":\"\",\"textOnCustomPost\":\"\",\"showButtonsOnMobileDirect\":\"on\",\"showButtonsOnDesktopDirect\":\"on\",\"sgmbSelectedPages\":[\"\"],\"sgmbExcludedPosts\":[\"\"],\"sgmbSelectedCustomPosts\":[],\"showButtonsInPopup\":\"\",\"titleOfPopup\":\"\",\"descriptionOfPopup\":\"\",\"showPopupOnLoad\":\"\",\"showPopupOnScroll\":\"\",\"showPopupOnExit\":\"\",\"openSecondsOfPopup\":\"\",\"googleAnaliticsAccount\":\"\"},\"buttonOptions\":{\"facebook\":{\"label\":\"Share\",\"icon\":\"default-facebook\"},\"twitter\":{\"label\":\"Tweet\",\"icon\":\"default-twitter\",\"via\":\"\",\"hashtags\":\"\"}},\"button\":[\"facebook\",\"twitter\"]}, 1, '', 'http:\/\/www.apucarana.pr.gov.br\/ame\/wp-content\/uploads\/2019\/07\/INDIGENAPROFETA-6.jpg', '', 'http:\/\/www.apucarana.pr.gov.br\/ame\/alunos-apresentam-trabalho-sobre-cultura-indigena\/'); });<\/script><\/div><script> jQuery(\".socialMediaOnEveryPost\").addClass(\"sgmb-left\") <\/script>","protected":false},"excerpt":{"rendered":"<p>As turmas de 4\u00ba e 5\u00ba ano da Escola Vida Nova aprenderam sobre os costumes dos nativos brasileiros a partir de livros que comp\u00f5em o acervo da Biblioteca Itinerante (Fotos: Profeta)<\/p>\n","protected":false},"author":10,"featured_media":8381,"comment_status":"closed","ping_status":"open","sticky":false,"template":"","format":"standard","meta":[],"categories":[9],"tags":[],"_links":{"self":[{"href":"http:\/\/www.apucarana.pr.gov.br\/ame\/wp-json\/wp\/v2\/posts\/8377"}],"collection":[{"href":"http:\/\/www.apucarana.pr.gov.br\/ame\/wp-json\/wp\/v2\/posts"}],"about":[{"href":"http:\/\/www.apucarana.pr.gov.br\/ame\/wp-json\/wp\/v2\/types\/post"}],"author":[{"embeddable":true,"href":"http:\/\/www.apucarana.pr.gov.br\/ame\/wp-json\/wp\/v2\/users\/10"}],"replies":[{"embeddable":true,"href":"http:\/\/www.apucarana.pr.gov.br\/ame\/wp-json\/wp\/v2\/comments?post=8377"}],"version-history":[{"count":1,"href":"http:\/\/www.apucarana.pr.gov.br\/ame\/wp-json\/wp\/v2\/posts\/8377\/revisions"}],"predecessor-version":[{"id":8391,"href":"http:\/\/www.apucarana.pr.gov.br\/ame\/wp-json\/wp\/v2\/posts\/8377\/revisions\/8391"}],"wp:featuredmedia":[{"embeddable":true,"href":"http:\/\/www.apucarana.pr.gov.br\/ame\/wp-json\/wp\/v2\/media\/8381"}],"wp:attachment":[{"href":"http:\/\/www.apucarana.pr.gov.br\/ame\/wp-json\/wp\/v2\/media?parent=8377"}],"wp:term":[{"taxonomy":"category","embeddable":true,"href":"http:\/\/www.apucarana.pr.gov.br\/ame\/wp-json\/wp\/v2\/categories?post=8377"},{"taxonomy":"post_tag","embeddable":true,"href":"http:\/\/www.apucarana.pr.gov.br\/ame\/wp-json\/wp\/v2\/tags?post=8377"}],"curies":[{"name":"wp","href":"https:\/\/api.w.org\/{rel}","templated":true}]}}