{"id":8373,"date":"2019-07-01T14:43:06","date_gmt":"2019-07-01T17:43:06","guid":{"rendered":"http:\/\/www.apucarana.pr.gov.br\/ame\/?p=8373"},"modified":"2024-10-08T09:10:04","modified_gmt":"2024-10-08T12:10:04","slug":"professora-apucaranense-vence-concurso-e-ganha-viagem-de-estudos-ao-canada","status":"publish","type":"post","link":"http:\/\/www.apucarana.pr.gov.br\/ame\/professora-apucaranense-vence-concurso-e-ganha-viagem-de-estudos-ao-canada\/","title":{"rendered":"Professora apucaranense vence concurso e ganha viagem de estudos ao Canad\u00e1"},"content":{"rendered":"<p>A professora Leiliane Barros Cardoso Almeida, que d\u00e1 aulas de L\u00edngua Inglesa na Escola Municipal Jo\u00e3o Antonio Braga C\u00f4rtes, foi classificada em um programa de desenvolvimento profissional organizado pelo Minist\u00e9rio da Educa\u00e7\u00e3o, atrav\u00e9s da Funda\u00e7\u00e3o Capes, e vai participar de um curso de oito semanas de aperfei\u00e7oamento docente no Canad\u00e1. Na \u00faltima sexta-feira (28), ela foi recepcionada pelo prefeito Junior da Femac e a secret\u00e1ria de educa\u00e7\u00e3o Marli Fernandes no gabinete do executivo.<\/p>\n<p>O projeto inscrito por ela no concurso foi um interc\u00e2mbio entre os estudantes da Escola Jo\u00e3o Ant\u00f4nio Braga C\u00f4rtes e da Heritage Christian School, em Washington, Estados Unidos. \u00a0\u201cOs nossos alunos enviaram cartas e fotos para as crian\u00e7as norte-americanas, descrevendo como \u00e9 a rotina escolar aqui e perguntando curiosidades de l\u00e1. Recentemente, as respostas chegaram e todos ficaram muito felizes,\u201d detalhou a professora.<\/p>\n<p>Por conta dessa interven\u00e7\u00e3o pedag\u00f3gica, Leiliane ficou em 6\u00ba lugar na categoria Educa\u00e7\u00e3o Infantil e Anos Iniciais do Ensino Fundamental \u2013 Regi\u00e3o Sul, do Programa de Desenvolvimento Profissional da Educa\u00e7\u00e3o B\u00e1sica no Canad\u00e1. De todo o pa\u00eds, foram selecionados 102 professores para a viagem de estudos no exterior.<\/p>\n<p>A secret\u00e1ria de educa\u00e7\u00e3o, Marli Fernandes, felicitou a docente da Escola Braga C\u00f4rtes pelo resultado alcan\u00e7ado. \u201cA forma\u00e7\u00e3o continuada no Canad\u00e1 vai enriquecer ainda mais a sua pr\u00e1tica docente e os alunos sair\u00e3o ganhando com isso. Muito obrigada pela dedica\u00e7\u00e3o e comprometimento com a educa\u00e7\u00e3o p\u00fablica municipal,\u201d agradeceu.<\/p>\n<p>O ensino da l\u00edngua inglesa foi implantado no curr\u00edculo da rede municipal apucaranense a partir de 2014.\u00a0 S\u00e3o duas aulas semanais ministradas aos alunos da pr\u00e9-escola ao 5\u00ba ano. \u201cAo redor do mundo, in\u00fameras pesquisas apontam que o aprendizado de uma segunda l\u00edngua, logo nos primeiros anos de vida, torna sua assimila\u00e7\u00e3o mais f\u00e1cil e eficiente. N\u00f3s acreditamos que isso tamb\u00e9m vai abrir muitas portas no futuro profissional das nossas crian\u00e7as,\u201d disse o prefeito Junior da Femac.<\/p>\n<p>Ele desejou uma boa viagem \u00e0 professora Leiliane, que embarca nesta quarta-feira (3\/7) para Ottawa, no Canad\u00e1. \u201cAproveite bastante a experi\u00eancia e aprofunde os conhecimentos para, depois, compartilh\u00e1-los com os demais professores da rede municipal de ensino,\u201d pediu o prefeito.<\/p>\n<div class = 'socialMediaOnEveryPost'>Compartilhe<div id=\"sgmbShare1-1\" class=\"sgmbShare jssocials-theme-classic sgmbWidget1-1\"><\/div><div class=\"dropdownWrapper dropdownWrapper1 dropdownWrapper-for-widget \" id=\"dropdownWrapper-for-widget\">\r\n\t\t\t\t\t\t<div class=\"dropdownLabel\" id=\"dropdownLabel-share-list\"><span class=\"sgmbButtonListLabel1\">Share List<\/span><\/div>\r\n\t\t\t\t\t\t<div class=\"dropdownPanel dropdownPanel1-1\">\r\n\t\t\t\t\t\t<\/div>\r\n\t\t\t\t\t<\/div><script>  SGMB_URL = \"http:\/\/www.apucarana.pr.gov.br\/ame\/wp-content\/plugins\/social-media-builder\/\"; jQuery(\".dropdownWrapper\").hide(); SGMB_GOOGLE_ACOUNT = \"\"; <\/script><script type=\"text\/javascript\">\r\n\t\tjQuery(document).ready(function($){var widget = new SGMBWidget();widget.show({\"id\":\"1\",\"title\":\"Face\\\/Twitter\",\"options\":{\"currentUrl\":\"1\",\"url\":\"\",\"shareText\":\"\",\"fontSize\":\"14\",\"betweenButtons\":\"1px\",\"theme\":\"classic\",\"sgmbButtonsPosition\":\"bottomLeft\",\"socialTheme\":\"\",\"icon\":\"default\",\"buttonsPanelEffect\":\"No Effect\",\"buttonsEffect\":\"No Effect\",\"iconsEffect\":\"No Effect\",\"buttons\":\"{\\\"facebook\\\":{\\\"label\\\":\\\"Share\\\",\\\"icon\\\":\\\"default-facebook\\\"},\\\"twitter\\\":{\\\"label\\\":\\\"Tweet\\\",\\\"icon\\\":\\\"default-twitter\\\",\\\"via\\\":\\\"\\\",\\\"hashtags\\\":\\\"\\\"}}\",\"roundButton\":\"\",\"showLabels\":\"\",\"showCounts\":\"\",\"showCenter\":\"\",\"showButtonsAsList\":\"\",\"sgmbDropdownColor\":\"\",\"sgmbDropdownLabelFontSize\":\"14\",\"sgmbDropdownLabelColor\":\"\",\"showButtonsOnEveryPost\":\"on\",\"selectedOrExcluded\":\"\",\"showButtonsOnEveryPage\":\"\",\"textOnEveryPost\":\"Compartilhe\",\"showButtonsOnCustomPost\":\"\",\"textOnCustomPost\":\"\",\"showButtonsOnMobileDirect\":\"on\",\"showButtonsOnDesktopDirect\":\"on\",\"sgmbSelectedPages\":[\"\"],\"sgmbExcludedPosts\":[\"\"],\"sgmbSelectedCustomPosts\":[],\"showButtonsInPopup\":\"\",\"titleOfPopup\":\"\",\"descriptionOfPopup\":\"\",\"showPopupOnLoad\":\"\",\"showPopupOnScroll\":\"\",\"showPopupOnExit\":\"\",\"openSecondsOfPopup\":\"\",\"googleAnaliticsAccount\":\"\"},\"buttonOptions\":{\"facebook\":{\"label\":\"Share\",\"icon\":\"default-facebook\"},\"twitter\":{\"label\":\"Tweet\",\"icon\":\"default-twitter\",\"via\":\"\",\"hashtags\":\"\"}},\"button\":[\"facebook\",\"twitter\"]}, 1, '', 'http:\/\/www.apucarana.pr.gov.br\/ame\/wp-content\/uploads\/2019\/07\/IMG_5659.jpg', '', 'http:\/\/www.apucarana.pr.gov.br\/ame\/professora-apucaranense-vence-concurso-e-ganha-viagem-de-estudos-ao-canada\/'); });<\/script><\/div><script> jQuery(\".socialMediaOnEveryPost\").addClass(\"sgmb-left\") <\/script>","protected":false},"excerpt":{"rendered":"<p>A professora Leiliane Barros Cardoso de Almeida, da Escola Braga C\u00f4rtes, foi classificada em um programa de desenvolvimento profissional da Funda\u00e7\u00e3o Capes e vai participar de curso de aperfei\u00e7oamento no exterior (Fotos: Profeta)<\/p>\n","protected":false},"author":10,"featured_media":8375,"comment_status":"closed","ping_status":"open","sticky":false,"template":"","format":"standard","meta":[],"categories":[9],"tags":[26,69,145,187,28],"_links":{"self":[{"href":"http:\/\/www.apucarana.pr.gov.br\/ame\/wp-json\/wp\/v2\/posts\/8373"}],"collection":[{"href":"http:\/\/www.apucarana.pr.gov.br\/ame\/wp-json\/wp\/v2\/posts"}],"about":[{"href":"http:\/\/www.apucarana.pr.gov.br\/ame\/wp-json\/wp\/v2\/types\/post"}],"author":[{"embeddable":true,"href":"http:\/\/www.apucarana.pr.gov.br\/ame\/wp-json\/wp\/v2\/users\/10"}],"replies":[{"embeddable":true,"href":"http:\/\/www.apucarana.pr.gov.br\/ame\/wp-json\/wp\/v2\/comments?post=8373"}],"version-history":[{"count":1,"href":"http:\/\/www.apucarana.pr.gov.br\/ame\/wp-json\/wp\/v2\/posts\/8373\/revisions"}],"predecessor-version":[{"id":8376,"href":"http:\/\/www.apucarana.pr.gov.br\/ame\/wp-json\/wp\/v2\/posts\/8373\/revisions\/8376"}],"wp:featuredmedia":[{"embeddable":true,"href":"http:\/\/www.apucarana.pr.gov.br\/ame\/wp-json\/wp\/v2\/media\/8375"}],"wp:attachment":[{"href":"http:\/\/www.apucarana.pr.gov.br\/ame\/wp-json\/wp\/v2\/media?parent=8373"}],"wp:term":[{"taxonomy":"category","embeddable":true,"href":"http:\/\/www.apucarana.pr.gov.br\/ame\/wp-json\/wp\/v2\/categories?post=8373"},{"taxonomy":"post_tag","embeddable":true,"href":"http:\/\/www.apucarana.pr.gov.br\/ame\/wp-json\/wp\/v2\/tags?post=8373"}],"curies":[{"name":"wp","href":"https:\/\/api.w.org\/{rel}","templated":true}]}}