{"id":8092,"date":"2019-03-29T18:54:29","date_gmt":"2019-03-29T21:54:29","guid":{"rendered":"http:\/\/www.apucarana.pr.gov.br\/ame\/?p=8092"},"modified":"2024-10-08T09:10:06","modified_gmt":"2024-10-08T12:10:06","slug":"prefeito-junior-da-femac-participa-de-encontro-entre-professores-das-redes-municipais-e-estadual-de-educacao","status":"publish","type":"post","link":"http:\/\/www.apucarana.pr.gov.br\/ame\/prefeito-junior-da-femac-participa-de-encontro-entre-professores-das-redes-municipais-e-estadual-de-educacao\/","title":{"rendered":"Prefeito Junior da Femac participa de encontro entre professores das redes municipais e estadual de educa\u00e7\u00e3o"},"content":{"rendered":"<p>O prefeito Junior da Femac e a secret\u00e1ria de educa\u00e7\u00e3o Marli Fernandes participaram, hoje (29\/3), no Cine Teatro F\u00eanix, de um encontro de intera\u00e7\u00e3o entre os professores do 5\u00ba, 6\u00ba e 9\u00ba anos do ensino fundamental. A atividade foi organizada pelo N\u00facleo Regional de Educa\u00e7\u00e3o de Apucarana, envolvendo as dezesseis cidades da sua \u00e1rea de abrang\u00eancia.<\/p>\n<p>O objetivo, segundo a chefe do NRE, Cristiane Pablos Rossetti, \u00e9 fomentar a troca de experi\u00eancias entre as redes municipais e estadual de ensino. \u201cIsso \u00e9 de suma import\u00e2ncia, pois n\u00f3s s\u00f3 conseguiremos fazer com que a engrenagem da educa\u00e7\u00e3o funcione adequadamente a partir do aprofundando t\u00e9cnico e do compartilhando das melhores pr\u00e1ticas\u201d, afirmou.<\/p>\n<p>Os temas abordados foram a implementa\u00e7\u00e3o da Base Nacional Comum Curricular, o Referencial Curricular do Paran\u00e1 e o desenvolvimento das Provas Paran\u00e1 e Brasil. \u201cEssas avalia\u00e7\u00f5es s\u00e3o instrumentos de diagn\u00f3stico bastante ricos, que permitem aos educadores constatar onde est\u00e3o as maiores dificuldades de aprendizagem dos alunos e desenvolver uma din\u00e2mica diferenciada para a supera\u00e7\u00e3o delas\u201d, disse a secret\u00e1ria municipal de educa\u00e7\u00e3o, que tamb\u00e9m \u00e9 presidente da seccional paranaense da Uni\u00e3o Nacional dos Dirigentes Municipais de Educa\u00e7\u00e3o, Marli Fernandes.<\/p>\n<p>O prefeito Junior da Femac, por sua vez, destaca o fato de Apucarana ter sido escolhida a sede do encontro. \u201cA educa\u00e7\u00e3o \u00e9 uma coisa cont\u00ednua, os alunos passam pela rede municipal e depois v\u00e3o para a estadual. Por isso, o di\u00e1logo entre os profissionais das duas etapas tem que existir. Os alunos do 5\u00b0 ano das escolas municipais apucaranenses conquistaram a melhor nota do Paran\u00e1 na \u00faltima edi\u00e7\u00e3o do Ideb (\u00cdndice de Desenvolvimento da Educa\u00e7\u00e3o B\u00e1sica). Acho que a escolha da nossa cidade para sediar o evento de hoje demonstra que o N\u00facleo Regional de Educa\u00e7\u00e3o quer assimilar o que h\u00e1 de melhor no ensino municipal para fazer a continuidade na rede estadual.\u201d<\/p>\n<div class = 'socialMediaOnEveryPost'>Compartilhe<div id=\"sgmbShare1-1\" class=\"sgmbShare jssocials-theme-classic sgmbWidget1-1\"><\/div><div class=\"dropdownWrapper dropdownWrapper1 dropdownWrapper-for-widget \" id=\"dropdownWrapper-for-widget\">\r\n\t\t\t\t\t\t<div class=\"dropdownLabel\" id=\"dropdownLabel-share-list\"><span class=\"sgmbButtonListLabel1\">Share List<\/span><\/div>\r\n\t\t\t\t\t\t<div class=\"dropdownPanel dropdownPanel1-1\">\r\n\t\t\t\t\t\t<\/div>\r\n\t\t\t\t\t<\/div><script>  SGMB_URL = \"http:\/\/www.apucarana.pr.gov.br\/ame\/wp-content\/plugins\/social-media-builder\/\"; jQuery(\".dropdownWrapper\").hide(); SGMB_GOOGLE_ACOUNT = \"\"; <\/script><script type=\"text\/javascript\">\r\n\t\tjQuery(document).ready(function($){var widget = new SGMBWidget();widget.show({\"id\":\"1\",\"title\":\"Face\\\/Twitter\",\"options\":{\"currentUrl\":\"1\",\"url\":\"\",\"shareText\":\"\",\"fontSize\":\"14\",\"betweenButtons\":\"1px\",\"theme\":\"classic\",\"sgmbButtonsPosition\":\"bottomLeft\",\"socialTheme\":\"\",\"icon\":\"default\",\"buttonsPanelEffect\":\"No Effect\",\"buttonsEffect\":\"No Effect\",\"iconsEffect\":\"No Effect\",\"buttons\":\"{\\\"facebook\\\":{\\\"label\\\":\\\"Share\\\",\\\"icon\\\":\\\"default-facebook\\\"},\\\"twitter\\\":{\\\"label\\\":\\\"Tweet\\\",\\\"icon\\\":\\\"default-twitter\\\",\\\"via\\\":\\\"\\\",\\\"hashtags\\\":\\\"\\\"}}\",\"roundButton\":\"\",\"showLabels\":\"\",\"showCounts\":\"\",\"showCenter\":\"\",\"showButtonsAsList\":\"\",\"sgmbDropdownColor\":\"\",\"sgmbDropdownLabelFontSize\":\"14\",\"sgmbDropdownLabelColor\":\"\",\"showButtonsOnEveryPost\":\"on\",\"selectedOrExcluded\":\"\",\"showButtonsOnEveryPage\":\"\",\"textOnEveryPost\":\"Compartilhe\",\"showButtonsOnCustomPost\":\"\",\"textOnCustomPost\":\"\",\"showButtonsOnMobileDirect\":\"on\",\"showButtonsOnDesktopDirect\":\"on\",\"sgmbSelectedPages\":[\"\"],\"sgmbExcludedPosts\":[\"\"],\"sgmbSelectedCustomPosts\":[],\"showButtonsInPopup\":\"\",\"titleOfPopup\":\"\",\"descriptionOfPopup\":\"\",\"showPopupOnLoad\":\"\",\"showPopupOnScroll\":\"\",\"showPopupOnExit\":\"\",\"openSecondsOfPopup\":\"\",\"googleAnaliticsAccount\":\"\"},\"buttonOptions\":{\"facebook\":{\"label\":\"Share\",\"icon\":\"default-facebook\"},\"twitter\":{\"label\":\"Tweet\",\"icon\":\"default-twitter\",\"via\":\"\",\"hashtags\":\"\"}},\"button\":[\"facebook\",\"twitter\"]}, 1, '', 'http:\/\/www.apucarana.pr.gov.br\/ame\/wp-content\/uploads\/2019\/03\/ENCONTROPROFETA-6.jpg', '', 'http:\/\/www.apucarana.pr.gov.br\/ame\/prefeito-junior-da-femac-participa-de-encontro-entre-professores-das-redes-municipais-e-estadual-de-educacao\/'); });<\/script><\/div><script> jQuery(\".socialMediaOnEveryPost\").addClass(\"sgmb-left\") <\/script>","protected":false},"excerpt":{"rendered":"<p>Realizada no Cine Teatro F\u00eanix, a atividade envolveu mais de 400 participantes das dezesseis cidades da \u00e1rea de abrang\u00eancia do N\u00facleo Regional de Educa\u00e7\u00e3o de Apucarana. (Fotos: Josias Pinto)<\/p>\n","protected":false},"author":10,"featured_media":8095,"comment_status":"closed","ping_status":"open","sticky":false,"template":"","format":"standard","meta":[],"categories":[9],"tags":[],"_links":{"self":[{"href":"http:\/\/www.apucarana.pr.gov.br\/ame\/wp-json\/wp\/v2\/posts\/8092"}],"collection":[{"href":"http:\/\/www.apucarana.pr.gov.br\/ame\/wp-json\/wp\/v2\/posts"}],"about":[{"href":"http:\/\/www.apucarana.pr.gov.br\/ame\/wp-json\/wp\/v2\/types\/post"}],"author":[{"embeddable":true,"href":"http:\/\/www.apucarana.pr.gov.br\/ame\/wp-json\/wp\/v2\/users\/10"}],"replies":[{"embeddable":true,"href":"http:\/\/www.apucarana.pr.gov.br\/ame\/wp-json\/wp\/v2\/comments?post=8092"}],"version-history":[{"count":1,"href":"http:\/\/www.apucarana.pr.gov.br\/ame\/wp-json\/wp\/v2\/posts\/8092\/revisions"}],"predecessor-version":[{"id":8096,"href":"http:\/\/www.apucarana.pr.gov.br\/ame\/wp-json\/wp\/v2\/posts\/8092\/revisions\/8096"}],"wp:featuredmedia":[{"embeddable":true,"href":"http:\/\/www.apucarana.pr.gov.br\/ame\/wp-json\/wp\/v2\/media\/8095"}],"wp:attachment":[{"href":"http:\/\/www.apucarana.pr.gov.br\/ame\/wp-json\/wp\/v2\/media?parent=8092"}],"wp:term":[{"taxonomy":"category","embeddable":true,"href":"http:\/\/www.apucarana.pr.gov.br\/ame\/wp-json\/wp\/v2\/categories?post=8092"},{"taxonomy":"post_tag","embeddable":true,"href":"http:\/\/www.apucarana.pr.gov.br\/ame\/wp-json\/wp\/v2\/tags?post=8092"}],"curies":[{"name":"wp","href":"https:\/\/api.w.org\/{rel}","templated":true}]}}