{"id":7679,"date":"2018-11-01T14:27:23","date_gmt":"2018-11-01T16:27:23","guid":{"rendered":"http:\/\/www.apucarana.pr.gov.br\/ame\/?p=7679"},"modified":"2024-10-08T09:10:09","modified_gmt":"2024-10-08T12:10:09","slug":"festival-de-ingles-revela-talentos-na-rede-municipal-de-ensino","status":"publish","type":"post","link":"http:\/\/www.apucarana.pr.gov.br\/ame\/festival-de-ingles-revela-talentos-na-rede-municipal-de-ensino\/","title":{"rendered":"Festival de Ingl\u00eas revela talentos na rede municipal de ensino"},"content":{"rendered":"<p>Os alunos da rede municipal de Apucarana mostraram, ontem (31), no Cine Teatro F\u00eanix, que compreendem muito bem e sabem se comunicar com facilidade na l\u00edngua inglesa. As aulas semanais do idioma fazem parte do curr\u00edculo \u00fanico das escolas, desde a educa\u00e7\u00e3o infantil at\u00e9 o 5\u00ba ano do ensino fundamental.<\/p>\n<p>Durante a apresenta\u00e7\u00e3o do 4\u00ba Festival de Ingl\u00eas, as crian\u00e7as interpretaram can\u00e7\u00f5es infantis como Old McDonald had a Farm e cl\u00e1ssicos dos anos 60 e 70 como I have a Dream, do grupo Abba, Love me Do, dos Beatles, Love of my Life, da banda Queen, e Stand by Me, de Ben E. King.<\/p>\n<p>Os pais, professores e familiares dos alunos estavam na plateia. Eles acompanharam as apresenta\u00e7\u00f5es com muitas palmas, assovios e exclama\u00e7\u00f5es de incentivo.<\/p>\n<p>\u201c\u00c9 muito importante saber que a rede municipal de ensino est\u00e1 oferecendo essa qualidade de estudo para os nossos filhos. Afinal, quando n\u00f3s deixamos as crian\u00e7as na escola, queremos que elas cres\u00e7am em conhecimento e educa\u00e7\u00e3o,\u201d disse Marcelo Elias de Oliveira, pai de um aluno matriculado na Escola Antonieta da Silva Lautenschlager.<\/p>\n<p>\u201cEu gosto de aprender o nome dos animais, como horse, lion, tiger e leopard,\u201d detalhou o filho dele, Miguel de Oliveira.<\/p>\n<p>O ingl\u00eas \u00e9 considerado o principal idioma do mundo globalizado, sendo dominante nas \u00e1reas de com\u00e9rcio, turismo, inform\u00e1tica, ci\u00eancias, medicina e at\u00e9 nos esportes. Por isso, \u00e9 importante que as crian\u00e7as aprendam a l\u00edngua estrangeira desde cedo.<\/p>\n<p>\u201cEu acho que o ensino melhorou bastante na rede municipal. Nossas expectativas s\u00e3o cada vez maiores, mas elas est\u00e3o sendo sempre superadas,\u201d afirmou J\u00e9ssica Amanda de Souza, m\u00e3e da aluna Evelyn, que estuda na Escola Papa Jo\u00e3o XXIII.<\/p>\n<p>As aulas de ingl\u00eas foram inclu\u00eddas no curr\u00edculo a partir de 2014. \u201cO festival \u00e9 o momento em que n\u00f3s mostramos \u00e0s fam\u00edlias como esse idioma \u00e9 trabalhado nas escolas, e \u00e9 muito bonito ver as crian\u00e7as se expressando em uma l\u00edngua diferente da nossa,\u201d explicou a secret\u00e1ria municipal de educa\u00e7\u00e3o, Marli Fernandes.<\/p>\n<div class = 'socialMediaOnEveryPost'>Compartilhe<div id=\"sgmbShare1-1\" class=\"sgmbShare jssocials-theme-classic sgmbWidget1-1\"><\/div><div class=\"dropdownWrapper dropdownWrapper1 dropdownWrapper-for-widget \" id=\"dropdownWrapper-for-widget\">\r\n\t\t\t\t\t\t<div class=\"dropdownLabel\" id=\"dropdownLabel-share-list\"><span class=\"sgmbButtonListLabel1\">Share List<\/span><\/div>\r\n\t\t\t\t\t\t<div class=\"dropdownPanel dropdownPanel1-1\">\r\n\t\t\t\t\t\t<\/div>\r\n\t\t\t\t\t<\/div><script>  SGMB_URL = \"http:\/\/www.apucarana.pr.gov.br\/ame\/wp-content\/plugins\/social-media-builder\/\"; jQuery(\".dropdownWrapper\").hide(); SGMB_GOOGLE_ACOUNT = \"\"; <\/script><script type=\"text\/javascript\">\r\n\t\tjQuery(document).ready(function($){var widget = new SGMBWidget();widget.show({\"id\":\"1\",\"title\":\"Face\\\/Twitter\",\"options\":{\"currentUrl\":\"1\",\"url\":\"\",\"shareText\":\"\",\"fontSize\":\"14\",\"betweenButtons\":\"1px\",\"theme\":\"classic\",\"sgmbButtonsPosition\":\"bottomLeft\",\"socialTheme\":\"\",\"icon\":\"default\",\"buttonsPanelEffect\":\"No Effect\",\"buttonsEffect\":\"No Effect\",\"iconsEffect\":\"No Effect\",\"buttons\":\"{\\\"facebook\\\":{\\\"label\\\":\\\"Share\\\",\\\"icon\\\":\\\"default-facebook\\\"},\\\"twitter\\\":{\\\"label\\\":\\\"Tweet\\\",\\\"icon\\\":\\\"default-twitter\\\",\\\"via\\\":\\\"\\\",\\\"hashtags\\\":\\\"\\\"}}\",\"roundButton\":\"\",\"showLabels\":\"\",\"showCounts\":\"\",\"showCenter\":\"\",\"showButtonsAsList\":\"\",\"sgmbDropdownColor\":\"\",\"sgmbDropdownLabelFontSize\":\"14\",\"sgmbDropdownLabelColor\":\"\",\"showButtonsOnEveryPost\":\"on\",\"selectedOrExcluded\":\"\",\"showButtonsOnEveryPage\":\"\",\"textOnEveryPost\":\"Compartilhe\",\"showButtonsOnCustomPost\":\"\",\"textOnCustomPost\":\"\",\"showButtonsOnMobileDirect\":\"on\",\"showButtonsOnDesktopDirect\":\"on\",\"sgmbSelectedPages\":[\"\"],\"sgmbExcludedPosts\":[\"\"],\"sgmbSelectedCustomPosts\":[],\"showButtonsInPopup\":\"\",\"titleOfPopup\":\"\",\"descriptionOfPopup\":\"\",\"showPopupOnLoad\":\"\",\"showPopupOnScroll\":\"\",\"showPopupOnExit\":\"\",\"openSecondsOfPopup\":\"\",\"googleAnaliticsAccount\":\"\"},\"buttonOptions\":{\"facebook\":{\"label\":\"Share\",\"icon\":\"default-facebook\"},\"twitter\":{\"label\":\"Tweet\",\"icon\":\"default-twitter\",\"via\":\"\",\"hashtags\":\"\"}},\"button\":[\"facebook\",\"twitter\"]}, 1, '', 'http:\/\/www.apucarana.pr.gov.br\/ame\/wp-content\/uploads\/2018\/11\/IMG_8848.jpg', '', 'http:\/\/www.apucarana.pr.gov.br\/ame\/festival-de-ingles-revela-talentos-na-rede-municipal-de-ensino\/'); });<\/script><\/div><script> jQuery(\".socialMediaOnEveryPost\").addClass(\"sgmb-left\") <\/script>","protected":false},"excerpt":{"rendered":"<p>As aulas do idioma s\u00e3o semanais e envolvem todos os alunos a partir da pr\u00e9-escola (Fotos: Profeta)<\/p>\n","protected":false},"author":10,"featured_media":7686,"comment_status":"closed","ping_status":"open","sticky":false,"template":"","format":"standard","meta":[],"categories":[9],"tags":[37,69,68,28],"_links":{"self":[{"href":"http:\/\/www.apucarana.pr.gov.br\/ame\/wp-json\/wp\/v2\/posts\/7679"}],"collection":[{"href":"http:\/\/www.apucarana.pr.gov.br\/ame\/wp-json\/wp\/v2\/posts"}],"about":[{"href":"http:\/\/www.apucarana.pr.gov.br\/ame\/wp-json\/wp\/v2\/types\/post"}],"author":[{"embeddable":true,"href":"http:\/\/www.apucarana.pr.gov.br\/ame\/wp-json\/wp\/v2\/users\/10"}],"replies":[{"embeddable":true,"href":"http:\/\/www.apucarana.pr.gov.br\/ame\/wp-json\/wp\/v2\/comments?post=7679"}],"version-history":[{"count":1,"href":"http:\/\/www.apucarana.pr.gov.br\/ame\/wp-json\/wp\/v2\/posts\/7679\/revisions"}],"predecessor-version":[{"id":7687,"href":"http:\/\/www.apucarana.pr.gov.br\/ame\/wp-json\/wp\/v2\/posts\/7679\/revisions\/7687"}],"wp:featuredmedia":[{"embeddable":true,"href":"http:\/\/www.apucarana.pr.gov.br\/ame\/wp-json\/wp\/v2\/media\/7686"}],"wp:attachment":[{"href":"http:\/\/www.apucarana.pr.gov.br\/ame\/wp-json\/wp\/v2\/media?parent=7679"}],"wp:term":[{"taxonomy":"category","embeddable":true,"href":"http:\/\/www.apucarana.pr.gov.br\/ame\/wp-json\/wp\/v2\/categories?post=7679"},{"taxonomy":"post_tag","embeddable":true,"href":"http:\/\/www.apucarana.pr.gov.br\/ame\/wp-json\/wp\/v2\/tags?post=7679"}],"curies":[{"name":"wp","href":"https:\/\/api.w.org\/{rel}","templated":true}]}}