{"id":7613,"date":"2018-10-17T15:00:45","date_gmt":"2018-10-17T18:00:45","guid":{"rendered":"http:\/\/www.apucarana.pr.gov.br\/ame\/?p=7613"},"modified":"2024-10-08T09:10:09","modified_gmt":"2024-10-08T12:10:09","slug":"grpcom-premia-professores-e-alunos-da-rede-municipal","status":"publish","type":"post","link":"http:\/\/www.apucarana.pr.gov.br\/ame\/grpcom-premia-professores-e-alunos-da-rede-municipal\/","title":{"rendered":"GRPCOM premia professores e alunos da rede municipal"},"content":{"rendered":"<p>A Autarquia Municipal de Educa\u00e7\u00e3o e o Instituto GRPCOM (Grupo Paranaense de Comunica\u00e7\u00e3o) realizaram, na manh\u00e3 de hoje (17), a premia\u00e7\u00e3o dos professores, alunos e escolas que se destacaram na fase municipal do concurso Televisando.<\/p>\n<p>Em 2018, o projeto envolveu cerca de 6.500 crian\u00e7as e 360 docentes de Apucarana. A partir de uma s\u00e9rie de reportagens exibidas pela RPCTV, eles discutiram o tema \u201c\u00c9tica \u2013 Vamos juntos fazer um mundo melhor?\u201d.<\/p>\n<p>Da Escola Vereador Jos\u00e9 Ramos de Oliveira, Gabriel Pereira da Silva (2\u00ba ano) conquistou o primeiro lugar na categoria <em>Ilustra\u00e7\u00e3o<\/em> e Eduardo Ant\u00f4nio Sim\u00e3o dos Santos (4\u00ba ano) venceu na categoria <em>Hist\u00f3ria em Quadrinhos<\/em>. Os dois estudantes e as respectivas professoras, Juliana Gon\u00e7alves e Danieli Jorgeto, ganharam tablets de presente.<\/p>\n<p>J\u00e1 as docentes Rosely Pereira Haskel e Priscila Ant\u00f4nio Vieira, da Escola Augusto Weyand, criaram um v\u00eddeo mostrando como o projeto Televisando foi trabalhado nas suas turmas. Elas receberam caixinhas de som personalizadas como pr\u00eamio da A\u00e7\u00e3o Fa\u00e7a Parte Professores.<\/p>\n<p>A diretora Regina Locatelli e os coordenadores Marcelo Moraes e Viviane Oliveira, da Escola Juiz Luiz Fernando de Ara\u00fajo Pereira, tamb\u00e9m foram contemplados com caixinhas de som. Entre as 36 unidades de ensino da rede municipal, eles foram os que mais mobilizaram professores a participar da iniciativa do Instituto GRPCOM.<\/p>\n<p>Por fim, foram contempladas com mimos as professoras Miriam Hil\u00e1rio, da Escola Papa Jo\u00e3o XXIII; B\u00e1rbara Kremer, da Escola Dr. Joaquim Vicente de Castro; Ang\u00e9lica da Silva, da Escola Augusto Weyand; e Jislaine Gama, da Escola Pl\u00e1cido de Castro. Elas contribu\u00edram na categoria Fazendo Hist\u00f3ria, que reuniu imagens dos dez anos de desenvolvimento do projeto Televisando no Paran\u00e1.<\/p>\n<p>A diretora-presidente da AME, Marli Fernandes, agradeceu \u00e0 coordenadora do Instituto GRPCOM, Isabella Seco, pela parceria com a rede municipal de ensino apucaranense. \u201cO Televisando prop\u00f5e a discuss\u00e3o de assuntos significativos e atuais, que complementam aquilo que est\u00e1 previsto no curr\u00edculo escolar. \u00c9 motivo de muita alegria ver nossos professores e alunos participando de iniciativas assim,\u201d disse.<\/p>\n<div class = 'socialMediaOnEveryPost'>Compartilhe<div id=\"sgmbShare1-1\" class=\"sgmbShare jssocials-theme-classic sgmbWidget1-1\"><\/div><div class=\"dropdownWrapper dropdownWrapper1 dropdownWrapper-for-widget \" id=\"dropdownWrapper-for-widget\">\r\n\t\t\t\t\t\t<div class=\"dropdownLabel\" id=\"dropdownLabel-share-list\"><span class=\"sgmbButtonListLabel1\">Share List<\/span><\/div>\r\n\t\t\t\t\t\t<div class=\"dropdownPanel dropdownPanel1-1\">\r\n\t\t\t\t\t\t<\/div>\r\n\t\t\t\t\t<\/div><script>  SGMB_URL = \"http:\/\/www.apucarana.pr.gov.br\/ame\/wp-content\/plugins\/social-media-builder\/\"; jQuery(\".dropdownWrapper\").hide(); SGMB_GOOGLE_ACOUNT = \"\"; <\/script><script type=\"text\/javascript\">\r\n\t\tjQuery(document).ready(function($){var widget = new SGMBWidget();widget.show({\"id\":\"1\",\"title\":\"Face\\\/Twitter\",\"options\":{\"currentUrl\":\"1\",\"url\":\"\",\"shareText\":\"\",\"fontSize\":\"14\",\"betweenButtons\":\"1px\",\"theme\":\"classic\",\"sgmbButtonsPosition\":\"bottomLeft\",\"socialTheme\":\"\",\"icon\":\"default\",\"buttonsPanelEffect\":\"No Effect\",\"buttonsEffect\":\"No Effect\",\"iconsEffect\":\"No Effect\",\"buttons\":\"{\\\"facebook\\\":{\\\"label\\\":\\\"Share\\\",\\\"icon\\\":\\\"default-facebook\\\"},\\\"twitter\\\":{\\\"label\\\":\\\"Tweet\\\",\\\"icon\\\":\\\"default-twitter\\\",\\\"via\\\":\\\"\\\",\\\"hashtags\\\":\\\"\\\"}}\",\"roundButton\":\"\",\"showLabels\":\"\",\"showCounts\":\"\",\"showCenter\":\"\",\"showButtonsAsList\":\"\",\"sgmbDropdownColor\":\"\",\"sgmbDropdownLabelFontSize\":\"14\",\"sgmbDropdownLabelColor\":\"\",\"showButtonsOnEveryPost\":\"on\",\"selectedOrExcluded\":\"\",\"showButtonsOnEveryPage\":\"\",\"textOnEveryPost\":\"Compartilhe\",\"showButtonsOnCustomPost\":\"\",\"textOnCustomPost\":\"\",\"showButtonsOnMobileDirect\":\"on\",\"showButtonsOnDesktopDirect\":\"on\",\"sgmbSelectedPages\":[\"\"],\"sgmbExcludedPosts\":[\"\"],\"sgmbSelectedCustomPosts\":[],\"showButtonsInPopup\":\"\",\"titleOfPopup\":\"\",\"descriptionOfPopup\":\"\",\"showPopupOnLoad\":\"\",\"showPopupOnScroll\":\"\",\"showPopupOnExit\":\"\",\"openSecondsOfPopup\":\"\",\"googleAnaliticsAccount\":\"\"},\"buttonOptions\":{\"facebook\":{\"label\":\"Share\",\"icon\":\"default-facebook\"},\"twitter\":{\"label\":\"Tweet\",\"icon\":\"default-twitter\",\"via\":\"\",\"hashtags\":\"\"}},\"button\":[\"facebook\",\"twitter\"]}, 1, '', 'http:\/\/www.apucarana.pr.gov.br\/ame\/wp-content\/uploads\/2018\/10\/PREMIO-RPCPROFETA-32.jpg', '', 'http:\/\/www.apucarana.pr.gov.br\/ame\/grpcom-premia-professores-e-alunos-da-rede-municipal\/'); });<\/script><\/div><script> jQuery(\".socialMediaOnEveryPost\").addClass(\"sgmb-left\") <\/script>","protected":false},"excerpt":{"rendered":"<p>Cerca de 6.500 crian\u00e7as e 360 docentes participaram esse ano da iniciativa, que discutiu a rela\u00e7\u00e3o entre a \u00e9tica e a constru\u00e7\u00e3o de um mundo melhor (Fotos: Profeta)<\/p>\n","protected":false},"author":10,"featured_media":7618,"comment_status":"closed","ping_status":"open","sticky":false,"template":"","format":"standard","meta":[],"categories":[9],"tags":[32,69,79,149],"_links":{"self":[{"href":"http:\/\/www.apucarana.pr.gov.br\/ame\/wp-json\/wp\/v2\/posts\/7613"}],"collection":[{"href":"http:\/\/www.apucarana.pr.gov.br\/ame\/wp-json\/wp\/v2\/posts"}],"about":[{"href":"http:\/\/www.apucarana.pr.gov.br\/ame\/wp-json\/wp\/v2\/types\/post"}],"author":[{"embeddable":true,"href":"http:\/\/www.apucarana.pr.gov.br\/ame\/wp-json\/wp\/v2\/users\/10"}],"replies":[{"embeddable":true,"href":"http:\/\/www.apucarana.pr.gov.br\/ame\/wp-json\/wp\/v2\/comments?post=7613"}],"version-history":[{"count":1,"href":"http:\/\/www.apucarana.pr.gov.br\/ame\/wp-json\/wp\/v2\/posts\/7613\/revisions"}],"predecessor-version":[{"id":7623,"href":"http:\/\/www.apucarana.pr.gov.br\/ame\/wp-json\/wp\/v2\/posts\/7613\/revisions\/7623"}],"wp:featuredmedia":[{"embeddable":true,"href":"http:\/\/www.apucarana.pr.gov.br\/ame\/wp-json\/wp\/v2\/media\/7618"}],"wp:attachment":[{"href":"http:\/\/www.apucarana.pr.gov.br\/ame\/wp-json\/wp\/v2\/media?parent=7613"}],"wp:term":[{"taxonomy":"category","embeddable":true,"href":"http:\/\/www.apucarana.pr.gov.br\/ame\/wp-json\/wp\/v2\/categories?post=7613"},{"taxonomy":"post_tag","embeddable":true,"href":"http:\/\/www.apucarana.pr.gov.br\/ame\/wp-json\/wp\/v2\/tags?post=7613"}],"curies":[{"name":"wp","href":"https:\/\/api.w.org\/{rel}","templated":true}]}}