{"id":7582,"date":"2018-10-03T11:23:20","date_gmt":"2018-10-03T14:23:20","guid":{"rendered":"http:\/\/www.apucarana.pr.gov.br\/ame\/?p=7582"},"modified":"2024-10-08T09:10:09","modified_gmt":"2024-10-08T12:10:09","slug":"polo-uab-de-apucarana-abre-inscricoes-para-novos-cursos","status":"publish","type":"post","link":"http:\/\/www.apucarana.pr.gov.br\/ame\/polo-uab-de-apucarana-abre-inscricoes-para-novos-cursos\/","title":{"rendered":"Polo UAB de Apucarana abre inscri\u00e7\u00f5es para novos cursos"},"content":{"rendered":"<p>A coordena\u00e7\u00e3o do polo apucaranense da Universidade Aberta do Brasil (Polo UAB) comunica que est\u00e1 com inscri\u00e7\u00f5es abertas para dois novos cursos na modalidade \u00e0 dist\u00e2ncia: Licenciatura em Letras-Libras e Especializa\u00e7\u00e3o para Professores do Ensino M\u00e9dio de Matem\u00e1tica.<\/p>\n<p>A Licenciatura em Letras-Libras \u00e9 ofertada pela Universidade Estadual do Oeste do Paran\u00e1 (Unioeste) e tem dura\u00e7\u00e3o de quatro anos. As inscri\u00e7\u00f5es para o vestibular podem ser feitas at\u00e9 31 de outubro, mediante o preenchimento do formul\u00e1rio dispon\u00edvel em <a href=\"http:\/\/www.unioeste.br\/vestibular\">www.unioeste.br\/vestibular<\/a> e o pagamento da taxa de R$ 150,00. As provas ser\u00e3o feitas no dia 2 de dezembro, no per\u00edodo da manh\u00e3 e da tarde, de forma unificada e simult\u00e2nea, nas cidades de Cascavel, Curitiba, Foz do Igua\u00e7u, Francisco Beltr\u00e3o, Marechal C\u00e2ndido Rondon, Toledo e Maring\u00e1.<\/p>\n<p>J\u00e1 a Especializa\u00e7\u00e3o para Professores do Ensino M\u00e9dio de Matem\u00e1tica \u00e9 ofertada pela Universidade Estadual do Centro-Oeste (Unicentro) e tem como p\u00fablico-alvo os graduados na \u00e1rea de Ci\u00eancias Exatas. As inscri\u00e7\u00f5es devem ser feitas at\u00e9 18 de outubro, exclusivamente pelo endere\u00e7o <a href=\"https:\/\/evento.unicentro.br\/site\/esp.em\/2018\/1\">https:\/\/evento.unicentro.br\/site\/esp.em\/2018\/1<\/a>. A taxa exigida \u00e9 de R$ 70,00. A sele\u00e7\u00e3o dos candidatos ser\u00e1 feita atrav\u00e9s da an\u00e1lise de t\u00edtulos.<\/p>\n<p>O n\u00famero de vagas oferecidas pelo Polo UAB de Apucarana \u00e9 de 30 para cada curso.<\/p>\n<div class = 'socialMediaOnEveryPost'>Compartilhe<div id=\"sgmbShare1-1\" class=\"sgmbShare jssocials-theme-classic sgmbWidget1-1\"><\/div><div class=\"dropdownWrapper dropdownWrapper1 dropdownWrapper-for-widget \" id=\"dropdownWrapper-for-widget\">\r\n\t\t\t\t\t\t<div class=\"dropdownLabel\" id=\"dropdownLabel-share-list\"><span class=\"sgmbButtonListLabel1\">Share List<\/span><\/div>\r\n\t\t\t\t\t\t<div class=\"dropdownPanel dropdownPanel1-1\">\r\n\t\t\t\t\t\t<\/div>\r\n\t\t\t\t\t<\/div><script>  SGMB_URL = \"http:\/\/www.apucarana.pr.gov.br\/ame\/wp-content\/plugins\/social-media-builder\/\"; jQuery(\".dropdownWrapper\").hide(); SGMB_GOOGLE_ACOUNT = \"\"; <\/script><script type=\"text\/javascript\">\r\n\t\tjQuery(document).ready(function($){var widget = new SGMBWidget();widget.show({\"id\":\"1\",\"title\":\"Face\\\/Twitter\",\"options\":{\"currentUrl\":\"1\",\"url\":\"\",\"shareText\":\"\",\"fontSize\":\"14\",\"betweenButtons\":\"1px\",\"theme\":\"classic\",\"sgmbButtonsPosition\":\"bottomLeft\",\"socialTheme\":\"\",\"icon\":\"default\",\"buttonsPanelEffect\":\"No Effect\",\"buttonsEffect\":\"No Effect\",\"iconsEffect\":\"No Effect\",\"buttons\":\"{\\\"facebook\\\":{\\\"label\\\":\\\"Share\\\",\\\"icon\\\":\\\"default-facebook\\\"},\\\"twitter\\\":{\\\"label\\\":\\\"Tweet\\\",\\\"icon\\\":\\\"default-twitter\\\",\\\"via\\\":\\\"\\\",\\\"hashtags\\\":\\\"\\\"}}\",\"roundButton\":\"\",\"showLabels\":\"\",\"showCounts\":\"\",\"showCenter\":\"\",\"showButtonsAsList\":\"\",\"sgmbDropdownColor\":\"\",\"sgmbDropdownLabelFontSize\":\"14\",\"sgmbDropdownLabelColor\":\"\",\"showButtonsOnEveryPost\":\"on\",\"selectedOrExcluded\":\"\",\"showButtonsOnEveryPage\":\"\",\"textOnEveryPost\":\"Compartilhe\",\"showButtonsOnCustomPost\":\"\",\"textOnCustomPost\":\"\",\"showButtonsOnMobileDirect\":\"on\",\"showButtonsOnDesktopDirect\":\"on\",\"sgmbSelectedPages\":[\"\"],\"sgmbExcludedPosts\":[\"\"],\"sgmbSelectedCustomPosts\":[],\"showButtonsInPopup\":\"\",\"titleOfPopup\":\"\",\"descriptionOfPopup\":\"\",\"showPopupOnLoad\":\"\",\"showPopupOnScroll\":\"\",\"showPopupOnExit\":\"\",\"openSecondsOfPopup\":\"\",\"googleAnaliticsAccount\":\"\"},\"buttonOptions\":{\"facebook\":{\"label\":\"Share\",\"icon\":\"default-facebook\"},\"twitter\":{\"label\":\"Tweet\",\"icon\":\"default-twitter\",\"via\":\"\",\"hashtags\":\"\"}},\"button\":[\"facebook\",\"twitter\"]}, 1, '', 'http:\/\/www.apucarana.pr.gov.br\/ame\/wp-content\/uploads\/2018\/10\/POLOEDSON-DENOBI06.jpg', '', 'http:\/\/www.apucarana.pr.gov.br\/ame\/polo-uab-de-apucarana-abre-inscricoes-para-novos-cursos\/'); });<\/script><\/div><script> jQuery(\".socialMediaOnEveryPost\").addClass(\"sgmb-left\") <\/script>","protected":false},"excerpt":{"rendered":"<p>S\u00e3o 60 vagas no total, divididas entre a Licenciatura em Letras-Libras e a Especializa\u00e7\u00e3o para Professores do Ensino M\u00e9dio de Matem\u00e1tica (Foto: Edson Denobi)<\/p>\n","protected":false},"author":10,"featured_media":7583,"comment_status":"closed","ping_status":"open","sticky":false,"template":"","format":"standard","meta":[],"categories":[9],"tags":[32,18,47,145,136,146],"_links":{"self":[{"href":"http:\/\/www.apucarana.pr.gov.br\/ame\/wp-json\/wp\/v2\/posts\/7582"}],"collection":[{"href":"http:\/\/www.apucarana.pr.gov.br\/ame\/wp-json\/wp\/v2\/posts"}],"about":[{"href":"http:\/\/www.apucarana.pr.gov.br\/ame\/wp-json\/wp\/v2\/types\/post"}],"author":[{"embeddable":true,"href":"http:\/\/www.apucarana.pr.gov.br\/ame\/wp-json\/wp\/v2\/users\/10"}],"replies":[{"embeddable":true,"href":"http:\/\/www.apucarana.pr.gov.br\/ame\/wp-json\/wp\/v2\/comments?post=7582"}],"version-history":[{"count":1,"href":"http:\/\/www.apucarana.pr.gov.br\/ame\/wp-json\/wp\/v2\/posts\/7582\/revisions"}],"predecessor-version":[{"id":7584,"href":"http:\/\/www.apucarana.pr.gov.br\/ame\/wp-json\/wp\/v2\/posts\/7582\/revisions\/7584"}],"wp:featuredmedia":[{"embeddable":true,"href":"http:\/\/www.apucarana.pr.gov.br\/ame\/wp-json\/wp\/v2\/media\/7583"}],"wp:attachment":[{"href":"http:\/\/www.apucarana.pr.gov.br\/ame\/wp-json\/wp\/v2\/media?parent=7582"}],"wp:term":[{"taxonomy":"category","embeddable":true,"href":"http:\/\/www.apucarana.pr.gov.br\/ame\/wp-json\/wp\/v2\/categories?post=7582"},{"taxonomy":"post_tag","embeddable":true,"href":"http:\/\/www.apucarana.pr.gov.br\/ame\/wp-json\/wp\/v2\/tags?post=7582"}],"curies":[{"name":"wp","href":"https:\/\/api.w.org\/{rel}","templated":true}]}}