{"id":7538,"date":"2018-10-01T14:38:48","date_gmt":"2018-10-01T17:38:48","guid":{"rendered":"http:\/\/www.apucarana.pr.gov.br\/ame\/?p=7538"},"modified":"2024-10-08T09:10:10","modified_gmt":"2024-10-08T12:10:10","slug":"alunos-dao-show-em-apresentacao-musical","status":"publish","type":"post","link":"http:\/\/www.apucarana.pr.gov.br\/ame\/alunos-dao-show-em-apresentacao-musical\/","title":{"rendered":"Alunos d\u00e3o show em apresenta\u00e7\u00e3o musical"},"content":{"rendered":"<p>Cerca de 480 alunos das escolas municipais de Apucarana realizaram uma bel\u00edssima apresenta\u00e7\u00e3o musical no \u00faltimo s\u00e1bado (29) no Cine Teatro F\u00eanix. Exibida em duas sess\u00f5es, a pe\u00e7a Arca de No\u00e9 abordou a hist\u00f3ria b\u00edblica que narra a inunda\u00e7\u00e3o da terra ap\u00f3s a subvers\u00e3o da humanidade.<\/p>\n<p>A secret\u00e1ria municipal de educa\u00e7\u00e3o, Marli Fernandes, explica que mostras de dan\u00e7a, m\u00fasica e artes marciais s\u00e3o organizadas todos os anos. \u201cO objetivo \u00e9 permitir que os pais e m\u00e3es possam apreciar um pouco daquilo que seus filhos aprendem nas oficinas previstas dentro do curr\u00edculo da educa\u00e7\u00e3o integral.\u201d<\/p>\n<p>O prefeito em exerc\u00edcio J\u00fanior da Femac se emocionou com a desenvoltura das crian\u00e7as. \u201c\u00c9 m\u00e1gico vermos como elas tem afina\u00e7\u00e3o, ritmo e senso de trabalho em equipe. A Autarquia Municipal de Educa\u00e7\u00e3o e a Academia Sebastian Bach est\u00e3o realizando um trabalho maravilhoso, dentro do esp\u00edrito que o prefeito Beto Preto sempre pede que \u00e9 desenvolver todo o potencial dos nossos alunos.\u201d<\/p>\n<p>\u201cEu j\u00e1 conhecia um pouco da hist\u00f3ria da Arca de No\u00e9, mas aprendi mais durante os ensaios. Eu senti uma emo\u00e7\u00e3o indescrit\u00edvel ao cantar e interpretar o personagem do sapinho do pau de chuva,\u201d revelou o aluno Jo\u00e3o Pedro Franco, da Escola Municipal Vida Nova (Caic).<\/p>\n<p>Josilene do Carmo da Silva \u00e9 m\u00e3e do aluno Rian Francisco Silva, que est\u00e1 no 5\u00ba ano da Escola Professor Alcides Ramos. Ela afirma que sentir\u00e1 saudades das apresenta\u00e7\u00f5es a partir do momento que seu filho concluir os estudos na rede municipal. \u201c\u00c9 uma felicidade acompanhar o que os professores est\u00e3o ensinando \u00e0s crian\u00e7as. O meu menino sempre estudou na rede p\u00fablica e eu gostei muito da educa\u00e7\u00e3o que ele recebeu at\u00e9 aqui.\u201d<\/p>\n<div class = 'socialMediaOnEveryPost'>Compartilhe<div id=\"sgmbShare1-1\" class=\"sgmbShare jssocials-theme-classic sgmbWidget1-1\"><\/div><div class=\"dropdownWrapper dropdownWrapper1 dropdownWrapper-for-widget \" id=\"dropdownWrapper-for-widget\">\r\n\t\t\t\t\t\t<div class=\"dropdownLabel\" id=\"dropdownLabel-share-list\"><span class=\"sgmbButtonListLabel1\">Share List<\/span><\/div>\r\n\t\t\t\t\t\t<div class=\"dropdownPanel dropdownPanel1-1\">\r\n\t\t\t\t\t\t<\/div>\r\n\t\t\t\t\t<\/div><script>  SGMB_URL = \"http:\/\/www.apucarana.pr.gov.br\/ame\/wp-content\/plugins\/social-media-builder\/\"; jQuery(\".dropdownWrapper\").hide(); SGMB_GOOGLE_ACOUNT = \"\"; <\/script><script type=\"text\/javascript\">\r\n\t\tjQuery(document).ready(function($){var widget = new SGMBWidget();widget.show({\"id\":\"1\",\"title\":\"Face\\\/Twitter\",\"options\":{\"currentUrl\":\"1\",\"url\":\"\",\"shareText\":\"\",\"fontSize\":\"14\",\"betweenButtons\":\"1px\",\"theme\":\"classic\",\"sgmbButtonsPosition\":\"bottomLeft\",\"socialTheme\":\"\",\"icon\":\"default\",\"buttonsPanelEffect\":\"No Effect\",\"buttonsEffect\":\"No Effect\",\"iconsEffect\":\"No Effect\",\"buttons\":\"{\\\"facebook\\\":{\\\"label\\\":\\\"Share\\\",\\\"icon\\\":\\\"default-facebook\\\"},\\\"twitter\\\":{\\\"label\\\":\\\"Tweet\\\",\\\"icon\\\":\\\"default-twitter\\\",\\\"via\\\":\\\"\\\",\\\"hashtags\\\":\\\"\\\"}}\",\"roundButton\":\"\",\"showLabels\":\"\",\"showCounts\":\"\",\"showCenter\":\"\",\"showButtonsAsList\":\"\",\"sgmbDropdownColor\":\"\",\"sgmbDropdownLabelFontSize\":\"14\",\"sgmbDropdownLabelColor\":\"\",\"showButtonsOnEveryPost\":\"on\",\"selectedOrExcluded\":\"\",\"showButtonsOnEveryPage\":\"\",\"textOnEveryPost\":\"Compartilhe\",\"showButtonsOnCustomPost\":\"\",\"textOnCustomPost\":\"\",\"showButtonsOnMobileDirect\":\"on\",\"showButtonsOnDesktopDirect\":\"on\",\"sgmbSelectedPages\":[\"\"],\"sgmbExcludedPosts\":[\"\"],\"sgmbSelectedCustomPosts\":[],\"showButtonsInPopup\":\"\",\"titleOfPopup\":\"\",\"descriptionOfPopup\":\"\",\"showPopupOnLoad\":\"\",\"showPopupOnScroll\":\"\",\"showPopupOnExit\":\"\",\"openSecondsOfPopup\":\"\",\"googleAnaliticsAccount\":\"\"},\"buttonOptions\":{\"facebook\":{\"label\":\"Share\",\"icon\":\"default-facebook\"},\"twitter\":{\"label\":\"Tweet\",\"icon\":\"default-twitter\",\"via\":\"\",\"hashtags\":\"\"}},\"button\":[\"facebook\",\"twitter\"]}, 1, '', 'http:\/\/www.apucarana.pr.gov.br\/ame\/wp-content\/uploads\/2018\/10\/MUSICASPROFETA-3.jpg', '', 'http:\/\/www.apucarana.pr.gov.br\/ame\/alunos-dao-show-em-apresentacao-musical\/'); });<\/script><\/div><script> jQuery(\".socialMediaOnEveryPost\").addClass(\"sgmb-left\") <\/script>","protected":false},"excerpt":{"rendered":"<p>O espet\u00e1culo Arca de No\u00e9 foi exibido em duas sess\u00f5es no Cine Teatro F\u00eanix (Fotos: Profeta)<\/p>\n","protected":false},"author":10,"featured_media":7541,"comment_status":"closed","ping_status":"open","sticky":false,"template":"","format":"standard","meta":[],"categories":[9],"tags":[138,32,37,69],"_links":{"self":[{"href":"http:\/\/www.apucarana.pr.gov.br\/ame\/wp-json\/wp\/v2\/posts\/7538"}],"collection":[{"href":"http:\/\/www.apucarana.pr.gov.br\/ame\/wp-json\/wp\/v2\/posts"}],"about":[{"href":"http:\/\/www.apucarana.pr.gov.br\/ame\/wp-json\/wp\/v2\/types\/post"}],"author":[{"embeddable":true,"href":"http:\/\/www.apucarana.pr.gov.br\/ame\/wp-json\/wp\/v2\/users\/10"}],"replies":[{"embeddable":true,"href":"http:\/\/www.apucarana.pr.gov.br\/ame\/wp-json\/wp\/v2\/comments?post=7538"}],"version-history":[{"count":1,"href":"http:\/\/www.apucarana.pr.gov.br\/ame\/wp-json\/wp\/v2\/posts\/7538\/revisions"}],"predecessor-version":[{"id":7545,"href":"http:\/\/www.apucarana.pr.gov.br\/ame\/wp-json\/wp\/v2\/posts\/7538\/revisions\/7545"}],"wp:featuredmedia":[{"embeddable":true,"href":"http:\/\/www.apucarana.pr.gov.br\/ame\/wp-json\/wp\/v2\/media\/7541"}],"wp:attachment":[{"href":"http:\/\/www.apucarana.pr.gov.br\/ame\/wp-json\/wp\/v2\/media?parent=7538"}],"wp:term":[{"taxonomy":"category","embeddable":true,"href":"http:\/\/www.apucarana.pr.gov.br\/ame\/wp-json\/wp\/v2\/categories?post=7538"},{"taxonomy":"post_tag","embeddable":true,"href":"http:\/\/www.apucarana.pr.gov.br\/ame\/wp-json\/wp\/v2\/tags?post=7538"}],"curies":[{"name":"wp","href":"https:\/\/api.w.org\/{rel}","templated":true}]}}