{"id":7478,"date":"2018-09-17T11:26:44","date_gmt":"2018-09-17T14:26:44","guid":{"rendered":"http:\/\/www.apucarana.pr.gov.br\/ame\/?p=7478"},"modified":"2024-10-08T09:10:10","modified_gmt":"2024-10-08T12:10:10","slug":"cmeis-de-apucarana-fazem-apresentacao-musical","status":"publish","type":"post","link":"http:\/\/www.apucarana.pr.gov.br\/ame\/cmeis-de-apucarana-fazem-apresentacao-musical\/","title":{"rendered":"CMEIs de Apucarana fazem apresenta\u00e7\u00e3o musical"},"content":{"rendered":"<p>Um coral formado por 240 alunos dos Centros Municipais de Educa\u00e7\u00e3o Infantil (CMEIs) de Apucarana subiu ao palco do Cine Teatro F\u00eanix na tarde do \u00faltimo s\u00e1bado (15\/9). Diante da plateia lotada de pais, irm\u00e3os e professores, eles apresentaram uma sele\u00e7\u00e3o de m\u00fasicas infantis.<\/p>\n<p>O espet\u00e1culo \u201cCantar e brincar \u00e9 s\u00f3 come\u00e7ar\u201d foi organizado pela Autarquia Municipal de Educa\u00e7\u00e3o, em parceria com a academia Sebastian Bach, para mostrar \u00e0 comunidade um pouco daquilo que as crian\u00e7as aprendem em sala de aula.<\/p>\n<p>\u201cOs alunos matriculados na nossa rede t\u00eam li\u00e7\u00f5es de m\u00fasica desde o ber\u00e7\u00e1rio at\u00e9 o 5\u00ba ano. A oficina faz parte do curr\u00edculo da educa\u00e7\u00e3o integral, juntamente com a dan\u00e7a e as artes marciais, sendo importante para que os pequenos desenvolvam a criatividade, a concentra\u00e7\u00e3o, a mem\u00f3ria, a afetividade e a socializa\u00e7\u00e3o,\u201d explicou a secret\u00e1ria de educa\u00e7\u00e3o, Marli Fernandes.<\/p>\n<p>Ela aproveitou ainda para agradecer \u00e0s fam\u00edlias por confiarem a educa\u00e7\u00e3o de seus filhos \u00e0 rede municipal de ensino. \u201cAo acompanharem de perto as atividades desenvolvidas nas escolas e creches, voc\u00eas nos trazem suas cr\u00edticas, ideias e sugest\u00f5es. Elas s\u00e3o sempre bem-vindas porque nos ajudam a aprimorar o trabalho e a tornar o ensino p\u00fablico cada dia melhor. Eu fico muito feliz de ver que os pais dos nossos alunos est\u00e3o sempre presentes nas atividades que preparamos,\u201d disse.<\/p>\n<div class = 'socialMediaOnEveryPost'>Compartilhe<div id=\"sgmbShare1-1\" class=\"sgmbShare jssocials-theme-classic sgmbWidget1-1\"><\/div><div class=\"dropdownWrapper dropdownWrapper1 dropdownWrapper-for-widget \" id=\"dropdownWrapper-for-widget\">\r\n\t\t\t\t\t\t<div class=\"dropdownLabel\" id=\"dropdownLabel-share-list\"><span class=\"sgmbButtonListLabel1\">Share List<\/span><\/div>\r\n\t\t\t\t\t\t<div class=\"dropdownPanel dropdownPanel1-1\">\r\n\t\t\t\t\t\t<\/div>\r\n\t\t\t\t\t<\/div><script>  SGMB_URL = \"http:\/\/www.apucarana.pr.gov.br\/ame\/wp-content\/plugins\/social-media-builder\/\"; jQuery(\".dropdownWrapper\").hide(); SGMB_GOOGLE_ACOUNT = \"\"; <\/script><script type=\"text\/javascript\">\r\n\t\tjQuery(document).ready(function($){var widget = new SGMBWidget();widget.show({\"id\":\"1\",\"title\":\"Face\\\/Twitter\",\"options\":{\"currentUrl\":\"1\",\"url\":\"\",\"shareText\":\"\",\"fontSize\":\"14\",\"betweenButtons\":\"1px\",\"theme\":\"classic\",\"sgmbButtonsPosition\":\"bottomLeft\",\"socialTheme\":\"\",\"icon\":\"default\",\"buttonsPanelEffect\":\"No Effect\",\"buttonsEffect\":\"No Effect\",\"iconsEffect\":\"No Effect\",\"buttons\":\"{\\\"facebook\\\":{\\\"label\\\":\\\"Share\\\",\\\"icon\\\":\\\"default-facebook\\\"},\\\"twitter\\\":{\\\"label\\\":\\\"Tweet\\\",\\\"icon\\\":\\\"default-twitter\\\",\\\"via\\\":\\\"\\\",\\\"hashtags\\\":\\\"\\\"}}\",\"roundButton\":\"\",\"showLabels\":\"\",\"showCounts\":\"\",\"showCenter\":\"\",\"showButtonsAsList\":\"\",\"sgmbDropdownColor\":\"\",\"sgmbDropdownLabelFontSize\":\"14\",\"sgmbDropdownLabelColor\":\"\",\"showButtonsOnEveryPost\":\"on\",\"selectedOrExcluded\":\"\",\"showButtonsOnEveryPage\":\"\",\"textOnEveryPost\":\"Compartilhe\",\"showButtonsOnCustomPost\":\"\",\"textOnCustomPost\":\"\",\"showButtonsOnMobileDirect\":\"on\",\"showButtonsOnDesktopDirect\":\"on\",\"sgmbSelectedPages\":[\"\"],\"sgmbExcludedPosts\":[\"\"],\"sgmbSelectedCustomPosts\":[],\"showButtonsInPopup\":\"\",\"titleOfPopup\":\"\",\"descriptionOfPopup\":\"\",\"showPopupOnLoad\":\"\",\"showPopupOnScroll\":\"\",\"showPopupOnExit\":\"\",\"openSecondsOfPopup\":\"\",\"googleAnaliticsAccount\":\"\"},\"buttonOptions\":{\"facebook\":{\"label\":\"Share\",\"icon\":\"default-facebook\"},\"twitter\":{\"label\":\"Tweet\",\"icon\":\"default-twitter\",\"via\":\"\",\"hashtags\":\"\"}},\"button\":[\"facebook\",\"twitter\"]}, 1, '', 'http:\/\/www.apucarana.pr.gov.br\/ame\/wp-content\/uploads\/2018\/09\/MUSICALIZA\u00c7\u00c3OPROFETA-7.jpg', '', 'http:\/\/www.apucarana.pr.gov.br\/ame\/cmeis-de-apucarana-fazem-apresentacao-musical\/'); });<\/script><\/div><script> jQuery(\".socialMediaOnEveryPost\").addClass(\"sgmb-left\") <\/script>","protected":false},"excerpt":{"rendered":"<p>Por meio do espet\u00e1culo \u201cCantar e brincar \u00e9 s\u00f3 come\u00e7ar\u201d, os pais e familiares dos alunos apreciam um pouco daquilo que seus filhos aprendem em sala (Fotos: Profeta)<\/p>\n","protected":false},"author":10,"featured_media":7485,"comment_status":"closed","ping_status":"open","sticky":false,"template":"","format":"standard","meta":[],"categories":[9],"tags":[138,32,65,137,105,37,27],"_links":{"self":[{"href":"http:\/\/www.apucarana.pr.gov.br\/ame\/wp-json\/wp\/v2\/posts\/7478"}],"collection":[{"href":"http:\/\/www.apucarana.pr.gov.br\/ame\/wp-json\/wp\/v2\/posts"}],"about":[{"href":"http:\/\/www.apucarana.pr.gov.br\/ame\/wp-json\/wp\/v2\/types\/post"}],"author":[{"embeddable":true,"href":"http:\/\/www.apucarana.pr.gov.br\/ame\/wp-json\/wp\/v2\/users\/10"}],"replies":[{"embeddable":true,"href":"http:\/\/www.apucarana.pr.gov.br\/ame\/wp-json\/wp\/v2\/comments?post=7478"}],"version-history":[{"count":1,"href":"http:\/\/www.apucarana.pr.gov.br\/ame\/wp-json\/wp\/v2\/posts\/7478\/revisions"}],"predecessor-version":[{"id":7487,"href":"http:\/\/www.apucarana.pr.gov.br\/ame\/wp-json\/wp\/v2\/posts\/7478\/revisions\/7487"}],"wp:featuredmedia":[{"embeddable":true,"href":"http:\/\/www.apucarana.pr.gov.br\/ame\/wp-json\/wp\/v2\/media\/7485"}],"wp:attachment":[{"href":"http:\/\/www.apucarana.pr.gov.br\/ame\/wp-json\/wp\/v2\/media?parent=7478"}],"wp:term":[{"taxonomy":"category","embeddable":true,"href":"http:\/\/www.apucarana.pr.gov.br\/ame\/wp-json\/wp\/v2\/categories?post=7478"},{"taxonomy":"post_tag","embeddable":true,"href":"http:\/\/www.apucarana.pr.gov.br\/ame\/wp-json\/wp\/v2\/tags?post=7478"}],"curies":[{"name":"wp","href":"https:\/\/api.w.org\/{rel}","templated":true}]}}