{"id":7276,"date":"2018-07-03T10:04:04","date_gmt":"2018-07-03T13:04:04","guid":{"rendered":"http:\/\/www.apucarana.pr.gov.br\/ame\/?p=7276"},"modified":"2024-10-08T09:10:11","modified_gmt":"2024-10-08T12:10:11","slug":"educacao-divulga-cardapios-das-escolas-e-cmeis-municipais-11","status":"publish","type":"post","link":"http:\/\/www.apucarana.pr.gov.br\/ame\/educacao-divulga-cardapios-das-escolas-e-cmeis-municipais-11\/","title":{"rendered":"Educa\u00e7\u00e3o divulga card\u00e1pios das Escolas e CMEIs municipais"},"content":{"rendered":"<p>A Autarquia Municipal de Educa\u00e7\u00e3o lembra que, no per\u00edodo de 6 a 13 de julho, as escolas da rede funcionar\u00e3o como alojamentos para os atletas do 65\u00ba Jogos Escolares do Paran\u00e1. O per\u00edodo de f\u00e9rias nas escolas vai de 14 a 29 de julho. O segundo semestre letivo come\u00e7a no dia 30 do mesmo m\u00eas.<\/p>\n<p>J\u00e1 nos Centros Municipais de Educa\u00e7\u00e3o Infantil (CMEIs), as f\u00e9rias escolares v\u00e3o de 19 a 29 de julho. O atendimento \u00e0s crian\u00e7as ser\u00e1 retomado no dia 30.<\/p>\n<p><em>\u00a0<\/em><\/p>\n<p><strong>Card\u00e1pios dos CMEIs \u2013 alunos de 4 a 12 meses de idade<\/strong><\/p>\n<p><img loading=\"lazy\" class=\"alignnone size-full wp-image-7277\" src=\"http:\/\/www.apucarana.pr.gov.br\/ame\/wp-content\/uploads\/2018\/07\/Slide2.jpg\" alt=\"\" width=\"960\" height=\"720\" \/><\/p>\n<p><img loading=\"lazy\" class=\"alignnone size-full wp-image-7278\" src=\"http:\/\/www.apucarana.pr.gov.br\/ame\/wp-content\/uploads\/2018\/07\/Slide3.jpg\" alt=\"\" width=\"960\" height=\"720\" \/><\/p>\n<p><img loading=\"lazy\" class=\"alignnone size-full wp-image-7279\" src=\"http:\/\/www.apucarana.pr.gov.br\/ame\/wp-content\/uploads\/2018\/07\/Slide4.jpg\" alt=\"\" width=\"960\" height=\"720\" \/><\/p>\n<p><strong>Card\u00e1pios dos CMEIs \u2013 alunos com mais de 12 meses de idade<\/strong><\/p>\n<p><img loading=\"lazy\" class=\"alignnone size-full wp-image-7280\" src=\"http:\/\/www.apucarana.pr.gov.br\/ame\/wp-content\/uploads\/2018\/07\/Slide2-1.jpg\" alt=\"\" width=\"960\" height=\"720\" \/><\/p>\n<p><img loading=\"lazy\" class=\"alignnone size-full wp-image-7281\" src=\"http:\/\/www.apucarana.pr.gov.br\/ame\/wp-content\/uploads\/2018\/07\/Slide3-1.jpg\" alt=\"\" width=\"960\" height=\"720\" \/><\/p>\n<p><img loading=\"lazy\" class=\"alignnone size-full wp-image-7282\" src=\"http:\/\/www.apucarana.pr.gov.br\/ame\/wp-content\/uploads\/2018\/07\/Slide4-1.jpg\" alt=\"\" width=\"960\" height=\"720\" \/><\/p>\n<p><strong>Card\u00e1pios das Escolas que funcionam em per\u00edodo parcial \u2013 Matutino<\/strong><\/p>\n<p><img loading=\"lazy\" class=\"alignnone size-full wp-image-7283\" src=\"http:\/\/www.apucarana.pr.gov.br\/ame\/wp-content\/uploads\/2018\/07\/Slide2-2.jpg\" alt=\"\" width=\"960\" height=\"500\" \/><\/p>\n<p><strong>Card\u00e1pios das Escolas que funcionam em per\u00edodo parcial \u2013 Vespertino<\/strong><\/p>\n<p><img loading=\"lazy\" class=\"alignnone size-full wp-image-7284\" src=\"http:\/\/www.apucarana.pr.gov.br\/ame\/wp-content\/uploads\/2018\/07\/Slide2-3.jpg\" alt=\"\" width=\"960\" height=\"503\" \/><\/p>\n<p><strong>Card\u00e1pios das Escolas que funcionam em tempo integral<\/strong><\/p>\n<p><img loading=\"lazy\" class=\"alignnone size-full wp-image-7285\" src=\"http:\/\/www.apucarana.pr.gov.br\/ame\/wp-content\/uploads\/2018\/07\/Slide2-4.jpg\" alt=\"\" width=\"960\" height=\"524\" \/><\/p>\n<p><strong>Card\u00e1pios da Educa\u00e7\u00e3o de Jovens e Adultos (EJA)<\/strong><\/p>\n<p><img loading=\"lazy\" class=\"alignnone size-full wp-image-7286\" src=\"http:\/\/www.apucarana.pr.gov.br\/ame\/wp-content\/uploads\/2018\/07\/Slide2-5.jpg\" alt=\"\" width=\"960\" height=\"494\" \/><\/p>\n<p>&nbsp;<\/p>\n<div class = 'socialMediaOnEveryPost'>Compartilhe<div id=\"sgmbShare1-1\" class=\"sgmbShare jssocials-theme-classic sgmbWidget1-1\"><\/div><div class=\"dropdownWrapper dropdownWrapper1 dropdownWrapper-for-widget \" id=\"dropdownWrapper-for-widget\">\r\n\t\t\t\t\t\t<div class=\"dropdownLabel\" id=\"dropdownLabel-share-list\"><span class=\"sgmbButtonListLabel1\">Share List<\/span><\/div>\r\n\t\t\t\t\t\t<div class=\"dropdownPanel dropdownPanel1-1\">\r\n\t\t\t\t\t\t<\/div>\r\n\t\t\t\t\t<\/div><script>  SGMB_URL = \"http:\/\/www.apucarana.pr.gov.br\/ame\/wp-content\/plugins\/social-media-builder\/\"; jQuery(\".dropdownWrapper\").hide(); SGMB_GOOGLE_ACOUNT = \"\"; <\/script><script type=\"text\/javascript\">\r\n\t\tjQuery(document).ready(function($){var widget = new SGMBWidget();widget.show({\"id\":\"1\",\"title\":\"Face\\\/Twitter\",\"options\":{\"currentUrl\":\"1\",\"url\":\"\",\"shareText\":\"\",\"fontSize\":\"14\",\"betweenButtons\":\"1px\",\"theme\":\"classic\",\"sgmbButtonsPosition\":\"bottomLeft\",\"socialTheme\":\"\",\"icon\":\"default\",\"buttonsPanelEffect\":\"No Effect\",\"buttonsEffect\":\"No Effect\",\"iconsEffect\":\"No Effect\",\"buttons\":\"{\\\"facebook\\\":{\\\"label\\\":\\\"Share\\\",\\\"icon\\\":\\\"default-facebook\\\"},\\\"twitter\\\":{\\\"label\\\":\\\"Tweet\\\",\\\"icon\\\":\\\"default-twitter\\\",\\\"via\\\":\\\"\\\",\\\"hashtags\\\":\\\"\\\"}}\",\"roundButton\":\"\",\"showLabels\":\"\",\"showCounts\":\"\",\"showCenter\":\"\",\"showButtonsAsList\":\"\",\"sgmbDropdownColor\":\"\",\"sgmbDropdownLabelFontSize\":\"14\",\"sgmbDropdownLabelColor\":\"\",\"showButtonsOnEveryPost\":\"on\",\"selectedOrExcluded\":\"\",\"showButtonsOnEveryPage\":\"\",\"textOnEveryPost\":\"Compartilhe\",\"showButtonsOnCustomPost\":\"\",\"textOnCustomPost\":\"\",\"showButtonsOnMobileDirect\":\"on\",\"showButtonsOnDesktopDirect\":\"on\",\"sgmbSelectedPages\":[\"\"],\"sgmbExcludedPosts\":[\"\"],\"sgmbSelectedCustomPosts\":[],\"showButtonsInPopup\":\"\",\"titleOfPopup\":\"\",\"descriptionOfPopup\":\"\",\"showPopupOnLoad\":\"\",\"showPopupOnScroll\":\"\",\"showPopupOnExit\":\"\",\"openSecondsOfPopup\":\"\",\"googleAnaliticsAccount\":\"\"},\"buttonOptions\":{\"facebook\":{\"label\":\"Share\",\"icon\":\"default-facebook\"},\"twitter\":{\"label\":\"Tweet\",\"icon\":\"default-twitter\",\"via\":\"\",\"hashtags\":\"\"}},\"button\":[\"facebook\",\"twitter\"]}, 1, '', 'http:\/\/www.apucarana.pr.gov.br\/ame\/wp-content\/uploads\/2018\/07\/MERENDAPROFETA-6.jpg', '', 'http:\/\/www.apucarana.pr.gov.br\/ame\/educacao-divulga-cardapios-das-escolas-e-cmeis-municipais-11\/'); });<\/script><\/div><script> jQuery(\".socialMediaOnEveryPost\").addClass(\"sgmb-left\") <\/script>","protected":false},"excerpt":{"rendered":"<p>Os menus s\u00e3o para o m\u00eas de julho e est\u00e3o divididos segundo a faixa et\u00e1ria dos alunos<\/p>\n","protected":false},"author":10,"featured_media":7287,"comment_status":"closed","ping_status":"open","sticky":false,"template":"","format":"standard","meta":[],"categories":[9],"tags":[],"_links":{"self":[{"href":"http:\/\/www.apucarana.pr.gov.br\/ame\/wp-json\/wp\/v2\/posts\/7276"}],"collection":[{"href":"http:\/\/www.apucarana.pr.gov.br\/ame\/wp-json\/wp\/v2\/posts"}],"about":[{"href":"http:\/\/www.apucarana.pr.gov.br\/ame\/wp-json\/wp\/v2\/types\/post"}],"author":[{"embeddable":true,"href":"http:\/\/www.apucarana.pr.gov.br\/ame\/wp-json\/wp\/v2\/users\/10"}],"replies":[{"embeddable":true,"href":"http:\/\/www.apucarana.pr.gov.br\/ame\/wp-json\/wp\/v2\/comments?post=7276"}],"version-history":[{"count":1,"href":"http:\/\/www.apucarana.pr.gov.br\/ame\/wp-json\/wp\/v2\/posts\/7276\/revisions"}],"predecessor-version":[{"id":7288,"href":"http:\/\/www.apucarana.pr.gov.br\/ame\/wp-json\/wp\/v2\/posts\/7276\/revisions\/7288"}],"wp:featuredmedia":[{"embeddable":true,"href":"http:\/\/www.apucarana.pr.gov.br\/ame\/wp-json\/wp\/v2\/media\/7287"}],"wp:attachment":[{"href":"http:\/\/www.apucarana.pr.gov.br\/ame\/wp-json\/wp\/v2\/media?parent=7276"}],"wp:term":[{"taxonomy":"category","embeddable":true,"href":"http:\/\/www.apucarana.pr.gov.br\/ame\/wp-json\/wp\/v2\/categories?post=7276"},{"taxonomy":"post_tag","embeddable":true,"href":"http:\/\/www.apucarana.pr.gov.br\/ame\/wp-json\/wp\/v2\/tags?post=7276"}],"curies":[{"name":"wp","href":"https:\/\/api.w.org\/{rel}","templated":true}]}}