{"id":7267,"date":"2018-06-28T19:22:16","date_gmt":"2018-06-28T22:22:16","guid":{"rendered":"http:\/\/www.apucarana.pr.gov.br\/ame\/?p=7267"},"modified":"2024-10-08T09:10:11","modified_gmt":"2024-10-08T12:10:11","slug":"jardim-interlagos-ganha-escola-para-420-alunos","status":"publish","type":"post","link":"http:\/\/www.apucarana.pr.gov.br\/ame\/jardim-interlagos-ganha-escola-para-420-alunos\/","title":{"rendered":"Jardim Interlagos ganha escola para 420 alunos"},"content":{"rendered":"<p>O prefeito Beto Preto autorizou, na tarde de hoje (28), a abertura de processo licitat\u00f3rio para a constru\u00e7\u00e3o de escola municipal no Jardim Interlagos, na zona oeste de Apucarana. O an\u00fancio foi feito durante a visita do deputado federal S\u00e9rgio Souza (MDB) e do secret\u00e1rio de Educa\u00e7\u00e3o Superior do Minist\u00e9rio da Educa\u00e7\u00e3o, Paulo Barone, ao campus da Universidade Tecnol\u00f3gica Federal do Paran\u00e1.<\/p>\n<p>A nova unidade de ensino vai atender a aproximadamente 420 crian\u00e7as, ofertando turmas da Educa\u00e7\u00e3o Infantil e dos anos iniciais do Ensino Fundamental (1\u00ba ao 5\u00ba). Segundo o projeto de engenharia, o pr\u00e9dio ter\u00e1 doze salas de aula, laborat\u00f3rio, biblioteca, audit\u00f3rio, sala de inform\u00e1tica, quadra esportiva coberta, quatro sanit\u00e1rios para alunos e tr\u00eas para funcion\u00e1rios, cozinha, despensa, refeit\u00f3rio, central de g\u00e1s, almoxarifado, secretaria, salas para professores, dire\u00e7\u00e3o e coordena\u00e7\u00e3o, p\u00e1tio aberto e passarelas interligando todos os blocos.<\/p>\n<p>A obra \u00e9 aguardada desde muito tempo pela popula\u00e7\u00e3o. \u201cO loteamento do Jardim Interlagos ocorreu h\u00e1 quase duas d\u00e9cadas, mas a \u00e1rea reservada na \u00e9poca para a constru\u00e7\u00e3o de pr\u00e9dios p\u00fablicos era insuficiente. Por isso, o bairro permaneceu todos esses anos sem os servi\u00e7os de escola, creche, posto de sa\u00fade e assist\u00eancia social. A situa\u00e7\u00e3o est\u00e1 sendo resolvida na gest\u00e3o do prefeito Beto Preto\u201d explica a engenheira da Autarquia Municipal de Educa\u00e7\u00e3o, Miriam Elena Favaretto Corbacho.<\/p>\n<p>A Escola do Jardim Interlagos ser\u00e1 edificada em terreno de 8 mil m<sup>2<\/sup> situado no prolongamento da Rua Andr\u00e9 Korilo, a poucos metros da\u00a0 Rua Cristiano Kussmaul. A \u00e1rea constru\u00edda abranger\u00e1 3.228,08 m<sup>2<\/sup>.<\/p>\n<p>A secret\u00e1ria municipal de Educa\u00e7\u00e3o, Marli Fernandes, afirma que a obra vai facilitar a vida das fam\u00edlias e aliviar o transporte escolar. \u201cHoje, as crian\u00e7as do Jardim Interlagos precisam se locomover para outros bairros, frequentando escolas distantes. As principais institui\u00e7\u00f5es que atendem esses alunos s\u00e3o Marta Pereira (Jardim Menegazzo), Madalena C\u00f4co (Vila Martins), Durval Pinto (Centro), Braga C\u00f4rtes (Vila Formosa) e Alcides Ramos (N\u00facleo Osmar Guaraci Freire)\u201d.<\/p>\n<p>A constru\u00e7\u00e3o da Escola do Jardim Interlagos exigir\u00e1 investimento de R$ 5.413.833,72, sendo R$ 4.396.880,87 provenientes do governo federal, por meio do Fundo Nacional de Desenvolvimento da Educa\u00e7\u00e3o (FNDE), e R$ 1.016.952,72 de contrapartida do munic\u00edpio.<\/p>\n<p>&#8220;O S\u00e9rgio Souza \u00e9 respons\u00e1vel direto pela conquista dessa obra, pois foi ele quem intercedeu pelo nosso projeto junto ao Minist\u00e9rio da Educa\u00e7\u00e3o. N\u00f3s lut\u00e1vamos h\u00e1 quatro anos para construir a escola do Jardim Interlagos e agradecemos imensamente ao deputado. O bairro vai ganhar a unidade de ensino mais moderna de Apucarana,&#8221; disse o prefeito Beto Preto.<\/p>\n<p>&#8220;Eu sinto um grande carinho pela \u00e1rea da educa\u00e7\u00e3o, porque n\u00e3o h\u00e1 nada mais importante do que ela para um pa\u00eds. Por meio do ensino, n\u00f3s podemos melhorar a gera\u00e7\u00e3o de renda e a qualidade de vida da popula\u00e7\u00e3o, reerguendo o nosso Brasil,&#8221; afirmou o deputado federal S\u00e9rgio Souza.<\/p>\n<p>Em janeiro deste ano, o prefeito Beto Preto deu ordem de servi\u00e7o para a constru\u00e7\u00e3o de sede pr\u00f3pria da Unidade B\u00e1sica de Sa\u00fade (UBS) Elaine Mazur, no Jardim Interlagos. O investimento nessa obra \u00e9 de R$ 586.532,12. O terreno para edifica\u00e7\u00e3o do Centro Municipal de Educa\u00e7\u00e3o Infantil (CMEI) tamb\u00e9m j\u00e1 est\u00e1 assegurado.<\/p>\n<p>Participaram tamb\u00e9m da solenidade, o reitor da Universidade Tecnol\u00f3gica Federal do Paran\u00e1, Luiz Alberto Pilatti; o diretor do c\u00e2mpus apucaranense da UTFPR, Marcelo Ferreira da Silva; o vice-prefeito Junior da Femac; diversos vereadores e secret\u00e1rios municipais.<\/p>\n<div class = 'socialMediaOnEveryPost'>Compartilhe<div id=\"sgmbShare1-1\" class=\"sgmbShare jssocials-theme-classic sgmbWidget1-1\"><\/div><div class=\"dropdownWrapper dropdownWrapper1 dropdownWrapper-for-widget \" id=\"dropdownWrapper-for-widget\">\r\n\t\t\t\t\t\t<div class=\"dropdownLabel\" id=\"dropdownLabel-share-list\"><span class=\"sgmbButtonListLabel1\">Share List<\/span><\/div>\r\n\t\t\t\t\t\t<div class=\"dropdownPanel dropdownPanel1-1\">\r\n\t\t\t\t\t\t<\/div>\r\n\t\t\t\t\t<\/div><script>  SGMB_URL = \"http:\/\/www.apucarana.pr.gov.br\/ame\/wp-content\/plugins\/social-media-builder\/\"; jQuery(\".dropdownWrapper\").hide(); SGMB_GOOGLE_ACOUNT = \"\"; <\/script><script type=\"text\/javascript\">\r\n\t\tjQuery(document).ready(function($){var widget = new SGMBWidget();widget.show({\"id\":\"1\",\"title\":\"Face\\\/Twitter\",\"options\":{\"currentUrl\":\"1\",\"url\":\"\",\"shareText\":\"\",\"fontSize\":\"14\",\"betweenButtons\":\"1px\",\"theme\":\"classic\",\"sgmbButtonsPosition\":\"bottomLeft\",\"socialTheme\":\"\",\"icon\":\"default\",\"buttonsPanelEffect\":\"No Effect\",\"buttonsEffect\":\"No Effect\",\"iconsEffect\":\"No Effect\",\"buttons\":\"{\\\"facebook\\\":{\\\"label\\\":\\\"Share\\\",\\\"icon\\\":\\\"default-facebook\\\"},\\\"twitter\\\":{\\\"label\\\":\\\"Tweet\\\",\\\"icon\\\":\\\"default-twitter\\\",\\\"via\\\":\\\"\\\",\\\"hashtags\\\":\\\"\\\"}}\",\"roundButton\":\"\",\"showLabels\":\"\",\"showCounts\":\"\",\"showCenter\":\"\",\"showButtonsAsList\":\"\",\"sgmbDropdownColor\":\"\",\"sgmbDropdownLabelFontSize\":\"14\",\"sgmbDropdownLabelColor\":\"\",\"showButtonsOnEveryPost\":\"on\",\"selectedOrExcluded\":\"\",\"showButtonsOnEveryPage\":\"\",\"textOnEveryPost\":\"Compartilhe\",\"showButtonsOnCustomPost\":\"\",\"textOnCustomPost\":\"\",\"showButtonsOnMobileDirect\":\"on\",\"showButtonsOnDesktopDirect\":\"on\",\"sgmbSelectedPages\":[\"\"],\"sgmbExcludedPosts\":[\"\"],\"sgmbSelectedCustomPosts\":[],\"showButtonsInPopup\":\"\",\"titleOfPopup\":\"\",\"descriptionOfPopup\":\"\",\"showPopupOnLoad\":\"\",\"showPopupOnScroll\":\"\",\"showPopupOnExit\":\"\",\"openSecondsOfPopup\":\"\",\"googleAnaliticsAccount\":\"\"},\"buttonOptions\":{\"facebook\":{\"label\":\"Share\",\"icon\":\"default-facebook\"},\"twitter\":{\"label\":\"Tweet\",\"icon\":\"default-twitter\",\"via\":\"\",\"hashtags\":\"\"}},\"button\":[\"facebook\",\"twitter\"]}, 1, '', 'http:\/\/www.apucarana.pr.gov.br\/ame\/wp-content\/uploads\/2018\/06\/RECURSOSPROFETA-7.jpg', '', 'http:\/\/www.apucarana.pr.gov.br\/ame\/jardim-interlagos-ganha-escola-para-420-alunos\/'); });<\/script><\/div><script> jQuery(\".socialMediaOnEveryPost\").addClass(\"sgmb-left\") <\/script>","protected":false},"excerpt":{"rendered":"<p>O investimento na obra ser\u00e1 de R$ 5,4 milh\u00f5es, com recursos do governo federal e do pr\u00f3prio munic\u00edpio (Fotos: Profeta)<\/p>\n","protected":false},"author":10,"featured_media":7269,"comment_status":"closed","ping_status":"open","sticky":false,"template":"","format":"standard","meta":[],"categories":[9],"tags":[],"_links":{"self":[{"href":"http:\/\/www.apucarana.pr.gov.br\/ame\/wp-json\/wp\/v2\/posts\/7267"}],"collection":[{"href":"http:\/\/www.apucarana.pr.gov.br\/ame\/wp-json\/wp\/v2\/posts"}],"about":[{"href":"http:\/\/www.apucarana.pr.gov.br\/ame\/wp-json\/wp\/v2\/types\/post"}],"author":[{"embeddable":true,"href":"http:\/\/www.apucarana.pr.gov.br\/ame\/wp-json\/wp\/v2\/users\/10"}],"replies":[{"embeddable":true,"href":"http:\/\/www.apucarana.pr.gov.br\/ame\/wp-json\/wp\/v2\/comments?post=7267"}],"version-history":[{"count":1,"href":"http:\/\/www.apucarana.pr.gov.br\/ame\/wp-json\/wp\/v2\/posts\/7267\/revisions"}],"predecessor-version":[{"id":7274,"href":"http:\/\/www.apucarana.pr.gov.br\/ame\/wp-json\/wp\/v2\/posts\/7267\/revisions\/7274"}],"wp:featuredmedia":[{"embeddable":true,"href":"http:\/\/www.apucarana.pr.gov.br\/ame\/wp-json\/wp\/v2\/media\/7269"}],"wp:attachment":[{"href":"http:\/\/www.apucarana.pr.gov.br\/ame\/wp-json\/wp\/v2\/media?parent=7267"}],"wp:term":[{"taxonomy":"category","embeddable":true,"href":"http:\/\/www.apucarana.pr.gov.br\/ame\/wp-json\/wp\/v2\/categories?post=7267"},{"taxonomy":"post_tag","embeddable":true,"href":"http:\/\/www.apucarana.pr.gov.br\/ame\/wp-json\/wp\/v2\/tags?post=7267"}],"curies":[{"name":"wp","href":"https:\/\/api.w.org\/{rel}","templated":true}]}}