{"id":6783,"date":"2017-12-20T11:25:14","date_gmt":"2017-12-20T13:25:14","guid":{"rendered":"http:\/\/www.apucarana.pr.gov.br\/ame\/?p=6783"},"modified":"2024-10-08T09:10:13","modified_gmt":"2024-10-08T12:10:13","slug":"apucarana-realiza-conferencia-para-monitoramento-e-avaliacao-do-plano-municipal-de-educacao","status":"publish","type":"post","link":"http:\/\/www.apucarana.pr.gov.br\/ame\/apucarana-realiza-conferencia-para-monitoramento-e-avaliacao-do-plano-municipal-de-educacao\/","title":{"rendered":"Apucarana realiza confer\u00eancia para monitoramento e avalia\u00e7\u00e3o do Plano Municipal de Educa\u00e7\u00e3o"},"content":{"rendered":"<p>Apucarana realizou, na noite de ontem (19), a I Confer\u00eancia de Avalia\u00e7\u00e3o e Monitoramento do Plano Municipal de Educa\u00e7\u00e3o. O evento reuniu cerca de 100 participantes, entre delegados, convidados e observadores, na sala de reuni\u00f5es da Autarquia Municipal de Educa\u00e7\u00e3o.<\/p>\n<p>Criado democraticamente em 2015, o PME \u00e9 um documento que estabelece as diretrizes e metas para o ensino apucaranense pelo per\u00edodo de uma d\u00e9cada. Ele engloba tanto as redes p\u00fablicas (municipal e estadual) como institui\u00e7\u00f5es privadas, que ofertam desde a Educa\u00e7\u00e3o Infantil at\u00e9 o Ensino Superior.<\/p>\n<p>Os trabalhos de avalia\u00e7\u00e3o e monitoramento do PME foram conduzidos por uma comiss\u00e3o coordenadora e uma equipe t\u00e9cnica, nomeadas atrav\u00e9s da portaria 337\/2017, e tiveram o objetivo de acompanhar os avan\u00e7os feitos e replanejar as a\u00e7\u00f5es para que todas as metas sejam cumpridas at\u00e9 o final da vig\u00eancia do documento, em 2025.<\/p>\n<p>Segundo a comiss\u00e3o coordenadora, os membros apontaram 16 altera\u00e7\u00f5es necess\u00e1rias no PME, que foram votadas e aprovadas na confer\u00eancia de ontem. As adequa\u00e7\u00f5es dizem respeito principalmente ao aprimoramento em rela\u00e7\u00e3o ao Plano Nacional de Educa\u00e7\u00e3o.<\/p>\n<p>A secret\u00e1ria municipal de Educa\u00e7\u00e3o, Marli Fernandes, acompanhou as vota\u00e7\u00f5es e avaliou que as 20 metas do PME est\u00e3o sendo cumpridas rigorosamente dentro do prazo. \u201cDas 265 estrat\u00e9gias estabelecidas no documento, que s\u00e3o os caminhos para a execu\u00e7\u00e3o das metas, 170 j\u00e1 foram realizadas, 72 est\u00e3o em andamento e apenas 23 n\u00e3o foram iniciadas. Estas \u00faltimas tem previs\u00e3o para serem cumpridas at\u00e9 o final da vig\u00eancia do PME\u201d afirmou.<\/p>\n<p>O relat\u00f3rio com as altera\u00e7\u00f5es aprovadas durante a I Confer\u00eancia de Avalia\u00e7\u00e3o e Monitoramento do Plano Municipal de Educa\u00e7\u00e3o ainda deve passar pela aprecia\u00e7\u00e3o dos vereadores da C\u00e2mara Municipal de Apucarana.<\/p>\n<div class = 'socialMediaOnEveryPost'>Compartilhe<div id=\"sgmbShare1-1\" class=\"sgmbShare jssocials-theme-classic sgmbWidget1-1\"><\/div><div class=\"dropdownWrapper dropdownWrapper1 dropdownWrapper-for-widget \" id=\"dropdownWrapper-for-widget\">\r\n\t\t\t\t\t\t<div class=\"dropdownLabel\" id=\"dropdownLabel-share-list\"><span class=\"sgmbButtonListLabel1\">Share List<\/span><\/div>\r\n\t\t\t\t\t\t<div class=\"dropdownPanel dropdownPanel1-1\">\r\n\t\t\t\t\t\t<\/div>\r\n\t\t\t\t\t<\/div><script>  SGMB_URL = \"http:\/\/www.apucarana.pr.gov.br\/ame\/wp-content\/plugins\/social-media-builder\/\"; jQuery(\".dropdownWrapper\").hide(); SGMB_GOOGLE_ACOUNT = \"\"; <\/script><script type=\"text\/javascript\">\r\n\t\tjQuery(document).ready(function($){var widget = new SGMBWidget();widget.show({\"id\":\"1\",\"title\":\"Face\\\/Twitter\",\"options\":{\"currentUrl\":\"1\",\"url\":\"\",\"shareText\":\"\",\"fontSize\":\"14\",\"betweenButtons\":\"1px\",\"theme\":\"classic\",\"sgmbButtonsPosition\":\"bottomLeft\",\"socialTheme\":\"\",\"icon\":\"default\",\"buttonsPanelEffect\":\"No Effect\",\"buttonsEffect\":\"No Effect\",\"iconsEffect\":\"No Effect\",\"buttons\":\"{\\\"facebook\\\":{\\\"label\\\":\\\"Share\\\",\\\"icon\\\":\\\"default-facebook\\\"},\\\"twitter\\\":{\\\"label\\\":\\\"Tweet\\\",\\\"icon\\\":\\\"default-twitter\\\",\\\"via\\\":\\\"\\\",\\\"hashtags\\\":\\\"\\\"}}\",\"roundButton\":\"\",\"showLabels\":\"\",\"showCounts\":\"\",\"showCenter\":\"\",\"showButtonsAsList\":\"\",\"sgmbDropdownColor\":\"\",\"sgmbDropdownLabelFontSize\":\"14\",\"sgmbDropdownLabelColor\":\"\",\"showButtonsOnEveryPost\":\"on\",\"selectedOrExcluded\":\"\",\"showButtonsOnEveryPage\":\"\",\"textOnEveryPost\":\"Compartilhe\",\"showButtonsOnCustomPost\":\"\",\"textOnCustomPost\":\"\",\"showButtonsOnMobileDirect\":\"on\",\"showButtonsOnDesktopDirect\":\"on\",\"sgmbSelectedPages\":[\"\"],\"sgmbExcludedPosts\":[\"\"],\"sgmbSelectedCustomPosts\":[],\"showButtonsInPopup\":\"\",\"titleOfPopup\":\"\",\"descriptionOfPopup\":\"\",\"showPopupOnLoad\":\"\",\"showPopupOnScroll\":\"\",\"showPopupOnExit\":\"\",\"openSecondsOfPopup\":\"\",\"googleAnaliticsAccount\":\"\"},\"buttonOptions\":{\"facebook\":{\"label\":\"Share\",\"icon\":\"default-facebook\"},\"twitter\":{\"label\":\"Tweet\",\"icon\":\"default-twitter\",\"via\":\"\",\"hashtags\":\"\"}},\"button\":[\"facebook\",\"twitter\"]}, 1, '', 'http:\/\/www.apucarana.pr.gov.br\/ame\/wp-content\/uploads\/2017\/12\/IMG_0151.jpg', '', 'http:\/\/www.apucarana.pr.gov.br\/ame\/apucarana-realiza-conferencia-para-monitoramento-e-avaliacao-do-plano-municipal-de-educacao\/'); });<\/script><\/div><script> jQuery(\".socialMediaOnEveryPost\").addClass(\"sgmb-left\") <\/script>","protected":false},"excerpt":{"rendered":"<p>A finalidade \u00e9 acompanhar os avan\u00e7os feitos e replanejar as a\u00e7\u00f5es para que todas as metas sejam cumpridas at\u00e9 o final da vig\u00eancia do PME, em 2025<\/p>\n","protected":false},"author":10,"featured_media":6788,"comment_status":"closed","ping_status":"open","sticky":false,"template":"","format":"standard","meta":[],"categories":[9],"tags":[32,112,113,100],"_links":{"self":[{"href":"http:\/\/www.apucarana.pr.gov.br\/ame\/wp-json\/wp\/v2\/posts\/6783"}],"collection":[{"href":"http:\/\/www.apucarana.pr.gov.br\/ame\/wp-json\/wp\/v2\/posts"}],"about":[{"href":"http:\/\/www.apucarana.pr.gov.br\/ame\/wp-json\/wp\/v2\/types\/post"}],"author":[{"embeddable":true,"href":"http:\/\/www.apucarana.pr.gov.br\/ame\/wp-json\/wp\/v2\/users\/10"}],"replies":[{"embeddable":true,"href":"http:\/\/www.apucarana.pr.gov.br\/ame\/wp-json\/wp\/v2\/comments?post=6783"}],"version-history":[{"count":1,"href":"http:\/\/www.apucarana.pr.gov.br\/ame\/wp-json\/wp\/v2\/posts\/6783\/revisions"}],"predecessor-version":[{"id":6791,"href":"http:\/\/www.apucarana.pr.gov.br\/ame\/wp-json\/wp\/v2\/posts\/6783\/revisions\/6791"}],"wp:featuredmedia":[{"embeddable":true,"href":"http:\/\/www.apucarana.pr.gov.br\/ame\/wp-json\/wp\/v2\/media\/6788"}],"wp:attachment":[{"href":"http:\/\/www.apucarana.pr.gov.br\/ame\/wp-json\/wp\/v2\/media?parent=6783"}],"wp:term":[{"taxonomy":"category","embeddable":true,"href":"http:\/\/www.apucarana.pr.gov.br\/ame\/wp-json\/wp\/v2\/categories?post=6783"},{"taxonomy":"post_tag","embeddable":true,"href":"http:\/\/www.apucarana.pr.gov.br\/ame\/wp-json\/wp\/v2\/tags?post=6783"}],"curies":[{"name":"wp","href":"https:\/\/api.w.org\/{rel}","templated":true}]}}