{"id":6742,"date":"2017-12-06T13:48:20","date_gmt":"2017-12-06T15:48:20","guid":{"rendered":"http:\/\/www.apucarana.pr.gov.br\/ame\/?p=6742"},"modified":"2024-10-08T09:10:13","modified_gmt":"2024-10-08T12:10:13","slug":"educacao-realiza-formatura-de-alunos-da-pre-escola","status":"publish","type":"post","link":"http:\/\/www.apucarana.pr.gov.br\/ame\/educacao-realiza-formatura-de-alunos-da-pre-escola\/","title":{"rendered":"Educa\u00e7\u00e3o realiza formatura de alunos da pr\u00e9-escola"},"content":{"rendered":"<p>A Autarquia Municipal de Educa\u00e7\u00e3o realizou, na noite de ontem (5), a formatura dos 1.282 alunos da rede que est\u00e3o concluindo a Pr\u00e9-Escola nesse ano letivo de 2017. A cerim\u00f4nia aconteceu no Complexo Esportivo Jos\u00e9 Antonio Basso (Lago\u00e3o).<\/p>\n<p>A Pr\u00e9-Escola ou Educa\u00e7\u00e3o Infantil \u00e9 a fase que envolve as crian\u00e7as de 0 a 6 anos, considerada a primeira etapa do ensino b\u00e1sico. O objetivo \u00e9 o desenvolvimento cognitivo, f\u00edsico e socioemocional dos pequenos.<\/p>\n<p>\u201cA formatura \u00e9 um momento de reunirmos as fam\u00edlias para comemorar o encerramento de um ciclo na vida da crian\u00e7a. Foi bonito ver o gin\u00e1sio de esportes lotado e sentir a energia da plateia fazendo a festa junto com os alunos,\u201d disse a secret\u00e1ria municipal de educa\u00e7\u00e3o, Marli Fernandes.<\/p>\n<p>Al\u00e9m da secret\u00e1ria, participaram da cerim\u00f4nia a primeira-dama Adriana Gon\u00e7alves (que representou o prefeito Beto Preto), o vice-prefeito J\u00fanior da Femac e os vereadores Mauro Bertoli, Gentil Pereira e Luciano Molina.<\/p>\n<p>Apesar de n\u00e3o estar presente devido a um compromisso fora da cidade, o prefeito Beto Preto enviou um v\u00eddeo felicitando os formandos e suas fam\u00edlias. \u00a0\u201cParab\u00e9ns, crian\u00e7as! Voc\u00eas s\u00e3o vitoriosas por terminarem a primeira etapa da jornada de estudos. Eu agrade\u00e7o tamb\u00e9m aos pais e \u00e0s m\u00e3es que confiam seus filhos \u00e0s escolas e creches da rede municipal. Nosso trabalho \u00e9 feito com muita vontade de ensinar essa turma a ser a melhor gera\u00e7\u00e3o de Apucarana,\u201d afirmou.<\/p>\n<div class = 'socialMediaOnEveryPost'>Compartilhe<div id=\"sgmbShare1-1\" class=\"sgmbShare jssocials-theme-classic sgmbWidget1-1\"><\/div><div class=\"dropdownWrapper dropdownWrapper1 dropdownWrapper-for-widget \" id=\"dropdownWrapper-for-widget\">\r\n\t\t\t\t\t\t<div class=\"dropdownLabel\" id=\"dropdownLabel-share-list\"><span class=\"sgmbButtonListLabel1\">Share List<\/span><\/div>\r\n\t\t\t\t\t\t<div class=\"dropdownPanel dropdownPanel1-1\">\r\n\t\t\t\t\t\t<\/div>\r\n\t\t\t\t\t<\/div><script>  SGMB_URL = \"http:\/\/www.apucarana.pr.gov.br\/ame\/wp-content\/plugins\/social-media-builder\/\"; jQuery(\".dropdownWrapper\").hide(); SGMB_GOOGLE_ACOUNT = \"\"; <\/script><script type=\"text\/javascript\">\r\n\t\tjQuery(document).ready(function($){var widget = new SGMBWidget();widget.show({\"id\":\"1\",\"title\":\"Face\\\/Twitter\",\"options\":{\"currentUrl\":\"1\",\"url\":\"\",\"shareText\":\"\",\"fontSize\":\"14\",\"betweenButtons\":\"1px\",\"theme\":\"classic\",\"sgmbButtonsPosition\":\"bottomLeft\",\"socialTheme\":\"\",\"icon\":\"default\",\"buttonsPanelEffect\":\"No Effect\",\"buttonsEffect\":\"No Effect\",\"iconsEffect\":\"No Effect\",\"buttons\":\"{\\\"facebook\\\":{\\\"label\\\":\\\"Share\\\",\\\"icon\\\":\\\"default-facebook\\\"},\\\"twitter\\\":{\\\"label\\\":\\\"Tweet\\\",\\\"icon\\\":\\\"default-twitter\\\",\\\"via\\\":\\\"\\\",\\\"hashtags\\\":\\\"\\\"}}\",\"roundButton\":\"\",\"showLabels\":\"\",\"showCounts\":\"\",\"showCenter\":\"\",\"showButtonsAsList\":\"\",\"sgmbDropdownColor\":\"\",\"sgmbDropdownLabelFontSize\":\"14\",\"sgmbDropdownLabelColor\":\"\",\"showButtonsOnEveryPost\":\"on\",\"selectedOrExcluded\":\"\",\"showButtonsOnEveryPage\":\"\",\"textOnEveryPost\":\"Compartilhe\",\"showButtonsOnCustomPost\":\"\",\"textOnCustomPost\":\"\",\"showButtonsOnMobileDirect\":\"on\",\"showButtonsOnDesktopDirect\":\"on\",\"sgmbSelectedPages\":[\"\"],\"sgmbExcludedPosts\":[\"\"],\"sgmbSelectedCustomPosts\":[],\"showButtonsInPopup\":\"\",\"titleOfPopup\":\"\",\"descriptionOfPopup\":\"\",\"showPopupOnLoad\":\"\",\"showPopupOnScroll\":\"\",\"showPopupOnExit\":\"\",\"openSecondsOfPopup\":\"\",\"googleAnaliticsAccount\":\"\"},\"buttonOptions\":{\"facebook\":{\"label\":\"Share\",\"icon\":\"default-facebook\"},\"twitter\":{\"label\":\"Tweet\",\"icon\":\"default-twitter\",\"via\":\"\",\"hashtags\":\"\"}},\"button\":[\"facebook\",\"twitter\"]}, 1, '', 'http:\/\/www.apucarana.pr.gov.br\/ame\/wp-content\/uploads\/2017\/12\/FORMATURAPROFETA-11.jpg', '', 'http:\/\/www.apucarana.pr.gov.br\/ame\/educacao-realiza-formatura-de-alunos-da-pre-escola\/'); });<\/script><\/div><script> jQuery(\".socialMediaOnEveryPost\").addClass(\"sgmb-left\") <\/script>","protected":false},"excerpt":{"rendered":"<p>Cerca de 1.300 crian\u00e7as conclu\u00edram essa etapa do ensino, em 2017, na rede municipal de Apucarana (Fotos: Profeta)<\/p>\n","protected":false},"author":10,"featured_media":6749,"comment_status":"closed","ping_status":"open","sticky":false,"template":"","format":"standard","meta":[],"categories":[9],"tags":[105,107,106],"_links":{"self":[{"href":"http:\/\/www.apucarana.pr.gov.br\/ame\/wp-json\/wp\/v2\/posts\/6742"}],"collection":[{"href":"http:\/\/www.apucarana.pr.gov.br\/ame\/wp-json\/wp\/v2\/posts"}],"about":[{"href":"http:\/\/www.apucarana.pr.gov.br\/ame\/wp-json\/wp\/v2\/types\/post"}],"author":[{"embeddable":true,"href":"http:\/\/www.apucarana.pr.gov.br\/ame\/wp-json\/wp\/v2\/users\/10"}],"replies":[{"embeddable":true,"href":"http:\/\/www.apucarana.pr.gov.br\/ame\/wp-json\/wp\/v2\/comments?post=6742"}],"version-history":[{"count":1,"href":"http:\/\/www.apucarana.pr.gov.br\/ame\/wp-json\/wp\/v2\/posts\/6742\/revisions"}],"predecessor-version":[{"id":6750,"href":"http:\/\/www.apucarana.pr.gov.br\/ame\/wp-json\/wp\/v2\/posts\/6742\/revisions\/6750"}],"wp:featuredmedia":[{"embeddable":true,"href":"http:\/\/www.apucarana.pr.gov.br\/ame\/wp-json\/wp\/v2\/media\/6749"}],"wp:attachment":[{"href":"http:\/\/www.apucarana.pr.gov.br\/ame\/wp-json\/wp\/v2\/media?parent=6742"}],"wp:term":[{"taxonomy":"category","embeddable":true,"href":"http:\/\/www.apucarana.pr.gov.br\/ame\/wp-json\/wp\/v2\/categories?post=6742"},{"taxonomy":"post_tag","embeddable":true,"href":"http:\/\/www.apucarana.pr.gov.br\/ame\/wp-json\/wp\/v2\/tags?post=6742"}],"curies":[{"name":"wp","href":"https:\/\/api.w.org\/{rel}","templated":true}]}}