{"id":6572,"date":"2017-10-20T18:44:55","date_gmt":"2017-10-20T20:44:55","guid":{"rendered":"http:\/\/www.apucarana.pr.gov.br\/ame\/?p=6572"},"modified":"2024-10-08T09:10:14","modified_gmt":"2024-10-08T12:10:14","slug":"prefeitura-investe-r-14-mi-na-reforma-de-unidade-de-ensino","status":"publish","type":"post","link":"http:\/\/www.apucarana.pr.gov.br\/ame\/prefeitura-investe-r-14-mi-na-reforma-de-unidade-de-ensino\/","title":{"rendered":"Prefeitura investe R$ 1,4 mi na reforma de unidade de ensino"},"content":{"rendered":"<p>A Prefeitura de Apucarana autorizou, na tarde de hoje (20\/10), a abertura de processo licitat\u00f3rio para a contrata\u00e7\u00e3o de empreiteira que executar\u00e1 a reforma e a amplia\u00e7\u00e3o da Escola Municipal Dinarte Pereira de Ara\u00fajo, no Parque Bigua\u00e7u.<\/p>\n<p>Constru\u00eddo em 1992, o pr\u00e9dio escolar nunca recebeu melhorias significativas. S\u00e3o 140 crian\u00e7as matriculadas no momento, na educa\u00e7\u00e3o infantil e nos anos iniciais do ensino fundamental.<\/p>\n<p>A Autarquia Municipal de Educa\u00e7\u00e3o investir\u00e1 R$1.462.319,02 na amplia\u00e7\u00e3o de 449,74 m\u00b2 e na reforma de 1.107,43 m\u00b2.<\/p>\n<p>\u201cDentre as 43 obras em escolas e CMEIs que autorizamos nesse mandato, essa \u00e9 a maior. Ela garantir\u00e1 a revitaliza\u00e7\u00e3o completa do pr\u00e9dio. N\u00f3s lutamos diariamente para conseguir novos recursos para a Educa\u00e7\u00e3o, porque \u00e9 nossa responsabilidade garantir a seguran\u00e7a e o conforto das crian\u00e7as no ambiente de ensino,\u201d afirmou o prefeito Beto Preto.<\/p>\n<p>Os principais servi\u00e7os previstos no projeto de engenharia s\u00e3o reforma das salas de aula, dos banheiros, da cozinha, do dep\u00f3sito de merenda e da lavanderia; constru\u00e7\u00e3o de banheiros para os funcion\u00e1rios; fechamento do refeit\u00f3rio para maior conforto e higiene do local; troca das telhas; instala\u00e7\u00e3o de manta t\u00e9rmica e de forro em PVC; revis\u00e3o das redes el\u00e9trica e hidr\u00e1ulica; implanta\u00e7\u00e3o de sistema de drenagem de solo; fechamento da escola com muro; reforma da quadra de esportes; e pintura interna e externa.<\/p>\n<p>Ser\u00e3o constru\u00eddas ainda mais cinco salas de aula, sendo uma destinada \u00e0 brinquedoteca, e uma nova \u00e1rea administrativa para a escola.<\/p>\n<p>\u201cEssa escola foi constru\u00edda em local inapropriado e, quando chove um pouco mais forte, acaba alagando. A drenagem do terreno \u00e9 um dos servi\u00e7os essenciais que ser\u00e3o feitos nessa reforma,\u201d garantiu a secret\u00e1ria municipal de Educa\u00e7\u00e3o, Marli Fernandes.<\/p>\n<p>A diretora da Escola Dinarte Pereira de Ara\u00fajo, professora Lucinete Bertasso, ficou contente com a not\u00edcia da obra. \u201cNosso pr\u00e9dio vai dobrar de tamanho, \u00e9 a realiza\u00e7\u00e3o de um sonho antigo,\u201d disse.<\/p>\n<p>O presidente da Associa\u00e7\u00e3o de Pais, Mestres e Funcion\u00e1rios (APMF) da institui\u00e7\u00e3o, Gerson Soares Sena, concordou com a opini\u00e3o da diretora. \u201cEssa escola marcar\u00e1 a vida do meu filho e de muitas crian\u00e7as que estudar\u00e3o l\u00e1 depois dele. Em nome da comunidade, eu agrade\u00e7o o investimento,\u201d concluiu.<\/p>\n<div class = 'socialMediaOnEveryPost'>Compartilhe<div id=\"sgmbShare1-1\" class=\"sgmbShare jssocials-theme-classic sgmbWidget1-1\"><\/div><div class=\"dropdownWrapper dropdownWrapper1 dropdownWrapper-for-widget \" id=\"dropdownWrapper-for-widget\">\r\n\t\t\t\t\t\t<div class=\"dropdownLabel\" id=\"dropdownLabel-share-list\"><span class=\"sgmbButtonListLabel1\">Share List<\/span><\/div>\r\n\t\t\t\t\t\t<div class=\"dropdownPanel dropdownPanel1-1\">\r\n\t\t\t\t\t\t<\/div>\r\n\t\t\t\t\t<\/div><script>  SGMB_URL = \"http:\/\/www.apucarana.pr.gov.br\/ame\/wp-content\/plugins\/social-media-builder\/\"; jQuery(\".dropdownWrapper\").hide(); SGMB_GOOGLE_ACOUNT = \"\"; <\/script><script type=\"text\/javascript\">\r\n\t\tjQuery(document).ready(function($){var widget = new SGMBWidget();widget.show({\"id\":\"1\",\"title\":\"Face\\\/Twitter\",\"options\":{\"currentUrl\":\"1\",\"url\":\"\",\"shareText\":\"\",\"fontSize\":\"14\",\"betweenButtons\":\"1px\",\"theme\":\"classic\",\"sgmbButtonsPosition\":\"bottomLeft\",\"socialTheme\":\"\",\"icon\":\"default\",\"buttonsPanelEffect\":\"No Effect\",\"buttonsEffect\":\"No Effect\",\"iconsEffect\":\"No Effect\",\"buttons\":\"{\\\"facebook\\\":{\\\"label\\\":\\\"Share\\\",\\\"icon\\\":\\\"default-facebook\\\"},\\\"twitter\\\":{\\\"label\\\":\\\"Tweet\\\",\\\"icon\\\":\\\"default-twitter\\\",\\\"via\\\":\\\"\\\",\\\"hashtags\\\":\\\"\\\"}}\",\"roundButton\":\"\",\"showLabels\":\"\",\"showCounts\":\"\",\"showCenter\":\"\",\"showButtonsAsList\":\"\",\"sgmbDropdownColor\":\"\",\"sgmbDropdownLabelFontSize\":\"14\",\"sgmbDropdownLabelColor\":\"\",\"showButtonsOnEveryPost\":\"on\",\"selectedOrExcluded\":\"\",\"showButtonsOnEveryPage\":\"\",\"textOnEveryPost\":\"Compartilhe\",\"showButtonsOnCustomPost\":\"\",\"textOnCustomPost\":\"\",\"showButtonsOnMobileDirect\":\"on\",\"showButtonsOnDesktopDirect\":\"on\",\"sgmbSelectedPages\":[\"\"],\"sgmbExcludedPosts\":[\"\"],\"sgmbSelectedCustomPosts\":[],\"showButtonsInPopup\":\"\",\"titleOfPopup\":\"\",\"descriptionOfPopup\":\"\",\"showPopupOnLoad\":\"\",\"showPopupOnScroll\":\"\",\"showPopupOnExit\":\"\",\"openSecondsOfPopup\":\"\",\"googleAnaliticsAccount\":\"\"},\"buttonOptions\":{\"facebook\":{\"label\":\"Share\",\"icon\":\"default-facebook\"},\"twitter\":{\"label\":\"Tweet\",\"icon\":\"default-twitter\",\"via\":\"\",\"hashtags\":\"\"}},\"button\":[\"facebook\",\"twitter\"]}, 1, '', 'http:\/\/www.apucarana.pr.gov.br\/ame\/wp-content\/uploads\/2017\/10\/MG_7397.jpg', '', 'http:\/\/www.apucarana.pr.gov.br\/ame\/prefeitura-investe-r-14-mi-na-reforma-de-unidade-de-ensino\/'); });<\/script><\/div><script> jQuery(\".socialMediaOnEveryPost\").addClass(\"sgmb-left\") <\/script>","protected":false},"excerpt":{"rendered":"<p>Constru\u00eddo em 1992, o pr\u00e9dio da Escola Municipal Dinarte Pereira de Ara\u00fajo, no Parque Bigua\u00e7u, recebe melhorias significativas pela primeira vez (Fotos: Edson Denobi)<\/p>\n","protected":false},"author":10,"featured_media":6575,"comment_status":"closed","ping_status":"open","sticky":false,"template":"","format":"standard","meta":[],"categories":[9],"tags":[],"_links":{"self":[{"href":"http:\/\/www.apucarana.pr.gov.br\/ame\/wp-json\/wp\/v2\/posts\/6572"}],"collection":[{"href":"http:\/\/www.apucarana.pr.gov.br\/ame\/wp-json\/wp\/v2\/posts"}],"about":[{"href":"http:\/\/www.apucarana.pr.gov.br\/ame\/wp-json\/wp\/v2\/types\/post"}],"author":[{"embeddable":true,"href":"http:\/\/www.apucarana.pr.gov.br\/ame\/wp-json\/wp\/v2\/users\/10"}],"replies":[{"embeddable":true,"href":"http:\/\/www.apucarana.pr.gov.br\/ame\/wp-json\/wp\/v2\/comments?post=6572"}],"version-history":[{"count":1,"href":"http:\/\/www.apucarana.pr.gov.br\/ame\/wp-json\/wp\/v2\/posts\/6572\/revisions"}],"predecessor-version":[{"id":6576,"href":"http:\/\/www.apucarana.pr.gov.br\/ame\/wp-json\/wp\/v2\/posts\/6572\/revisions\/6576"}],"wp:featuredmedia":[{"embeddable":true,"href":"http:\/\/www.apucarana.pr.gov.br\/ame\/wp-json\/wp\/v2\/media\/6575"}],"wp:attachment":[{"href":"http:\/\/www.apucarana.pr.gov.br\/ame\/wp-json\/wp\/v2\/media?parent=6572"}],"wp:term":[{"taxonomy":"category","embeddable":true,"href":"http:\/\/www.apucarana.pr.gov.br\/ame\/wp-json\/wp\/v2\/categories?post=6572"},{"taxonomy":"post_tag","embeddable":true,"href":"http:\/\/www.apucarana.pr.gov.br\/ame\/wp-json\/wp\/v2\/tags?post=6572"}],"curies":[{"name":"wp","href":"https:\/\/api.w.org\/{rel}","templated":true}]}}