{"id":6519,"date":"2017-10-09T10:54:57","date_gmt":"2017-10-09T13:54:57","guid":{"rendered":"http:\/\/www.apucarana.pr.gov.br\/ame\/?p=6519"},"modified":"2024-10-08T09:10:24","modified_gmt":"2024-10-08T12:10:24","slug":"copa-de-artes-marciais-envolve-900-alunos-da-rede-municipal-de-apucarana","status":"publish","type":"post","link":"http:\/\/www.apucarana.pr.gov.br\/ame\/copa-de-artes-marciais-envolve-900-alunos-da-rede-municipal-de-apucarana\/","title":{"rendered":"Copa de Artes Marciais envolve 900 alunos da rede municipal de Apucarana"},"content":{"rendered":"<p>A Autarquia Municipal de Educa\u00e7\u00e3o e a Secretaria Municipal de Esportes promoveram, no \u00faltimo s\u00e1bado (7\/10), a 7\u00aa edi\u00e7\u00e3o da Copa de Artes Marciais dos alunos da rede municipal de ensino. O evento aconteceu no Complexo Esportivo Jos\u00e9 Ant\u00f4nio Basso (Gin\u00e1sio Lago\u00e3o).<\/p>\n<p>As crian\u00e7as, matriculadas do 1\u00ba ao 5\u00ba ano do ensino fundamental, nas 37 escolas municipais apucaranenses, aprendem no\u00e7\u00f5es de karat\u00ea, capoeira e kung fu ao longo do ano letivo. As aulas fazem parte do curr\u00edculo da educa\u00e7\u00e3o integral e visam o desenvolvimento de habilidades e valores como o autocontrole, a persist\u00eancia, o companheirismo e o respeito ao pr\u00f3ximo.<\/p>\n<p>Cerca de 900 alunos participaram dessa edi\u00e7\u00e3o da Copa de Artes Marciais. Eles foram escolhidos entre os colegas por sobressa\u00edrem-se nos quesitos aptid\u00e3o, desempenho e disciplina. O objetivo do evento \u00e9 revelar talentos e mostrar \u00e0 comunidade um pouco daquilo que as crian\u00e7as aprendem nas aulas.<\/p>\n<p>O Gin\u00e1sio Lago\u00e3o foi palco ainda da fase final do Campeonato Paranaense de Karat\u00ea Esportivo 2017, nas modalidades Kat\u00e1 e Kumite Individual.\u00a0\u00a0 Alguns alunos que v\u00eam se destacando nas aulas de artes marciais oferecidas nas escolas representaram Apucarana nessa competi\u00e7\u00e3o.<\/p>\n<div class = 'socialMediaOnEveryPost'>Compartilhe<div id=\"sgmbShare1-1\" class=\"sgmbShare jssocials-theme-classic sgmbWidget1-1\"><\/div><div class=\"dropdownWrapper dropdownWrapper1 dropdownWrapper-for-widget \" id=\"dropdownWrapper-for-widget\">\r\n\t\t\t\t\t\t<div class=\"dropdownLabel\" id=\"dropdownLabel-share-list\"><span class=\"sgmbButtonListLabel1\">Share List<\/span><\/div>\r\n\t\t\t\t\t\t<div class=\"dropdownPanel dropdownPanel1-1\">\r\n\t\t\t\t\t\t<\/div>\r\n\t\t\t\t\t<\/div><script>  SGMB_URL = \"http:\/\/www.apucarana.pr.gov.br\/ame\/wp-content\/plugins\/social-media-builder\/\"; jQuery(\".dropdownWrapper\").hide(); SGMB_GOOGLE_ACOUNT = \"\"; <\/script><script type=\"text\/javascript\">\r\n\t\tjQuery(document).ready(function($){var widget = new SGMBWidget();widget.show({\"id\":\"1\",\"title\":\"Face\\\/Twitter\",\"options\":{\"currentUrl\":\"1\",\"url\":\"\",\"shareText\":\"\",\"fontSize\":\"14\",\"betweenButtons\":\"1px\",\"theme\":\"classic\",\"sgmbButtonsPosition\":\"bottomLeft\",\"socialTheme\":\"\",\"icon\":\"default\",\"buttonsPanelEffect\":\"No Effect\",\"buttonsEffect\":\"No Effect\",\"iconsEffect\":\"No Effect\",\"buttons\":\"{\\\"facebook\\\":{\\\"label\\\":\\\"Share\\\",\\\"icon\\\":\\\"default-facebook\\\"},\\\"twitter\\\":{\\\"label\\\":\\\"Tweet\\\",\\\"icon\\\":\\\"default-twitter\\\",\\\"via\\\":\\\"\\\",\\\"hashtags\\\":\\\"\\\"}}\",\"roundButton\":\"\",\"showLabels\":\"\",\"showCounts\":\"\",\"showCenter\":\"\",\"showButtonsAsList\":\"\",\"sgmbDropdownColor\":\"\",\"sgmbDropdownLabelFontSize\":\"14\",\"sgmbDropdownLabelColor\":\"\",\"showButtonsOnEveryPost\":\"on\",\"selectedOrExcluded\":\"\",\"showButtonsOnEveryPage\":\"\",\"textOnEveryPost\":\"Compartilhe\",\"showButtonsOnCustomPost\":\"\",\"textOnCustomPost\":\"\",\"showButtonsOnMobileDirect\":\"on\",\"showButtonsOnDesktopDirect\":\"on\",\"sgmbSelectedPages\":[\"\"],\"sgmbExcludedPosts\":[\"\"],\"sgmbSelectedCustomPosts\":[],\"showButtonsInPopup\":\"\",\"titleOfPopup\":\"\",\"descriptionOfPopup\":\"\",\"showPopupOnLoad\":\"\",\"showPopupOnScroll\":\"\",\"showPopupOnExit\":\"\",\"openSecondsOfPopup\":\"\",\"googleAnaliticsAccount\":\"\"},\"buttonOptions\":{\"facebook\":{\"label\":\"Share\",\"icon\":\"default-facebook\"},\"twitter\":{\"label\":\"Tweet\",\"icon\":\"default-twitter\",\"via\":\"\",\"hashtags\":\"\"}},\"button\":[\"facebook\",\"twitter\"]}, 1, '', 'http:\/\/www.apucarana.pr.gov.br\/ame\/wp-content\/uploads\/2017\/10\/ARTES-MARCIAISPROFETA-5.jpg', '', 'http:\/\/www.apucarana.pr.gov.br\/ame\/copa-de-artes-marciais-envolve-900-alunos-da-rede-municipal-de-apucarana\/'); });<\/script><\/div><script> jQuery(\".socialMediaOnEveryPost\").addClass(\"sgmb-left\") <\/script>","protected":false},"excerpt":{"rendered":"<p>As aulas de karat\u00ea, capoeira e kung fu fazem parte do curr\u00edculo das escolas e visam o desenvolvimento do autocontrole, da persist\u00eancia, do companheirismo e do respeito ao pr\u00f3ximo (Fotos: Profeta)<\/p>\n","protected":false},"author":10,"featured_media":6524,"comment_status":"closed","ping_status":"open","sticky":false,"template":"","format":"standard","meta":[],"categories":[9],"tags":[70,72,37,69,71,73],"_links":{"self":[{"href":"http:\/\/www.apucarana.pr.gov.br\/ame\/wp-json\/wp\/v2\/posts\/6519"}],"collection":[{"href":"http:\/\/www.apucarana.pr.gov.br\/ame\/wp-json\/wp\/v2\/posts"}],"about":[{"href":"http:\/\/www.apucarana.pr.gov.br\/ame\/wp-json\/wp\/v2\/types\/post"}],"author":[{"embeddable":true,"href":"http:\/\/www.apucarana.pr.gov.br\/ame\/wp-json\/wp\/v2\/users\/10"}],"replies":[{"embeddable":true,"href":"http:\/\/www.apucarana.pr.gov.br\/ame\/wp-json\/wp\/v2\/comments?post=6519"}],"version-history":[{"count":1,"href":"http:\/\/www.apucarana.pr.gov.br\/ame\/wp-json\/wp\/v2\/posts\/6519\/revisions"}],"predecessor-version":[{"id":6533,"href":"http:\/\/www.apucarana.pr.gov.br\/ame\/wp-json\/wp\/v2\/posts\/6519\/revisions\/6533"}],"wp:featuredmedia":[{"embeddable":true,"href":"http:\/\/www.apucarana.pr.gov.br\/ame\/wp-json\/wp\/v2\/media\/6524"}],"wp:attachment":[{"href":"http:\/\/www.apucarana.pr.gov.br\/ame\/wp-json\/wp\/v2\/media?parent=6519"}],"wp:term":[{"taxonomy":"category","embeddable":true,"href":"http:\/\/www.apucarana.pr.gov.br\/ame\/wp-json\/wp\/v2\/categories?post=6519"},{"taxonomy":"post_tag","embeddable":true,"href":"http:\/\/www.apucarana.pr.gov.br\/ame\/wp-json\/wp\/v2\/tags?post=6519"}],"curies":[{"name":"wp","href":"https:\/\/api.w.org\/{rel}","templated":true}]}}