{"id":6477,"date":"2017-10-02T10:45:42","date_gmt":"2017-10-02T13:45:42","guid":{"rendered":"http:\/\/www.apucarana.pr.gov.br\/ame\/?p=6477"},"modified":"2024-10-08T09:10:24","modified_gmt":"2024-10-08T12:10:24","slug":"educacao-divulga-cardapios-das-escolas-e-cmeis-municipais-3","status":"publish","type":"post","link":"http:\/\/www.apucarana.pr.gov.br\/ame\/educacao-divulga-cardapios-das-escolas-e-cmeis-municipais-3\/","title":{"rendered":"Educa\u00e7\u00e3o divulga card\u00e1pios das Escolas e CMEIs municipais"},"content":{"rendered":"<p>A Autarquia Municipal de Educa\u00e7\u00e3o divulga os card\u00e1pios do m\u00eas de outubro para os mais de 11 mil alunos matriculados na rede.<\/p>\n<p><strong>Card\u00e1pios dos CMEIs \u2013 alunos de 4 a 12 meses de idade<\/strong><\/p>\n<p><img loading=\"lazy\" class=\"alignnone size-full wp-image-6479\" src=\"http:\/\/www.apucarana.pr.gov.br\/ame\/wp-content\/uploads\/2017\/10\/Slide2.jpg\" alt=\"\" width=\"960\" height=\"720\" \/><\/p>\n<p><img loading=\"lazy\" class=\"alignnone size-full wp-image-6480\" src=\"http:\/\/www.apucarana.pr.gov.br\/ame\/wp-content\/uploads\/2017\/10\/Slide3.jpg\" alt=\"\" width=\"960\" height=\"720\" \/><\/p>\n<p><img loading=\"lazy\" class=\"alignnone size-full wp-image-6481\" src=\"http:\/\/www.apucarana.pr.gov.br\/ame\/wp-content\/uploads\/2017\/10\/Slide4.jpg\" alt=\"\" width=\"960\" height=\"720\" \/><\/p>\n<p><img loading=\"lazy\" class=\"alignnone size-full wp-image-6482\" src=\"http:\/\/www.apucarana.pr.gov.br\/ame\/wp-content\/uploads\/2017\/10\/Slide5.jpg\" alt=\"\" width=\"960\" height=\"720\" \/><\/p>\n<p><img loading=\"lazy\" class=\"alignnone size-full wp-image-6483\" src=\"http:\/\/www.apucarana.pr.gov.br\/ame\/wp-content\/uploads\/2017\/10\/Slide6.jpg\" alt=\"\" width=\"960\" height=\"720\" \/><\/p>\n<p><strong>Card\u00e1pios dos CMEIs \u2013 alunos com mais de 12 meses de idade<\/strong><\/p>\n<p><img loading=\"lazy\" class=\"alignnone size-full wp-image-6484\" src=\"http:\/\/www.apucarana.pr.gov.br\/ame\/wp-content\/uploads\/2017\/10\/Slide2-1.jpg\" alt=\"\" width=\"960\" height=\"720\" \/><\/p>\n<p><img loading=\"lazy\" class=\"alignnone size-full wp-image-6485\" src=\"http:\/\/www.apucarana.pr.gov.br\/ame\/wp-content\/uploads\/2017\/10\/Slide3-1.jpg\" alt=\"\" width=\"960\" height=\"720\" \/><\/p>\n<p><img loading=\"lazy\" class=\"alignnone size-full wp-image-6486\" src=\"http:\/\/www.apucarana.pr.gov.br\/ame\/wp-content\/uploads\/2017\/10\/Slide4-1.jpg\" alt=\"\" width=\"960\" height=\"720\" \/><\/p>\n<p><img loading=\"lazy\" class=\"alignnone size-full wp-image-6487\" src=\"http:\/\/www.apucarana.pr.gov.br\/ame\/wp-content\/uploads\/2017\/10\/Slide5-1.jpg\" alt=\"\" width=\"960\" height=\"720\" \/><\/p>\n<p><img loading=\"lazy\" class=\"alignnone size-full wp-image-6488\" src=\"http:\/\/www.apucarana.pr.gov.br\/ame\/wp-content\/uploads\/2017\/10\/Slide6-1.jpg\" alt=\"\" width=\"960\" height=\"720\" \/><\/p>\n<p><strong>Card\u00e1pios das Escolas que funcionam em per\u00edodo parcial \u2013 Matutino<\/strong><\/p>\n<p><img loading=\"lazy\" class=\"alignnone size-full wp-image-6489\" src=\"http:\/\/www.apucarana.pr.gov.br\/ame\/wp-content\/uploads\/2017\/10\/Slide2-2.jpg\" alt=\"\" width=\"960\" height=\"720\" \/><\/p>\n<p><img loading=\"lazy\" class=\"alignnone size-full wp-image-6490\" src=\"http:\/\/www.apucarana.pr.gov.br\/ame\/wp-content\/uploads\/2017\/10\/Slide3-2.jpg\" alt=\"\" width=\"960\" height=\"720\" \/><\/p>\n<p><img loading=\"lazy\" class=\"alignnone size-full wp-image-6491\" src=\"http:\/\/www.apucarana.pr.gov.br\/ame\/wp-content\/uploads\/2017\/10\/Slide4-2.jpg\" alt=\"\" width=\"960\" height=\"720\" \/><\/p>\n<p><strong>Card\u00e1pios das Escolas que funcionam em per\u00edodo parcial \u2013 Vespertino<\/strong><\/p>\n<p><img loading=\"lazy\" class=\"alignnone size-full wp-image-6492\" src=\"http:\/\/www.apucarana.pr.gov.br\/ame\/wp-content\/uploads\/2017\/10\/Slide2-3.jpg\" alt=\"\" width=\"960\" height=\"720\" \/><\/p>\n<p><strong>Card\u00e1pios das Escolas que funcionam em tempo integral<\/strong><\/p>\n<p><img loading=\"lazy\" class=\"alignnone size-full wp-image-6493\" src=\"http:\/\/www.apucarana.pr.gov.br\/ame\/wp-content\/uploads\/2017\/10\/Slide2-4.jpg\" alt=\"\" width=\"960\" height=\"720\" \/><\/p>\n<p><img loading=\"lazy\" class=\"alignnone size-full wp-image-6494\" src=\"http:\/\/www.apucarana.pr.gov.br\/ame\/wp-content\/uploads\/2017\/10\/Slide3-3.jpg\" alt=\"\" width=\"960\" height=\"720\" \/><\/p>\n<p><img loading=\"lazy\" class=\"alignnone size-full wp-image-6495\" src=\"http:\/\/www.apucarana.pr.gov.br\/ame\/wp-content\/uploads\/2017\/10\/Slide4-3.jpg\" alt=\"\" width=\"960\" height=\"720\" \/><\/p>\n<p><img loading=\"lazy\" class=\"alignnone size-full wp-image-6496\" src=\"http:\/\/www.apucarana.pr.gov.br\/ame\/wp-content\/uploads\/2017\/10\/Slide5-2.jpg\" alt=\"\" width=\"960\" height=\"720\" \/><\/p>\n<p><img loading=\"lazy\" class=\"alignnone size-full wp-image-6497\" src=\"http:\/\/www.apucarana.pr.gov.br\/ame\/wp-content\/uploads\/2017\/10\/Slide6-2.jpg\" alt=\"\" width=\"960\" height=\"720\" \/><\/p>\n<p><strong>Card\u00e1pios da Educa\u00e7\u00e3o de Jovens e Adultos (EJA)<\/strong><\/p>\n<p><img loading=\"lazy\" class=\"alignnone size-full wp-image-6498\" src=\"http:\/\/www.apucarana.pr.gov.br\/ame\/wp-content\/uploads\/2017\/10\/Slide1.jpg\" alt=\"\" width=\"960\" height=\"720\" \/><\/p>\n<p><img loading=\"lazy\" class=\"alignnone size-full wp-image-6499\" src=\"http:\/\/www.apucarana.pr.gov.br\/ame\/wp-content\/uploads\/2017\/10\/Slide2-5.jpg\" alt=\"\" width=\"960\" height=\"720\" \/><\/p>\n<p><img loading=\"lazy\" class=\"alignnone size-full wp-image-6500\" src=\"http:\/\/www.apucarana.pr.gov.br\/ame\/wp-content\/uploads\/2017\/10\/Slide3-4.jpg\" alt=\"\" width=\"960\" height=\"720\" \/><\/p>\n<p><img loading=\"lazy\" class=\"alignnone size-full wp-image-6501\" src=\"http:\/\/www.apucarana.pr.gov.br\/ame\/wp-content\/uploads\/2017\/10\/Slide1-1.jpg\" alt=\"\" width=\"960\" height=\"720\" \/><\/p>\n<div class = 'socialMediaOnEveryPost'>Compartilhe<div id=\"sgmbShare1-1\" class=\"sgmbShare jssocials-theme-classic sgmbWidget1-1\"><\/div><div class=\"dropdownWrapper dropdownWrapper1 dropdownWrapper-for-widget \" id=\"dropdownWrapper-for-widget\">\r\n\t\t\t\t\t\t<div class=\"dropdownLabel\" id=\"dropdownLabel-share-list\"><span class=\"sgmbButtonListLabel1\">Share List<\/span><\/div>\r\n\t\t\t\t\t\t<div class=\"dropdownPanel dropdownPanel1-1\">\r\n\t\t\t\t\t\t<\/div>\r\n\t\t\t\t\t<\/div><script>  SGMB_URL = \"http:\/\/www.apucarana.pr.gov.br\/ame\/wp-content\/plugins\/social-media-builder\/\"; jQuery(\".dropdownWrapper\").hide(); SGMB_GOOGLE_ACOUNT = \"\"; <\/script><script type=\"text\/javascript\">\r\n\t\tjQuery(document).ready(function($){var widget = new SGMBWidget();widget.show({\"id\":\"1\",\"title\":\"Face\\\/Twitter\",\"options\":{\"currentUrl\":\"1\",\"url\":\"\",\"shareText\":\"\",\"fontSize\":\"14\",\"betweenButtons\":\"1px\",\"theme\":\"classic\",\"sgmbButtonsPosition\":\"bottomLeft\",\"socialTheme\":\"\",\"icon\":\"default\",\"buttonsPanelEffect\":\"No Effect\",\"buttonsEffect\":\"No Effect\",\"iconsEffect\":\"No Effect\",\"buttons\":\"{\\\"facebook\\\":{\\\"label\\\":\\\"Share\\\",\\\"icon\\\":\\\"default-facebook\\\"},\\\"twitter\\\":{\\\"label\\\":\\\"Tweet\\\",\\\"icon\\\":\\\"default-twitter\\\",\\\"via\\\":\\\"\\\",\\\"hashtags\\\":\\\"\\\"}}\",\"roundButton\":\"\",\"showLabels\":\"\",\"showCounts\":\"\",\"showCenter\":\"\",\"showButtonsAsList\":\"\",\"sgmbDropdownColor\":\"\",\"sgmbDropdownLabelFontSize\":\"14\",\"sgmbDropdownLabelColor\":\"\",\"showButtonsOnEveryPost\":\"on\",\"selectedOrExcluded\":\"\",\"showButtonsOnEveryPage\":\"\",\"textOnEveryPost\":\"Compartilhe\",\"showButtonsOnCustomPost\":\"\",\"textOnCustomPost\":\"\",\"showButtonsOnMobileDirect\":\"on\",\"showButtonsOnDesktopDirect\":\"on\",\"sgmbSelectedPages\":[\"\"],\"sgmbExcludedPosts\":[\"\"],\"sgmbSelectedCustomPosts\":[],\"showButtonsInPopup\":\"\",\"titleOfPopup\":\"\",\"descriptionOfPopup\":\"\",\"showPopupOnLoad\":\"\",\"showPopupOnScroll\":\"\",\"showPopupOnExit\":\"\",\"openSecondsOfPopup\":\"\",\"googleAnaliticsAccount\":\"\"},\"buttonOptions\":{\"facebook\":{\"label\":\"Share\",\"icon\":\"default-facebook\"},\"twitter\":{\"label\":\"Tweet\",\"icon\":\"default-twitter\",\"via\":\"\",\"hashtags\":\"\"}},\"button\":[\"facebook\",\"twitter\"]}, 1, '', 'http:\/\/www.apucarana.pr.gov.br\/ame\/wp-content\/uploads\/2017\/10\/MERENDAPROFETA-6.jpg', '', 'http:\/\/www.apucarana.pr.gov.br\/ame\/educacao-divulga-cardapios-das-escolas-e-cmeis-municipais-3\/'); });<\/script><\/div><script> jQuery(\".socialMediaOnEveryPost\").addClass(\"sgmb-left\") <\/script>","protected":false},"excerpt":{"rendered":"<p>Os menus s\u00e3o para o m\u00eas de outubro e est\u00e3o divididos segundo a faixa et\u00e1ria dos alunos (Foto: Profeta)<\/p>\n","protected":false},"author":10,"featured_media":6478,"comment_status":"closed","ping_status":"open","sticky":false,"template":"","format":"standard","meta":[],"categories":[9],"tags":[55,67,26,66],"_links":{"self":[{"href":"http:\/\/www.apucarana.pr.gov.br\/ame\/wp-json\/wp\/v2\/posts\/6477"}],"collection":[{"href":"http:\/\/www.apucarana.pr.gov.br\/ame\/wp-json\/wp\/v2\/posts"}],"about":[{"href":"http:\/\/www.apucarana.pr.gov.br\/ame\/wp-json\/wp\/v2\/types\/post"}],"author":[{"embeddable":true,"href":"http:\/\/www.apucarana.pr.gov.br\/ame\/wp-json\/wp\/v2\/users\/10"}],"replies":[{"embeddable":true,"href":"http:\/\/www.apucarana.pr.gov.br\/ame\/wp-json\/wp\/v2\/comments?post=6477"}],"version-history":[{"count":1,"href":"http:\/\/www.apucarana.pr.gov.br\/ame\/wp-json\/wp\/v2\/posts\/6477\/revisions"}],"predecessor-version":[{"id":6502,"href":"http:\/\/www.apucarana.pr.gov.br\/ame\/wp-json\/wp\/v2\/posts\/6477\/revisions\/6502"}],"wp:featuredmedia":[{"embeddable":true,"href":"http:\/\/www.apucarana.pr.gov.br\/ame\/wp-json\/wp\/v2\/media\/6478"}],"wp:attachment":[{"href":"http:\/\/www.apucarana.pr.gov.br\/ame\/wp-json\/wp\/v2\/media?parent=6477"}],"wp:term":[{"taxonomy":"category","embeddable":true,"href":"http:\/\/www.apucarana.pr.gov.br\/ame\/wp-json\/wp\/v2\/categories?post=6477"},{"taxonomy":"post_tag","embeddable":true,"href":"http:\/\/www.apucarana.pr.gov.br\/ame\/wp-json\/wp\/v2\/tags?post=6477"}],"curies":[{"name":"wp","href":"https:\/\/api.w.org\/{rel}","templated":true}]}}