{"id":6436,"date":"2017-09-21T12:57:27","date_gmt":"2017-09-21T15:57:27","guid":{"rendered":"http:\/\/www.apucarana.pr.gov.br\/ame\/?p=6436"},"modified":"2024-10-08T09:10:24","modified_gmt":"2024-10-08T12:10:24","slug":"alunos-aprendem-sobre-seguranca-no-transito","status":"publish","type":"post","link":"http:\/\/www.apucarana.pr.gov.br\/ame\/alunos-aprendem-sobre-seguranca-no-transito\/","title":{"rendered":"Alunos aprendem sobre seguran\u00e7a no tr\u00e2nsito"},"content":{"rendered":"<p>A Autarquia Municipal de Educa\u00e7\u00e3o e a Guarda Municipal de Apucarana v\u00e3o promover uma s\u00e9rie de palestras, com o tema seguran\u00e7a no tr\u00e2nsito, nas 37 escolas da rede b\u00e1sica de ensino. A iniciativa marca a Semana Nacional do Tr\u00e2nsito, comemorada de 18 a 25 de setembro.<\/p>\n<p>O primeiro bate-papo com os alunos aconteceu, na manh\u00e3 de hoje (21\/9), na Escola Municipal Augusto Weyand, e foi conduzida pelos GMs Edinando de Freitas e Reinaldo Donizete de Andrade.<\/p>\n<p>\u201cN\u00f3s conversamos com as crian\u00e7as principalmente sobre os perigos do uso de celular no tr\u00e2nsito, tanto para o motorista ao dirigir como para o pedestre ao atravessar a rua. Pesquisas apontam que cerca de 80% dos acidentes envolvendo pedestres acontecem devido \u00e0 distra\u00e7\u00e3o com o aparelho,\u201d afirma Reinaldo.<\/p>\n<p>Al\u00e9m do uso de celular no tr\u00e2nsito, outros assuntos a serem abordados s\u00e3o o respeito \u00e0 sinaliza\u00e7\u00e3o, a import\u00e2ncia do cinto de seguran\u00e7a e do capacete, a dire\u00e7\u00e3o defensiva, a mistura de \u00e1lcool e dire\u00e7\u00e3o, e os contatos de emerg\u00eancia e socorro.<\/p>\n<p>O cronograma de palestras segue at\u00e9 dezembro, envolvendo os estudantes do 4\u00ba ano do ensino fundamental. \u201cAl\u00e9m de aprenderem a se cuidar, os alunos tamb\u00e9m ser\u00e3o incentivados a compartilhar as informa\u00e7\u00f5es com seus familiares. Esse projeto \u00e9 bem-vindo \u00e0s escolas porque representa um complemento aos conte\u00fados do nosso curr\u00edculo,\u201d garante a secret\u00e1ria municipal de Educa\u00e7\u00e3o, Marli Fernandes.<\/p>\n<div class = 'socialMediaOnEveryPost'>Compartilhe<div id=\"sgmbShare1-1\" class=\"sgmbShare jssocials-theme-classic sgmbWidget1-1\"><\/div><div class=\"dropdownWrapper dropdownWrapper1 dropdownWrapper-for-widget \" id=\"dropdownWrapper-for-widget\">\r\n\t\t\t\t\t\t<div class=\"dropdownLabel\" id=\"dropdownLabel-share-list\"><span class=\"sgmbButtonListLabel1\">Share List<\/span><\/div>\r\n\t\t\t\t\t\t<div class=\"dropdownPanel dropdownPanel1-1\">\r\n\t\t\t\t\t\t<\/div>\r\n\t\t\t\t\t<\/div><script>  SGMB_URL = \"http:\/\/www.apucarana.pr.gov.br\/ame\/wp-content\/plugins\/social-media-builder\/\"; jQuery(\".dropdownWrapper\").hide(); SGMB_GOOGLE_ACOUNT = \"\"; <\/script><script type=\"text\/javascript\">\r\n\t\tjQuery(document).ready(function($){var widget = new SGMBWidget();widget.show({\"id\":\"1\",\"title\":\"Face\\\/Twitter\",\"options\":{\"currentUrl\":\"1\",\"url\":\"\",\"shareText\":\"\",\"fontSize\":\"14\",\"betweenButtons\":\"1px\",\"theme\":\"classic\",\"sgmbButtonsPosition\":\"bottomLeft\",\"socialTheme\":\"\",\"icon\":\"default\",\"buttonsPanelEffect\":\"No Effect\",\"buttonsEffect\":\"No Effect\",\"iconsEffect\":\"No Effect\",\"buttons\":\"{\\\"facebook\\\":{\\\"label\\\":\\\"Share\\\",\\\"icon\\\":\\\"default-facebook\\\"},\\\"twitter\\\":{\\\"label\\\":\\\"Tweet\\\",\\\"icon\\\":\\\"default-twitter\\\",\\\"via\\\":\\\"\\\",\\\"hashtags\\\":\\\"\\\"}}\",\"roundButton\":\"\",\"showLabels\":\"\",\"showCounts\":\"\",\"showCenter\":\"\",\"showButtonsAsList\":\"\",\"sgmbDropdownColor\":\"\",\"sgmbDropdownLabelFontSize\":\"14\",\"sgmbDropdownLabelColor\":\"\",\"showButtonsOnEveryPost\":\"on\",\"selectedOrExcluded\":\"\",\"showButtonsOnEveryPage\":\"\",\"textOnEveryPost\":\"Compartilhe\",\"showButtonsOnCustomPost\":\"\",\"textOnCustomPost\":\"\",\"showButtonsOnMobileDirect\":\"on\",\"showButtonsOnDesktopDirect\":\"on\",\"sgmbSelectedPages\":[\"\"],\"sgmbExcludedPosts\":[\"\"],\"sgmbSelectedCustomPosts\":[],\"showButtonsInPopup\":\"\",\"titleOfPopup\":\"\",\"descriptionOfPopup\":\"\",\"showPopupOnLoad\":\"\",\"showPopupOnScroll\":\"\",\"showPopupOnExit\":\"\",\"openSecondsOfPopup\":\"\",\"googleAnaliticsAccount\":\"\"},\"buttonOptions\":{\"facebook\":{\"label\":\"Share\",\"icon\":\"default-facebook\"},\"twitter\":{\"label\":\"Tweet\",\"icon\":\"default-twitter\",\"via\":\"\",\"hashtags\":\"\"}},\"button\":[\"facebook\",\"twitter\"]}, 1, '', 'http:\/\/www.apucarana.pr.gov.br\/ame\/wp-content\/uploads\/2017\/09\/SEGURAN\u00c7A-NO-TR\u00c2NSITO-M\u00d4NICA-COSTA.jpg', '', 'http:\/\/www.apucarana.pr.gov.br\/ame\/alunos-aprendem-sobre-seguranca-no-transito\/'); });<\/script><\/div><script> jQuery(\".socialMediaOnEveryPost\").addClass(\"sgmb-left\") <\/script>","protected":false},"excerpt":{"rendered":"<p>Parceria entre a Autarquia de Educa\u00e7\u00e3o e a Guarda Municipal leva palestras \u00e0s 37 escolas da rede b\u00e1sica de ensino<\/p>\n","protected":false},"author":10,"featured_media":6440,"comment_status":"closed","ping_status":"open","sticky":false,"template":"","format":"standard","meta":[],"categories":[9],"tags":[26,61,60],"_links":{"self":[{"href":"http:\/\/www.apucarana.pr.gov.br\/ame\/wp-json\/wp\/v2\/posts\/6436"}],"collection":[{"href":"http:\/\/www.apucarana.pr.gov.br\/ame\/wp-json\/wp\/v2\/posts"}],"about":[{"href":"http:\/\/www.apucarana.pr.gov.br\/ame\/wp-json\/wp\/v2\/types\/post"}],"author":[{"embeddable":true,"href":"http:\/\/www.apucarana.pr.gov.br\/ame\/wp-json\/wp\/v2\/users\/10"}],"replies":[{"embeddable":true,"href":"http:\/\/www.apucarana.pr.gov.br\/ame\/wp-json\/wp\/v2\/comments?post=6436"}],"version-history":[{"count":1,"href":"http:\/\/www.apucarana.pr.gov.br\/ame\/wp-json\/wp\/v2\/posts\/6436\/revisions"}],"predecessor-version":[{"id":6441,"href":"http:\/\/www.apucarana.pr.gov.br\/ame\/wp-json\/wp\/v2\/posts\/6436\/revisions\/6441"}],"wp:featuredmedia":[{"embeddable":true,"href":"http:\/\/www.apucarana.pr.gov.br\/ame\/wp-json\/wp\/v2\/media\/6440"}],"wp:attachment":[{"href":"http:\/\/www.apucarana.pr.gov.br\/ame\/wp-json\/wp\/v2\/media?parent=6436"}],"wp:term":[{"taxonomy":"category","embeddable":true,"href":"http:\/\/www.apucarana.pr.gov.br\/ame\/wp-json\/wp\/v2\/categories?post=6436"},{"taxonomy":"post_tag","embeddable":true,"href":"http:\/\/www.apucarana.pr.gov.br\/ame\/wp-json\/wp\/v2\/tags?post=6436"}],"curies":[{"name":"wp","href":"https:\/\/api.w.org\/{rel}","templated":true}]}}