{"id":6208,"date":"2017-06-23T08:51:30","date_gmt":"2017-06-23T11:51:30","guid":{"rendered":"http:\/\/www.apucarana.pr.gov.br\/ame\/?p=6208"},"modified":"2024-10-08T09:10:26","modified_gmt":"2024-10-08T12:10:26","slug":"escolas-municipais-preparam-festas-juninas","status":"publish","type":"post","link":"http:\/\/www.apucarana.pr.gov.br\/ame\/escolas-municipais-preparam-festas-juninas\/","title":{"rendered":"Escolas Municipais preparam Festas Juninas"},"content":{"rendered":"<p>As escolas e CMEIs municipais j\u00e1 est\u00e3o repletos de bandeirinhas coloridas e os alunos ensaiando a todo o vapor para as quadrilhas. \u00c9 que no pr\u00f3ximo s\u00e1bado (24) comemora-se o dia de S\u00e3o Jo\u00e3o.<\/p>\n<p>Cerca de 20 festas juninas, abertas \u00e0 participa\u00e7\u00e3o da comunidade, est\u00e3o agendadas a partir do pr\u00f3ximo final de semana. Haver\u00e1 comidas t\u00edpicas, apresenta\u00e7\u00f5es art\u00edsticas, concursos de sinhazinha e sinhozinho, shows de pr\u00eamios e muita divers\u00e3o.<\/p>\n<p>Confira o cronograma abaixo e prestigie os alunos da rede municipal de ensino. Voc\u00ea e sua fam\u00edlia s\u00e3o muito bem-vindos.<\/p>\n<p>Escola Municipal Dr. Edson Giacomini<br \/>\nData: 24\/6<br \/>\nHor\u00e1rio: a partir das 14h<br \/>\nLocal: sede da escola. Rua Sibipiruna, 149. N\u00facleo Afonso Alves de Camargo.<\/p>\n<p>Escola Municipal Bento Fernandes Dias<br \/>\nData: 24\/6<br \/>\nHor\u00e1rio: a partir das 13h<br \/>\nLocal: sede da escola. Rua Jos\u00e9 Miskowski, s\/n. Jardim Malibu.<\/p>\n<p>Escola Municipal Fernando Jos\u00e9 Acosta<br \/>\nData: 8\/7<br \/>\nHor\u00e1rio: a partir das 13h30<br \/>\nLocal: sede da escola. Rua Ilson Ferreira Gomes, 405. Residencial Sumatra.<\/p>\n<p>Escola Municipal Dr. Joaquim Vicente de Castro<br \/>\nData: 8\/7<br \/>\nHor\u00e1rio: a partir das 13h<br \/>\nLocal: sede da escola. Rua Quintino Boacai\u00fava. 738. Vila Santa Rosa.<\/p>\n<p>Escola Municipal Professor Alcides Ramos<br \/>\nData: 8\/7<br \/>\nHor\u00e1rio: a partir das 13h30<br \/>\nLocal: sede da escola. Rua Rio Igua\u00e7u, 10. N\u00facleo Osmar Guaracy Freire.<\/p>\n<p>CMEI Geralda Bormaita<br \/>\nData: 8\/7<br \/>\nHor\u00e1rio: a partir das 14h.<br \/>\nLocal: Associa\u00e7\u00e3o dos Funcion\u00e1rios P\u00fablicos de Apucarana (AFAP). Avenida Avia\u00e7\u00e3o, 1959.<\/p>\n<p>CMEI Irm\u00e3 Dulce<br \/>\nData: 8\/7<br \/>\nHor\u00e1rio: 15h<br \/>\nLocal: quadra da Escola Municipal Dinarte Pereira de Ara\u00fajo. Rua Paulo Set\u00fabal, 250. Parque Bigua\u00e7u.<\/p>\n<p>Escola Municipal Professora Maria Madalena C\u00f4co<br \/>\nData: 8\/7<br \/>\nHor\u00e1rio: a partir das 13h<br \/>\nLocal: na sede da escola. Rua Rol\u00e2ndia, 316. Vila Martins.<\/p>\n<p>Escola Municipal F\u00e1bio Henrique da Silva<br \/>\nData: 8\/7<br \/>\nHor\u00e1rio: a partir das 14h<br \/>\nLocal: sede da escola. Rua Jair Fidelis Marques, 240. Jardim Marissol.<\/p>\n<p>Escola Municipal Dinarte Pereira de Ara\u00fajo<br \/>\nData: 9\/7<br \/>\nHor\u00e1rio: a partir das 13h<br \/>\nLocal: sede da escola. Rua Paulo Set\u00fabal, 250. Parque Bigua\u00e7u.<\/p>\n<p>Escola Municipal Vereador Jos\u00e9 Ramos de Oliveira<br \/>\nData: 9\/7<br \/>\nHor\u00e1rio: a partir das 13h<br \/>\nLocal: Centro Comunit\u00e1rio de Pirap\u00f3<\/p>\n<p>Escola Municipal Juiz Luiz Fernando de Ara\u00fajo Pereira<br \/>\nData: 9\/7<br \/>\nHor\u00e1rio: das 10h \u00e0s 20h<br \/>\nLocal: sede da escola. Rua S\u00e3o Sebasti\u00e3o, 164. N\u00facleo Dom Romeu Alberti.<\/p>\n<p>Escola Municipal do Campo Padre Antonio Vieira<br \/>\nData: 9\/7<br \/>\nHor\u00e1rio: a partir das 14h<br \/>\nLocal: sede da escola. Rua Calif\u00f3rnia, 555. Distrito de Correia de Freitas.<\/p>\n<p>Escola Municipal Professora Marta Pereira da Silva<br \/>\nData: 9\/7<br \/>\nHor\u00e1rio: a partir das 13h<br \/>\nLocal: sede da escola. Rua Santa C\u00e2ndida, 89. Jardim Menegazzo.<\/p>\n<p>Escola Municipal Karel Kober<br \/>\nData: 15\/7<br \/>\nHor\u00e1rio: a partir das 14h30<br \/>\nLocal: sede da escola. Rua Catanduva, 335. Jardim Ponta Grossa.<\/p>\n<p>Escola Municipal Humberto de Alencar Castelo Branco<br \/>\nData: 15\/7<br \/>\nHor\u00e1rio: a partir das 15h<br \/>\nLocal: Associa\u00e7\u00e3o dos Servidores P\u00fablicos Municipais de Apucarana. Avenida Avia\u00e7\u00e3o, 1875 \u2013 ao lado do SESI<\/p>\n<p>CMEI Domingos Mareze<br \/>\nData: 15\/7<br \/>\nHor\u00e1rio: a partir das 15h<br \/>\nLocal: sal\u00e3o da Igreja Nossa Senhora Rainha dos Ap\u00f3stolos. Rua Serra do Mar. N\u00facleo Adriano Correia.<\/p>\n<p>Escola Municipal Jos\u00e9 Brazil Camargo<br \/>\nData: 15\/7<br \/>\nHor\u00e1rio: a partir das 13h<br \/>\nLocal: sede da escola. Rua Papagaio esquina com Rua Pardal. N\u00facleo Michel Soni.<\/p>\n<p>Escola Municipal Dr. Osvaldo Santos Lima<br \/>\nData: 16\/7<br \/>\nHor\u00e1rio: a partir das 13h<br \/>\nLocal: sede da escola. Rua Emilio de Menezes, 500. Jardim Alvorada.<\/p>\n<p>Escola Municipal Papa Jo\u00e3o XXIII<br \/>\nData: 16\/7<br \/>\nHor\u00e1rio: a partir das 13h<br \/>\nLocal: Rua Jo\u00e3o XXIII, 85. Vila Regina.<\/p>\n<div class = 'socialMediaOnEveryPost'>Compartilhe<div id=\"sgmbShare1-1\" class=\"sgmbShare jssocials-theme-classic sgmbWidget1-1\"><\/div><div class=\"dropdownWrapper dropdownWrapper1 dropdownWrapper-for-widget \" id=\"dropdownWrapper-for-widget\">\r\n\t\t\t\t\t\t<div class=\"dropdownLabel\" id=\"dropdownLabel-share-list\"><span class=\"sgmbButtonListLabel1\">Share List<\/span><\/div>\r\n\t\t\t\t\t\t<div class=\"dropdownPanel dropdownPanel1-1\">\r\n\t\t\t\t\t\t<\/div>\r\n\t\t\t\t\t<\/div><script>  SGMB_URL = \"http:\/\/www.apucarana.pr.gov.br\/ame\/wp-content\/plugins\/social-media-builder\/\"; jQuery(\".dropdownWrapper\").hide(); SGMB_GOOGLE_ACOUNT = \"\"; <\/script><script type=\"text\/javascript\">\r\n\t\tjQuery(document).ready(function($){var widget = new SGMBWidget();widget.show({\"id\":\"1\",\"title\":\"Face\\\/Twitter\",\"options\":{\"currentUrl\":\"1\",\"url\":\"\",\"shareText\":\"\",\"fontSize\":\"14\",\"betweenButtons\":\"1px\",\"theme\":\"classic\",\"sgmbButtonsPosition\":\"bottomLeft\",\"socialTheme\":\"\",\"icon\":\"default\",\"buttonsPanelEffect\":\"No Effect\",\"buttonsEffect\":\"No Effect\",\"iconsEffect\":\"No Effect\",\"buttons\":\"{\\\"facebook\\\":{\\\"label\\\":\\\"Share\\\",\\\"icon\\\":\\\"default-facebook\\\"},\\\"twitter\\\":{\\\"label\\\":\\\"Tweet\\\",\\\"icon\\\":\\\"default-twitter\\\",\\\"via\\\":\\\"\\\",\\\"hashtags\\\":\\\"\\\"}}\",\"roundButton\":\"\",\"showLabels\":\"\",\"showCounts\":\"\",\"showCenter\":\"\",\"showButtonsAsList\":\"\",\"sgmbDropdownColor\":\"\",\"sgmbDropdownLabelFontSize\":\"14\",\"sgmbDropdownLabelColor\":\"\",\"showButtonsOnEveryPost\":\"on\",\"selectedOrExcluded\":\"\",\"showButtonsOnEveryPage\":\"\",\"textOnEveryPost\":\"Compartilhe\",\"showButtonsOnCustomPost\":\"\",\"textOnCustomPost\":\"\",\"showButtonsOnMobileDirect\":\"on\",\"showButtonsOnDesktopDirect\":\"on\",\"sgmbSelectedPages\":[\"\"],\"sgmbExcludedPosts\":[\"\"],\"sgmbSelectedCustomPosts\":[],\"showButtonsInPopup\":\"\",\"titleOfPopup\":\"\",\"descriptionOfPopup\":\"\",\"showPopupOnLoad\":\"\",\"showPopupOnScroll\":\"\",\"showPopupOnExit\":\"\",\"openSecondsOfPopup\":\"\",\"googleAnaliticsAccount\":\"\"},\"buttonOptions\":{\"facebook\":{\"label\":\"Share\",\"icon\":\"default-facebook\"},\"twitter\":{\"label\":\"Tweet\",\"icon\":\"default-twitter\",\"via\":\"\",\"hashtags\":\"\"}},\"button\":[\"facebook\",\"twitter\"]}, 1, '', 'http:\/\/www.apucarana.pr.gov.br\/ame\/wp-content\/uploads\/2017\/06\/HOMENAGEMPROFETA-7.jpg', '', 'http:\/\/www.apucarana.pr.gov.br\/ame\/escolas-municipais-preparam-festas-juninas\/'); });<\/script><\/div><script> jQuery(\".socialMediaOnEveryPost\").addClass(\"sgmb-left\") <\/script>","protected":false},"excerpt":{"rendered":"<p>Cerca de 20 \u201carrai\u00e1s\u201d abertos \u00e0 comunidade est\u00e3o programados a partir desse final de semana (Foto: Profeta)<\/p>\n","protected":false},"author":10,"featured_media":6209,"comment_status":"closed","ping_status":"open","sticky":false,"template":"","format":"standard","meta":[],"categories":[9],"tags":[],"_links":{"self":[{"href":"http:\/\/www.apucarana.pr.gov.br\/ame\/wp-json\/wp\/v2\/posts\/6208"}],"collection":[{"href":"http:\/\/www.apucarana.pr.gov.br\/ame\/wp-json\/wp\/v2\/posts"}],"about":[{"href":"http:\/\/www.apucarana.pr.gov.br\/ame\/wp-json\/wp\/v2\/types\/post"}],"author":[{"embeddable":true,"href":"http:\/\/www.apucarana.pr.gov.br\/ame\/wp-json\/wp\/v2\/users\/10"}],"replies":[{"embeddable":true,"href":"http:\/\/www.apucarana.pr.gov.br\/ame\/wp-json\/wp\/v2\/comments?post=6208"}],"version-history":[{"count":1,"href":"http:\/\/www.apucarana.pr.gov.br\/ame\/wp-json\/wp\/v2\/posts\/6208\/revisions"}],"predecessor-version":[{"id":6210,"href":"http:\/\/www.apucarana.pr.gov.br\/ame\/wp-json\/wp\/v2\/posts\/6208\/revisions\/6210"}],"wp:featuredmedia":[{"embeddable":true,"href":"http:\/\/www.apucarana.pr.gov.br\/ame\/wp-json\/wp\/v2\/media\/6209"}],"wp:attachment":[{"href":"http:\/\/www.apucarana.pr.gov.br\/ame\/wp-json\/wp\/v2\/media?parent=6208"}],"wp:term":[{"taxonomy":"category","embeddable":true,"href":"http:\/\/www.apucarana.pr.gov.br\/ame\/wp-json\/wp\/v2\/categories?post=6208"},{"taxonomy":"post_tag","embeddable":true,"href":"http:\/\/www.apucarana.pr.gov.br\/ame\/wp-json\/wp\/v2\/tags?post=6208"}],"curies":[{"name":"wp","href":"https:\/\/api.w.org\/{rel}","templated":true}]}}