{"id":6190,"date":"2017-06-23T08:37:23","date_gmt":"2017-06-23T11:37:23","guid":{"rendered":"http:\/\/www.apucarana.pr.gov.br\/ame\/?p=6190"},"modified":"2024-10-08T09:10:26","modified_gmt":"2024-10-08T12:10:26","slug":"eja-de-apucarana-e-finalista-em-premiacao-nacional","status":"publish","type":"post","link":"http:\/\/www.apucarana.pr.gov.br\/ame\/eja-de-apucarana-e-finalista-em-premiacao-nacional\/","title":{"rendered":"EJA de Apucarana \u00e9 finalista em premia\u00e7\u00e3o nacional"},"content":{"rendered":"<p>A Educa\u00e7\u00e3o de Jovens e Adultos (EJA) do munic\u00edpio de Apucarana foi classificada entre as 10 melhores experi\u00eancias nacionais para o pr\u00eamio \u201cMedalha Paulo Freire\u201d. Nesta segunda-feira (19), a Autarquia Municipal de Educa\u00e7\u00e3o recebeu a visita do membro da Comiss\u00e3o Nacional de Alfabetiza\u00e7\u00e3o e Educa\u00e7\u00e3o de Jovens e Adultos (CNAEJA), professora Edna Maria Lopes do Nascimento, que veio conhecer in loco o projeto.<\/p>\n<p>A Medalha Paulo Freire classifica anualmente as melhores a\u00e7\u00f5es que promovem a educa\u00e7\u00e3o emancipat\u00f3ria e contribuem para a dissemina\u00e7\u00e3o dos direitos humanos. O intuito \u00e9 dar visibilidade \u00e0s experi\u00eancias que contribuem para a redu\u00e7\u00e3o do analfabetismo e a melhoria da qualidade de vida.<\/p>\n<p>A Educa\u00e7\u00e3o de Jovens e Adultos da Rede Municipal de Ensino atende a 155 estudantes, com a oferta dos anos iniciais do Ensino Fundamental em 7 polos e 7 escolas. Durante o dia, a professora Edna Lopes visitou as turmas da EJA localizadas no Servi\u00e7o Social do Com\u00e9rcio (Sesc) e nas Escolas Municipais Professor Idalice Moreira Prates, Albino Biachi, Augusto Weyand e Jo\u00e3o Antonio Braga C\u00f4rtes, al\u00e9m de participar de uma mostra cultural no polo da Universidade Aberta do Brasil (UAB) e de uma reuni\u00e3o no gabinete do Prefeito Beto Preto.<\/p>\n<p>A secret\u00e1ria municipal de Educa\u00e7\u00e3o, professora Marli Fernandes, afirma que a meta \u00e9 erradicar o analfabetismo em Apucarana. \u201cQueremos reduzir para menos de 4% o \u00edndice de pessoas que n\u00e3o sabem ler nem escrever e, consequentemente, obter o selo de cidade alfabetizada. Para isso, n\u00f3s mantemos parcerias com o Sesc e com as Secretarias Municipais da Mulher e da Assist\u00eancia Social, que nos ajudam a identificar o p\u00fablico-alvo, cedem espa\u00e7o para novas turmas e oferecem cursos complementares ao curr\u00edculo dos nossos alunos,\u201d detalhou.<\/p>\n<p>A fun\u00e7\u00e3o social da EJA \u00e9 desenvolvida levando em conta as habilidades dos pr\u00f3prios alunos. A confec\u00e7\u00e3o de pe\u00e7as de artesanatos; o plantio de verduras, temperos e ervas; o preparo de sab\u00e3o a partir de \u00f3leo usado e a arte de cozinhar s\u00e3o incentivados como forma de promover a independ\u00eancia financeira.<\/p>\n<p>Os resultados j\u00e1 est\u00e3o surgindo: os alunos apresentam autoestima elevada, motiva\u00e7\u00e3o em aprender e participar de eventos, e buscam colocar em pr\u00e1tica o que aprendem nos cursos, perseguindo seus direitos enquanto cidad\u00e3os.<\/p>\n<p>\u201cEu fui para a escola quando crian\u00e7a, mas precisei abandonar os estudos para ajudar meus pais no trabalho. Retomei o aprendizado recentemente e estou na terceira s\u00e9rie. J\u00e1 sei escrever meu nome e n\u00e3o preciso da ajuda de ningu\u00e9m para ir ao supermercado ou pegar um \u00f4nibus,\u201d contou orgulhosa a aluna Maria do Carmo Rosa, 66 anos, da Escola Professor Idalice Moreira Prates.<\/p>\n<p>A Medalha Paulo Freire foi entregue pela primeira vez em 2005. No Paran\u00e1, apenas os munic\u00edpios de Apucarana e Paranagu\u00e1 foram classificados na atual edi\u00e7\u00e3o. A divulga\u00e7\u00e3o dos vencedores ser\u00e1 feita entre 25 de agosto e 31 de dezembro.<\/p>\n<p>\u201cEstar classificado entre os dez finalistas j\u00e1 \u00e9 uma enorme conquista, porque significa que o Munic\u00edpio foi capaz de realizar um excelente trabalho, que serve de exemplo e\u00a0 merece ser replicado em outras comunidades. A Medalha Paulo Freire n\u00e3o envolve premia\u00e7\u00e3o em dinheiro, mas sim o reconhecimento de pr\u00e1ticas que est\u00e3o dando certo na Educa\u00e7\u00e3o de Jovens e Adultos,\u201d garantiu professora Edna Lopes.<\/p>\n<div class = 'socialMediaOnEveryPost'>Compartilhe<div id=\"sgmbShare1-1\" class=\"sgmbShare jssocials-theme-classic sgmbWidget1-1\"><\/div><div class=\"dropdownWrapper dropdownWrapper1 dropdownWrapper-for-widget \" id=\"dropdownWrapper-for-widget\">\r\n\t\t\t\t\t\t<div class=\"dropdownLabel\" id=\"dropdownLabel-share-list\"><span class=\"sgmbButtonListLabel1\">Share List<\/span><\/div>\r\n\t\t\t\t\t\t<div class=\"dropdownPanel dropdownPanel1-1\">\r\n\t\t\t\t\t\t<\/div>\r\n\t\t\t\t\t<\/div><script>  SGMB_URL = \"http:\/\/www.apucarana.pr.gov.br\/ame\/wp-content\/plugins\/social-media-builder\/\"; jQuery(\".dropdownWrapper\").hide(); SGMB_GOOGLE_ACOUNT = \"\"; <\/script><script type=\"text\/javascript\">\r\n\t\tjQuery(document).ready(function($){var widget = new SGMBWidget();widget.show({\"id\":\"1\",\"title\":\"Face\\\/Twitter\",\"options\":{\"currentUrl\":\"1\",\"url\":\"\",\"shareText\":\"\",\"fontSize\":\"14\",\"betweenButtons\":\"1px\",\"theme\":\"classic\",\"sgmbButtonsPosition\":\"bottomLeft\",\"socialTheme\":\"\",\"icon\":\"default\",\"buttonsPanelEffect\":\"No Effect\",\"buttonsEffect\":\"No Effect\",\"iconsEffect\":\"No Effect\",\"buttons\":\"{\\\"facebook\\\":{\\\"label\\\":\\\"Share\\\",\\\"icon\\\":\\\"default-facebook\\\"},\\\"twitter\\\":{\\\"label\\\":\\\"Tweet\\\",\\\"icon\\\":\\\"default-twitter\\\",\\\"via\\\":\\\"\\\",\\\"hashtags\\\":\\\"\\\"}}\",\"roundButton\":\"\",\"showLabels\":\"\",\"showCounts\":\"\",\"showCenter\":\"\",\"showButtonsAsList\":\"\",\"sgmbDropdownColor\":\"\",\"sgmbDropdownLabelFontSize\":\"14\",\"sgmbDropdownLabelColor\":\"\",\"showButtonsOnEveryPost\":\"on\",\"selectedOrExcluded\":\"\",\"showButtonsOnEveryPage\":\"\",\"textOnEveryPost\":\"Compartilhe\",\"showButtonsOnCustomPost\":\"\",\"textOnCustomPost\":\"\",\"showButtonsOnMobileDirect\":\"on\",\"showButtonsOnDesktopDirect\":\"on\",\"sgmbSelectedPages\":[\"\"],\"sgmbExcludedPosts\":[\"\"],\"sgmbSelectedCustomPosts\":[],\"showButtonsInPopup\":\"\",\"titleOfPopup\":\"\",\"descriptionOfPopup\":\"\",\"showPopupOnLoad\":\"\",\"showPopupOnScroll\":\"\",\"showPopupOnExit\":\"\",\"openSecondsOfPopup\":\"\",\"googleAnaliticsAccount\":\"\"},\"buttonOptions\":{\"facebook\":{\"label\":\"Share\",\"icon\":\"default-facebook\"},\"twitter\":{\"label\":\"Tweet\",\"icon\":\"default-twitter\",\"via\":\"\",\"hashtags\":\"\"}},\"button\":[\"facebook\",\"twitter\"]}, 1, '', 'http:\/\/www.apucarana.pr.gov.br\/ame\/wp-content\/uploads\/2017\/06\/MOSTRA-EJAPROFETA-14.jpg', '', 'http:\/\/www.apucarana.pr.gov.br\/ame\/eja-de-apucarana-e-finalista-em-premiacao-nacional\/'); });<\/script><\/div><script> jQuery(\".socialMediaOnEveryPost\").addClass(\"sgmb-left\") <\/script>","protected":false},"excerpt":{"rendered":"<p>Nesta segunda (19), integrante do MEC conheceu o projeto inovador (Fotos: Profeta)<\/p>\n","protected":false},"author":10,"featured_media":6206,"comment_status":"closed","ping_status":"open","sticky":false,"template":"","format":"standard","meta":[],"categories":[9],"tags":[],"_links":{"self":[{"href":"http:\/\/www.apucarana.pr.gov.br\/ame\/wp-json\/wp\/v2\/posts\/6190"}],"collection":[{"href":"http:\/\/www.apucarana.pr.gov.br\/ame\/wp-json\/wp\/v2\/posts"}],"about":[{"href":"http:\/\/www.apucarana.pr.gov.br\/ame\/wp-json\/wp\/v2\/types\/post"}],"author":[{"embeddable":true,"href":"http:\/\/www.apucarana.pr.gov.br\/ame\/wp-json\/wp\/v2\/users\/10"}],"replies":[{"embeddable":true,"href":"http:\/\/www.apucarana.pr.gov.br\/ame\/wp-json\/wp\/v2\/comments?post=6190"}],"version-history":[{"count":1,"href":"http:\/\/www.apucarana.pr.gov.br\/ame\/wp-json\/wp\/v2\/posts\/6190\/revisions"}],"predecessor-version":[{"id":6207,"href":"http:\/\/www.apucarana.pr.gov.br\/ame\/wp-json\/wp\/v2\/posts\/6190\/revisions\/6207"}],"wp:featuredmedia":[{"embeddable":true,"href":"http:\/\/www.apucarana.pr.gov.br\/ame\/wp-json\/wp\/v2\/media\/6206"}],"wp:attachment":[{"href":"http:\/\/www.apucarana.pr.gov.br\/ame\/wp-json\/wp\/v2\/media?parent=6190"}],"wp:term":[{"taxonomy":"category","embeddable":true,"href":"http:\/\/www.apucarana.pr.gov.br\/ame\/wp-json\/wp\/v2\/categories?post=6190"},{"taxonomy":"post_tag","embeddable":true,"href":"http:\/\/www.apucarana.pr.gov.br\/ame\/wp-json\/wp\/v2\/tags?post=6190"}],"curies":[{"name":"wp","href":"https:\/\/api.w.org\/{rel}","templated":true}]}}