{"id":6186,"date":"2017-06-23T08:09:42","date_gmt":"2017-06-23T11:09:42","guid":{"rendered":"http:\/\/www.apucarana.pr.gov.br\/ame\/?p=6186"},"modified":"2024-10-08T09:10:26","modified_gmt":"2024-10-08T12:10:26","slug":"presidente-da-undime-pr-participa-de-reuniao-do-conselho-estadual-de-educacao","status":"publish","type":"post","link":"http:\/\/www.apucarana.pr.gov.br\/ame\/presidente-da-undime-pr-participa-de-reuniao-do-conselho-estadual-de-educacao\/","title":{"rendered":"Presidente da Undime-PR participa de reuni\u00e3o do Conselho Estadual de Educa\u00e7\u00e3o"},"content":{"rendered":"<p>A presidente da subse\u00e7\u00e3o paranaense da Uni\u00e3o Nacional dos Dirigentes Municipais de Educa\u00e7\u00e3o (UNDIME-PR) e Secret\u00e1ria de Educa\u00e7\u00e3o de Apucarana, professora Marli Fernandes, participou, hoje (21), em Curitiba, da reuni\u00e3o do Conselho Estadual de Educa\u00e7\u00e3o.<\/p>\n<p>Durante toda a manh\u00e3, os membros do CEE debateram a implementa\u00e7\u00e3o dos Arranjos de Desenvolvimento da Educa\u00e7\u00e3o, uma s\u00e9rie de a\u00e7\u00f5es colaborativas entre o Estado e os Munic\u00edpios que pretendem contribuir para a transi\u00e7\u00e3o dos alunos entre a primeira e a segunda fase do Ensino Fundamental, evitando obst\u00e1culos no acesso \u00e0 escolariza\u00e7\u00e3o a estudantes que mudem de uma rede para outra.<\/p>\n<p>\u201cEm Apucarana, a parceria entre a Autarquia Municipal de Educa\u00e7\u00e3o e o N\u00facleo Regional de Educa\u00e7\u00e3o foi fortalecida na atual gest\u00e3o. Gra\u00e7as a isso e aos investimentos que fizemos na rede municipal, nossas crian\u00e7as n\u00e3o enfrentam mais dificuldades na passagem do 5\u00ba para o 6\u00ba ano. Ficaremos felizes em contribuir com nossa experi\u00eancia para ajudar outras comunidades,\u201d disse professora Marli.<\/p>\n<p>Al\u00e9m da presidente da Undime-PR, participaram da reuni\u00e3o o presidente do CEE Jos\u00e9 Alves e os conselheiros Dirceu Ruaro, Shirley Piccioni, Jacir Bombonato, \u00a0Carlos Eduardo Sanches \u00a0e o Doutor Jos\u00e9 Dorival Perez.<\/p>\n<div class = 'socialMediaOnEveryPost'>Compartilhe<div id=\"sgmbShare1-1\" class=\"sgmbShare jssocials-theme-classic sgmbWidget1-1\"><\/div><div class=\"dropdownWrapper dropdownWrapper1 dropdownWrapper-for-widget \" id=\"dropdownWrapper-for-widget\">\r\n\t\t\t\t\t\t<div class=\"dropdownLabel\" id=\"dropdownLabel-share-list\"><span class=\"sgmbButtonListLabel1\">Share List<\/span><\/div>\r\n\t\t\t\t\t\t<div class=\"dropdownPanel dropdownPanel1-1\">\r\n\t\t\t\t\t\t<\/div>\r\n\t\t\t\t\t<\/div><script>  SGMB_URL = \"http:\/\/www.apucarana.pr.gov.br\/ame\/wp-content\/plugins\/social-media-builder\/\"; jQuery(\".dropdownWrapper\").hide(); SGMB_GOOGLE_ACOUNT = \"\"; <\/script><script type=\"text\/javascript\">\r\n\t\tjQuery(document).ready(function($){var widget = new SGMBWidget();widget.show({\"id\":\"1\",\"title\":\"Face\\\/Twitter\",\"options\":{\"currentUrl\":\"1\",\"url\":\"\",\"shareText\":\"\",\"fontSize\":\"14\",\"betweenButtons\":\"1px\",\"theme\":\"classic\",\"sgmbButtonsPosition\":\"bottomLeft\",\"socialTheme\":\"\",\"icon\":\"default\",\"buttonsPanelEffect\":\"No Effect\",\"buttonsEffect\":\"No Effect\",\"iconsEffect\":\"No Effect\",\"buttons\":\"{\\\"facebook\\\":{\\\"label\\\":\\\"Share\\\",\\\"icon\\\":\\\"default-facebook\\\"},\\\"twitter\\\":{\\\"label\\\":\\\"Tweet\\\",\\\"icon\\\":\\\"default-twitter\\\",\\\"via\\\":\\\"\\\",\\\"hashtags\\\":\\\"\\\"}}\",\"roundButton\":\"\",\"showLabels\":\"\",\"showCounts\":\"\",\"showCenter\":\"\",\"showButtonsAsList\":\"\",\"sgmbDropdownColor\":\"\",\"sgmbDropdownLabelFontSize\":\"14\",\"sgmbDropdownLabelColor\":\"\",\"showButtonsOnEveryPost\":\"on\",\"selectedOrExcluded\":\"\",\"showButtonsOnEveryPage\":\"\",\"textOnEveryPost\":\"Compartilhe\",\"showButtonsOnCustomPost\":\"\",\"textOnCustomPost\":\"\",\"showButtonsOnMobileDirect\":\"on\",\"showButtonsOnDesktopDirect\":\"on\",\"sgmbSelectedPages\":[\"\"],\"sgmbExcludedPosts\":[\"\"],\"sgmbSelectedCustomPosts\":[],\"showButtonsInPopup\":\"\",\"titleOfPopup\":\"\",\"descriptionOfPopup\":\"\",\"showPopupOnLoad\":\"\",\"showPopupOnScroll\":\"\",\"showPopupOnExit\":\"\",\"openSecondsOfPopup\":\"\",\"googleAnaliticsAccount\":\"\"},\"buttonOptions\":{\"facebook\":{\"label\":\"Share\",\"icon\":\"default-facebook\"},\"twitter\":{\"label\":\"Tweet\",\"icon\":\"default-twitter\",\"via\":\"\",\"hashtags\":\"\"}},\"button\":[\"facebook\",\"twitter\"]}, 1, '', 'http:\/\/www.apucarana.pr.gov.br\/ame\/wp-content\/uploads\/2017\/06\/7c4b14f5-a065-46a6-9420-8293fdb5996d.jpg', '', 'http:\/\/www.apucarana.pr.gov.br\/ame\/presidente-da-undime-pr-participa-de-reuniao-do-conselho-estadual-de-educacao\/'); });<\/script><\/div><script> jQuery(\".socialMediaOnEveryPost\").addClass(\"sgmb-left\") <\/script>","protected":false},"excerpt":{"rendered":"<p>A colabora\u00e7\u00e3o entre Estado e Munic\u00edpios para a implementa\u00e7\u00e3o dos Arranjos de Desenvolvimento da Educa\u00e7\u00e3o foi a pauta do encontro<\/p>\n","protected":false},"author":10,"featured_media":6187,"comment_status":"closed","ping_status":"open","sticky":false,"template":"","format":"standard","meta":[],"categories":[9],"tags":[],"_links":{"self":[{"href":"http:\/\/www.apucarana.pr.gov.br\/ame\/wp-json\/wp\/v2\/posts\/6186"}],"collection":[{"href":"http:\/\/www.apucarana.pr.gov.br\/ame\/wp-json\/wp\/v2\/posts"}],"about":[{"href":"http:\/\/www.apucarana.pr.gov.br\/ame\/wp-json\/wp\/v2\/types\/post"}],"author":[{"embeddable":true,"href":"http:\/\/www.apucarana.pr.gov.br\/ame\/wp-json\/wp\/v2\/users\/10"}],"replies":[{"embeddable":true,"href":"http:\/\/www.apucarana.pr.gov.br\/ame\/wp-json\/wp\/v2\/comments?post=6186"}],"version-history":[{"count":1,"href":"http:\/\/www.apucarana.pr.gov.br\/ame\/wp-json\/wp\/v2\/posts\/6186\/revisions"}],"predecessor-version":[{"id":6189,"href":"http:\/\/www.apucarana.pr.gov.br\/ame\/wp-json\/wp\/v2\/posts\/6186\/revisions\/6189"}],"wp:featuredmedia":[{"embeddable":true,"href":"http:\/\/www.apucarana.pr.gov.br\/ame\/wp-json\/wp\/v2\/media\/6187"}],"wp:attachment":[{"href":"http:\/\/www.apucarana.pr.gov.br\/ame\/wp-json\/wp\/v2\/media?parent=6186"}],"wp:term":[{"taxonomy":"category","embeddable":true,"href":"http:\/\/www.apucarana.pr.gov.br\/ame\/wp-json\/wp\/v2\/categories?post=6186"},{"taxonomy":"post_tag","embeddable":true,"href":"http:\/\/www.apucarana.pr.gov.br\/ame\/wp-json\/wp\/v2\/tags?post=6186"}],"curies":[{"name":"wp","href":"https:\/\/api.w.org\/{rel}","templated":true}]}}