{"id":6177,"date":"2017-06-13T07:06:35","date_gmt":"2017-06-13T10:06:35","guid":{"rendered":"http:\/\/www.apucarana.pr.gov.br\/ame\/?p=6177"},"modified":"2024-10-08T09:10:26","modified_gmt":"2024-10-08T12:10:26","slug":"prefeitos-discutem-melhorias-para-a-educacao","status":"publish","type":"post","link":"http:\/\/www.apucarana.pr.gov.br\/ame\/prefeitos-discutem-melhorias-para-a-educacao\/","title":{"rendered":"Prefeitos discutem melhorias para a Educa\u00e7\u00e3o"},"content":{"rendered":"<p>Atendendo ao convite do prefeito Beto Preto e da Secret\u00e1ria Municipal Educa\u00e7\u00e3o, professora Marli Fernandes, representantes de cinco cidades do Vale do Iva\u00ed reuniram-se, hoje (12), em Apucarana, para discutir os rumos do ensino p\u00fablico na regi\u00e3o.<\/p>\n<p>O encontro foi realizado na sede da Autarquia Municipal de Educa\u00e7\u00e3o e teve a presen\u00e7a dos prefeitos de Rio Bom, Ene Benedito Gon\u00e7alves, e de Novo Itacolomi, Moacir Andreolla, al\u00e9m das equipes de ensino de Calif\u00f3rnia, Cambira e Ros\u00e1rio do Iva\u00ed.<\/p>\n<p>Assuntos de interesse coletivo foram discutidos na ocasi\u00e3o, como a gest\u00e3o do transporte escolar, a plena alfabetiza\u00e7\u00e3o das crian\u00e7as at\u00e9 a idade de 8 anos, e a qualidade da alimenta\u00e7\u00e3o escolar. Eles abordaram tamb\u00e9m o m\u00e9todo pedag\u00f3gico utilizado nas escolas apucaranenses que ofertam a Educa\u00e7\u00e3o Integral.<\/p>\n<p>\u201cEstamos incentivando alguns prefeitos que t\u00eam a inten\u00e7\u00e3o de ampliar a carga hor\u00e1ria escolar em seus munic\u00edpios. Apucarana n\u00e3o pretende ser modelo, uma vez que cada cidade tem uma realidade pr\u00f3pria e diferenciada, mas nos colocamos \u00e0 disposi\u00e7\u00e3o para auxiliar naquilo que for poss\u00edvel,\u201d disse o prefeito Beto Preto.<\/p>\n<p>Durante a manh\u00e3, ele acompanhou os prefeitos de Rio Bom e de Novo Itacolomi a uma visita pelas Escolas Municipais Professora Marta Pereira, no Jardim Menegazzo, e Augusto Weyand, no Jardim Tibagi. O prefeito de Ros\u00e1rio do Iva\u00ed, Ilton Shiguemi Kuroda, e o de Cambira, Emerson Toledo conheceram as instala\u00e7\u00f5es escolares na sexta-feira (09).<\/p>\n<p>Professora Marli Fernandes \u2013 que tamb\u00e9m ocupa a presid\u00eancia da Uni\u00e3o Nacional dos Dirigentes Municipais de Educa\u00e7\u00e3o (UNDIME-PR) -, destacou o trip\u00e9 que sustenta o ensino em Apucarana. \u201cExtens\u00e3o de carga hor\u00e1ria, infraestrutura predial e curr\u00edculo adequado s\u00e3o condi\u00e7\u00f5es necess\u00e1rias para a exist\u00eancia da Educa\u00e7\u00e3o Integral. A falta de qualquer um desses pilares prejudicaria a forma\u00e7\u00e3o dos alunos,\u201d garantiu.<\/p>\n<p>\u201cO Vale do Iva\u00ed \u00e9 uma regi\u00e3o muito rica, que ser\u00e1 imensamente beneficiada a partir do comprometimento dos gestores municipais com a Educa\u00e7\u00e3o. Parab\u00e9ns, aos prefeitos pelo belo trabalho que v\u00eam realizando na regi\u00e3o, com lisura, honestidade e muito p\u00e9 no ch\u00e3o,\u201d congratulou Beto Preto.<\/p>\n<p>Moacir Andreolla \u00e9 um dos prefeitos que estudam implantar a Educa\u00e7\u00e3o Integral no munic\u00edpio. \u201cEm Novo Itacolomi, n\u00f3s temos cerca de 200 alunos na rede municipal. Nossa escola j\u00e1 possui boa infraestrutura e proporcionamos uma alimenta\u00e7\u00e3o de qualidade. O pr\u00f3ximo passo \u00e9 implantar a carga hor\u00e1ria dos alunos,\u201d afirmou.<\/p>\n<div class = 'socialMediaOnEveryPost'>Compartilhe<div id=\"sgmbShare1-1\" class=\"sgmbShare jssocials-theme-classic sgmbWidget1-1\"><\/div><div class=\"dropdownWrapper dropdownWrapper1 dropdownWrapper-for-widget \" id=\"dropdownWrapper-for-widget\">\r\n\t\t\t\t\t\t<div class=\"dropdownLabel\" id=\"dropdownLabel-share-list\"><span class=\"sgmbButtonListLabel1\">Share List<\/span><\/div>\r\n\t\t\t\t\t\t<div class=\"dropdownPanel dropdownPanel1-1\">\r\n\t\t\t\t\t\t<\/div>\r\n\t\t\t\t\t<\/div><script>  SGMB_URL = \"http:\/\/www.apucarana.pr.gov.br\/ame\/wp-content\/plugins\/social-media-builder\/\"; jQuery(\".dropdownWrapper\").hide(); SGMB_GOOGLE_ACOUNT = \"\"; <\/script><script type=\"text\/javascript\">\r\n\t\tjQuery(document).ready(function($){var widget = new SGMBWidget();widget.show({\"id\":\"1\",\"title\":\"Face\\\/Twitter\",\"options\":{\"currentUrl\":\"1\",\"url\":\"\",\"shareText\":\"\",\"fontSize\":\"14\",\"betweenButtons\":\"1px\",\"theme\":\"classic\",\"sgmbButtonsPosition\":\"bottomLeft\",\"socialTheme\":\"\",\"icon\":\"default\",\"buttonsPanelEffect\":\"No Effect\",\"buttonsEffect\":\"No Effect\",\"iconsEffect\":\"No Effect\",\"buttons\":\"{\\\"facebook\\\":{\\\"label\\\":\\\"Share\\\",\\\"icon\\\":\\\"default-facebook\\\"},\\\"twitter\\\":{\\\"label\\\":\\\"Tweet\\\",\\\"icon\\\":\\\"default-twitter\\\",\\\"via\\\":\\\"\\\",\\\"hashtags\\\":\\\"\\\"}}\",\"roundButton\":\"\",\"showLabels\":\"\",\"showCounts\":\"\",\"showCenter\":\"\",\"showButtonsAsList\":\"\",\"sgmbDropdownColor\":\"\",\"sgmbDropdownLabelFontSize\":\"14\",\"sgmbDropdownLabelColor\":\"\",\"showButtonsOnEveryPost\":\"on\",\"selectedOrExcluded\":\"\",\"showButtonsOnEveryPage\":\"\",\"textOnEveryPost\":\"Compartilhe\",\"showButtonsOnCustomPost\":\"\",\"textOnCustomPost\":\"\",\"showButtonsOnMobileDirect\":\"on\",\"showButtonsOnDesktopDirect\":\"on\",\"sgmbSelectedPages\":[\"\"],\"sgmbExcludedPosts\":[\"\"],\"sgmbSelectedCustomPosts\":[],\"showButtonsInPopup\":\"\",\"titleOfPopup\":\"\",\"descriptionOfPopup\":\"\",\"showPopupOnLoad\":\"\",\"showPopupOnScroll\":\"\",\"showPopupOnExit\":\"\",\"openSecondsOfPopup\":\"\",\"googleAnaliticsAccount\":\"\"},\"buttonOptions\":{\"facebook\":{\"label\":\"Share\",\"icon\":\"default-facebook\"},\"twitter\":{\"label\":\"Tweet\",\"icon\":\"default-twitter\",\"via\":\"\",\"hashtags\":\"\"}},\"button\":[\"facebook\",\"twitter\"]}, 1, '', 'http:\/\/www.apucarana.pr.gov.br\/ame\/wp-content\/uploads\/2017\/06\/FOTOS-PROFETA-6.jpg', '', 'http:\/\/www.apucarana.pr.gov.br\/ame\/prefeitos-discutem-melhorias-para-a-educacao\/'); });<\/script><\/div><script> jQuery(\".socialMediaOnEveryPost\").addClass(\"sgmb-left\") <\/script>","protected":false},"excerpt":{"rendered":"<p>Munic\u00edpios do Vale do Iva\u00ed planejam ampliar carga hor\u00e1ria escolar (Fotos: Profeta)<\/p>\n","protected":false},"author":10,"featured_media":6183,"comment_status":"closed","ping_status":"open","sticky":false,"template":"","format":"standard","meta":[],"categories":[9],"tags":[],"_links":{"self":[{"href":"http:\/\/www.apucarana.pr.gov.br\/ame\/wp-json\/wp\/v2\/posts\/6177"}],"collection":[{"href":"http:\/\/www.apucarana.pr.gov.br\/ame\/wp-json\/wp\/v2\/posts"}],"about":[{"href":"http:\/\/www.apucarana.pr.gov.br\/ame\/wp-json\/wp\/v2\/types\/post"}],"author":[{"embeddable":true,"href":"http:\/\/www.apucarana.pr.gov.br\/ame\/wp-json\/wp\/v2\/users\/10"}],"replies":[{"embeddable":true,"href":"http:\/\/www.apucarana.pr.gov.br\/ame\/wp-json\/wp\/v2\/comments?post=6177"}],"version-history":[{"count":1,"href":"http:\/\/www.apucarana.pr.gov.br\/ame\/wp-json\/wp\/v2\/posts\/6177\/revisions"}],"predecessor-version":[{"id":6184,"href":"http:\/\/www.apucarana.pr.gov.br\/ame\/wp-json\/wp\/v2\/posts\/6177\/revisions\/6184"}],"wp:featuredmedia":[{"embeddable":true,"href":"http:\/\/www.apucarana.pr.gov.br\/ame\/wp-json\/wp\/v2\/media\/6183"}],"wp:attachment":[{"href":"http:\/\/www.apucarana.pr.gov.br\/ame\/wp-json\/wp\/v2\/media?parent=6177"}],"wp:term":[{"taxonomy":"category","embeddable":true,"href":"http:\/\/www.apucarana.pr.gov.br\/ame\/wp-json\/wp\/v2\/categories?post=6177"},{"taxonomy":"post_tag","embeddable":true,"href":"http:\/\/www.apucarana.pr.gov.br\/ame\/wp-json\/wp\/v2\/tags?post=6177"}],"curies":[{"name":"wp","href":"https:\/\/api.w.org\/{rel}","templated":true}]}}