{"id":6167,"date":"2017-06-06T14:38:24","date_gmt":"2017-06-06T17:38:24","guid":{"rendered":"http:\/\/www.apucarana.pr.gov.br\/ame\/?p=6167"},"modified":"2024-10-08T09:10:26","modified_gmt":"2024-10-08T12:10:26","slug":"alunos-participam-de-documentario","status":"publish","type":"post","link":"http:\/\/www.apucarana.pr.gov.br\/ame\/alunos-participam-de-documentario\/","title":{"rendered":"Alunos participam de document\u00e1rio"},"content":{"rendered":"<p>Cerca de 20 crian\u00e7as do Distrito de Vila Reis est\u00e3o participando, esta semana, da grava\u00e7\u00e3o de um document\u00e1rio do Programa Agrinho. \u00a0Eles s\u00e3o alunos da Escola Municipal Jos\u00e9 de Alencar e do Col\u00e9gio Estadual Professora Godom\u00e1 Bevilacqua de Oliveira.<\/p>\n<p>O Agrinho \u00e9 o maior programa de responsabilidade social da Federa\u00e7\u00e3o da Agricultura do Estado do Paran\u00e1 (Sistema FAEP), resultado da parceria com o Servi\u00e7o Nacional de Aprendizagem Rural (SENAR-PR) e o Governo do Estado.<\/p>\n<p>Criado com o objetivo de levar informa\u00e7\u00f5es sobre sa\u00fade e seguran\u00e7a pessoal e ambiental, principalmente \u00e0s crian\u00e7as do meio rural, o Programa Agrinho envolve anualmente 1,5 milh\u00e3o de alunos e 80 mil professores de todos os munic\u00edpios do Paran\u00e1.<\/p>\n<p>O document\u00e1rio est\u00e1 sendo produzido para mostrar as atividades desenvolvidas com as crian\u00e7as e ser\u00e1 exibido em 30 de outubro, durante a premia\u00e7\u00e3o do Programa Agrinho, no Expotrade, em Pinhais.<\/p>\n<p>\u201cN\u00f3s filmaremos 12 munic\u00edpios paranaenses, eleitos pela equipe do SENAR-PR devido aos excelentes resultados que apresentaram em anos anteriores no concurso Agrinho,\u201d explicou o produtor Guilherme Farinhaki. Ele veio a Apucarana acompanhado do cinegrafista Alex Sandro Dias e m\u00fasico e arte-educador Jos\u00e9 H\u00e9lio Sant\u2019Ana.<\/p>\n<p>O v\u00eddeo \u201cStand by Me\u201d do movimento Playing for the Change, que viralizou na internet, inspirou a produ\u00e7\u00e3o do document\u00e1rio. \u201cA ideia \u00e9 que os alunos de cada munic\u00edpio interpretem um trecho da can\u00e7\u00e3o Agrinho que, somados, resultar\u00e3o na faixa completa,\u201d detalhou.<\/p>\n<p>Na segunda-feira (05), os alunos do 5\u00ba ano da Escola Municipal Jos\u00e9 de Alencar e do 6\u00ba ano do Col\u00e9gio Estadual Professora Godom\u00e1 Bevilacqua de Oliveira participaram de uma oficina ministrada por Jos\u00e9 H\u00e9lio Sant\u2019Ana e constru\u00edram, a partir de materiais recicl\u00e1veis, os instrumentos necess\u00e1rios para a interpreta\u00e7\u00e3o da m\u00fasica. O v\u00eddeo, por sua vez, foi gravado na manh\u00e3 de ter\u00e7a (06).<\/p>\n<p>A secret\u00e1ria municipal de Educa\u00e7\u00e3o, professora Marli Fernandes, exalta a parceria com o SENAR-PR. \u201cA partir do tema \u2018As coisas que ligam o campo e a cidade e nosso papel para melhorar o mundo\u2019, o Programa Agrinho ensina aos alunos conceitos como sustentabilidade, cooperativismo, \u00e9tica, igualdade e pluralidade cultural. Esses conte\u00fados v\u00eam ao encontro do curr\u00edculo unificado da nossa rede de ensino,\u201d garantiu.<\/p>\n<div class = 'socialMediaOnEveryPost'>Compartilhe<div id=\"sgmbShare1-1\" class=\"sgmbShare jssocials-theme-classic sgmbWidget1-1\"><\/div><div class=\"dropdownWrapper dropdownWrapper1 dropdownWrapper-for-widget \" id=\"dropdownWrapper-for-widget\">\r\n\t\t\t\t\t\t<div class=\"dropdownLabel\" id=\"dropdownLabel-share-list\"><span class=\"sgmbButtonListLabel1\">Share List<\/span><\/div>\r\n\t\t\t\t\t\t<div class=\"dropdownPanel dropdownPanel1-1\">\r\n\t\t\t\t\t\t<\/div>\r\n\t\t\t\t\t<\/div><script>  SGMB_URL = \"http:\/\/www.apucarana.pr.gov.br\/ame\/wp-content\/plugins\/social-media-builder\/\"; jQuery(\".dropdownWrapper\").hide(); SGMB_GOOGLE_ACOUNT = \"\"; <\/script><script type=\"text\/javascript\">\r\n\t\tjQuery(document).ready(function($){var widget = new SGMBWidget();widget.show({\"id\":\"1\",\"title\":\"Face\\\/Twitter\",\"options\":{\"currentUrl\":\"1\",\"url\":\"\",\"shareText\":\"\",\"fontSize\":\"14\",\"betweenButtons\":\"1px\",\"theme\":\"classic\",\"sgmbButtonsPosition\":\"bottomLeft\",\"socialTheme\":\"\",\"icon\":\"default\",\"buttonsPanelEffect\":\"No Effect\",\"buttonsEffect\":\"No Effect\",\"iconsEffect\":\"No Effect\",\"buttons\":\"{\\\"facebook\\\":{\\\"label\\\":\\\"Share\\\",\\\"icon\\\":\\\"default-facebook\\\"},\\\"twitter\\\":{\\\"label\\\":\\\"Tweet\\\",\\\"icon\\\":\\\"default-twitter\\\",\\\"via\\\":\\\"\\\",\\\"hashtags\\\":\\\"\\\"}}\",\"roundButton\":\"\",\"showLabels\":\"\",\"showCounts\":\"\",\"showCenter\":\"\",\"showButtonsAsList\":\"\",\"sgmbDropdownColor\":\"\",\"sgmbDropdownLabelFontSize\":\"14\",\"sgmbDropdownLabelColor\":\"\",\"showButtonsOnEveryPost\":\"on\",\"selectedOrExcluded\":\"\",\"showButtonsOnEveryPage\":\"\",\"textOnEveryPost\":\"Compartilhe\",\"showButtonsOnCustomPost\":\"\",\"textOnCustomPost\":\"\",\"showButtonsOnMobileDirect\":\"on\",\"showButtonsOnDesktopDirect\":\"on\",\"sgmbSelectedPages\":[\"\"],\"sgmbExcludedPosts\":[\"\"],\"sgmbSelectedCustomPosts\":[],\"showButtonsInPopup\":\"\",\"titleOfPopup\":\"\",\"descriptionOfPopup\":\"\",\"showPopupOnLoad\":\"\",\"showPopupOnScroll\":\"\",\"showPopupOnExit\":\"\",\"openSecondsOfPopup\":\"\",\"googleAnaliticsAccount\":\"\"},\"buttonOptions\":{\"facebook\":{\"label\":\"Share\",\"icon\":\"default-facebook\"},\"twitter\":{\"label\":\"Tweet\",\"icon\":\"default-twitter\",\"via\":\"\",\"hashtags\":\"\"}},\"button\":[\"facebook\",\"twitter\"]}, 1, '', 'http:\/\/www.apucarana.pr.gov.br\/ame\/wp-content\/uploads\/2017\/06\/AGRINHOPROFETA-2.jpg', '', 'http:\/\/www.apucarana.pr.gov.br\/ame\/alunos-participam-de-documentario\/'); });<\/script><\/div><script> jQuery(\".socialMediaOnEveryPost\").addClass(\"sgmb-left\") <\/script>","protected":false},"excerpt":{"rendered":"<p>Escola Municipal Jos\u00e9 de Alencar e Col\u00e9gio Estadual Prof\u00aa Godom\u00e1 Bevilacqua de Oliveira s\u00e3o escolhidos para a produ\u00e7\u00e3o do v\u00eddeo a ser exibido durante premia\u00e7\u00e3o do Programa Agrinho (Fotos: Profeta)<\/p>\n","protected":false},"author":10,"featured_media":6169,"comment_status":"closed","ping_status":"open","sticky":false,"template":"","format":"standard","meta":[],"categories":[9],"tags":[],"_links":{"self":[{"href":"http:\/\/www.apucarana.pr.gov.br\/ame\/wp-json\/wp\/v2\/posts\/6167"}],"collection":[{"href":"http:\/\/www.apucarana.pr.gov.br\/ame\/wp-json\/wp\/v2\/posts"}],"about":[{"href":"http:\/\/www.apucarana.pr.gov.br\/ame\/wp-json\/wp\/v2\/types\/post"}],"author":[{"embeddable":true,"href":"http:\/\/www.apucarana.pr.gov.br\/ame\/wp-json\/wp\/v2\/users\/10"}],"replies":[{"embeddable":true,"href":"http:\/\/www.apucarana.pr.gov.br\/ame\/wp-json\/wp\/v2\/comments?post=6167"}],"version-history":[{"count":1,"href":"http:\/\/www.apucarana.pr.gov.br\/ame\/wp-json\/wp\/v2\/posts\/6167\/revisions"}],"predecessor-version":[{"id":6175,"href":"http:\/\/www.apucarana.pr.gov.br\/ame\/wp-json\/wp\/v2\/posts\/6167\/revisions\/6175"}],"wp:featuredmedia":[{"embeddable":true,"href":"http:\/\/www.apucarana.pr.gov.br\/ame\/wp-json\/wp\/v2\/media\/6169"}],"wp:attachment":[{"href":"http:\/\/www.apucarana.pr.gov.br\/ame\/wp-json\/wp\/v2\/media?parent=6167"}],"wp:term":[{"taxonomy":"category","embeddable":true,"href":"http:\/\/www.apucarana.pr.gov.br\/ame\/wp-json\/wp\/v2\/categories?post=6167"},{"taxonomy":"post_tag","embeddable":true,"href":"http:\/\/www.apucarana.pr.gov.br\/ame\/wp-json\/wp\/v2\/tags?post=6167"}],"curies":[{"name":"wp","href":"https:\/\/api.w.org\/{rel}","templated":true}]}}