{"id":6138,"date":"2017-06-01T14:33:26","date_gmt":"2017-06-01T17:33:26","guid":{"rendered":"http:\/\/www.apucarana.pr.gov.br\/ame\/?p=6138"},"modified":"2024-10-08T09:10:26","modified_gmt":"2024-10-08T12:10:26","slug":"educacao-divulga-cardapios-das-escolas-e-cmeis-2","status":"publish","type":"post","link":"http:\/\/www.apucarana.pr.gov.br\/ame\/educacao-divulga-cardapios-das-escolas-e-cmeis-2\/","title":{"rendered":"Educa\u00e7\u00e3o divulga card\u00e1pios das Escolas e CMEIs"},"content":{"rendered":"<p>Centros Municipais de Educa\u00e7\u00e3o Infantil (CMEIs) \u2013 alunos de 4 a 12 meses:<\/p>\n<p><img loading=\"lazy\" class=\"alignnone size-full wp-image-6139\" src=\"http:\/\/www.apucarana.pr.gov.br\/ame\/wp-content\/uploads\/2017\/06\/CARD\u00c1PIO-CMEI-4-A-12-MESES-JUNHO-2017-1.jpg\" alt=\"\" width=\"842\" height=\"595\" \/> <img loading=\"lazy\" class=\"alignnone size-medium wp-image-6140\" src=\"http:\/\/www.apucarana.pr.gov.br\/ame\/wp-content\/uploads\/2017\/06\/CARD\u00c1PIO-CMEI-4-A-12-MESES-JUNHO-2017-2.jpg\" alt=\"\" width=\"300\" height=\"212\" \/> <img loading=\"lazy\" class=\"alignnone size-medium wp-image-6141\" src=\"http:\/\/www.apucarana.pr.gov.br\/ame\/wp-content\/uploads\/2017\/06\/CARD\u00c1PIO-CMEI-4-A-12-MESES-JUNHO-2017-3.jpg\" alt=\"\" width=\"300\" height=\"212\" \/> <img loading=\"lazy\" class=\"alignnone size-medium wp-image-6142\" src=\"http:\/\/www.apucarana.pr.gov.br\/ame\/wp-content\/uploads\/2017\/06\/CARD\u00c1PIO-CMEI-4-A-12-MESES-JUNHO-2017-4.jpg\" alt=\"\" width=\"300\" height=\"212\" \/><\/p>\n<p>Centros Municipais de Educa\u00e7\u00e3o Infantil &#8211; alunos acima de 12 meses:<\/p>\n<p><img loading=\"lazy\" class=\"alignnone size-full wp-image-6144\" src=\"http:\/\/www.apucarana.pr.gov.br\/ame\/wp-content\/uploads\/2017\/06\/CARD\u00c1PIO-CMEI-ACIMA-DE-12-MESES-JUNHO-2017-1.jpg\" alt=\"\" width=\"842\" height=\"595\" \/> <img loading=\"lazy\" class=\"alignnone size-medium wp-image-6145\" src=\"http:\/\/www.apucarana.pr.gov.br\/ame\/wp-content\/uploads\/2017\/06\/CARD\u00c1PIO-CMEI-ACIMA-DE-12-MESES-JUNHO-2017-2.jpg\" alt=\"\" width=\"300\" height=\"212\" \/> <img loading=\"lazy\" class=\"alignnone size-medium wp-image-6146\" src=\"http:\/\/www.apucarana.pr.gov.br\/ame\/wp-content\/uploads\/2017\/06\/CARD\u00c1PIO-CMEI-ACIMA-DE-12-MESES-JUNHO-2017-3.jpg\" alt=\"\" width=\"300\" height=\"212\" \/> <img loading=\"lazy\" class=\"alignnone size-medium wp-image-6147\" src=\"http:\/\/www.apucarana.pr.gov.br\/ame\/wp-content\/uploads\/2017\/06\/CARD\u00c1PIO-CMEI-ACIMA-DE-12-MESES-JUNHO-2017-4.jpg\" alt=\"\" width=\"300\" height=\"212\" \/><\/p>\n<p>Educa\u00e7\u00e3o de Jovens e Adultos (EJA) &#8211; Noturno:<\/p>\n<p><img loading=\"lazy\" class=\"alignnone size-full wp-image-6153\" src=\"http:\/\/www.apucarana.pr.gov.br\/ame\/wp-content\/uploads\/2017\/06\/CARD\u00c1PIO-EJA-NOTURNO-JUNHO-2017-1.jpg\" alt=\"\" width=\"842\" height=\"595\" \/> <img loading=\"lazy\" class=\"alignnone size-medium wp-image-6154\" src=\"http:\/\/www.apucarana.pr.gov.br\/ame\/wp-content\/uploads\/2017\/06\/CARD\u00c1PIO-EJA-NOTURNO-JUNHO-2017-2.jpg\" alt=\"\" width=\"300\" height=\"212\" \/> <img loading=\"lazy\" class=\"alignnone size-medium wp-image-6155\" src=\"http:\/\/www.apucarana.pr.gov.br\/ame\/wp-content\/uploads\/2017\/06\/CARD\u00c1PIO-EJA-NOTURNO-JUNHO-2017-3.jpg\" alt=\"\" width=\"300\" height=\"212\" \/> <img loading=\"lazy\" class=\"alignnone size-medium wp-image-6156\" src=\"http:\/\/www.apucarana.pr.gov.br\/ame\/wp-content\/uploads\/2017\/06\/CARD\u00c1PIO-EJA-NOTURNO-JUNHO-2017-4.jpg\" alt=\"\" width=\"300\" height=\"212\" \/><\/p>\n<p>Escolas Municipais que funcionam Tempo Integral:<\/p>\n<p><img loading=\"lazy\" class=\"alignnone size-full wp-image-6149\" src=\"http:\/\/www.apucarana.pr.gov.br\/ame\/wp-content\/uploads\/2017\/06\/CARD\u00c1PIO-ESCOLAS-INTEGRAL-JUNHO-2017-1.jpg\" alt=\"\" width=\"842\" height=\"595\" \/> <img loading=\"lazy\" class=\"alignnone size-medium wp-image-6150\" src=\"http:\/\/www.apucarana.pr.gov.br\/ame\/wp-content\/uploads\/2017\/06\/CARD\u00c1PIO-ESCOLAS-INTEGRAL-JUNHO-2017-2.jpg\" alt=\"\" width=\"300\" height=\"212\" \/> <img loading=\"lazy\" class=\"alignnone size-medium wp-image-6151\" src=\"http:\/\/www.apucarana.pr.gov.br\/ame\/wp-content\/uploads\/2017\/06\/CARD\u00c1PIO-ESCOLAS-INTEGRAL-JUNHO-2017-3.jpg\" alt=\"\" width=\"300\" height=\"212\" \/> <img loading=\"lazy\" class=\"alignnone size-medium wp-image-6152\" src=\"http:\/\/www.apucarana.pr.gov.br\/ame\/wp-content\/uploads\/2017\/06\/CARD\u00c1PIO-ESCOLAS-INTEGRAL-JUNHO-2017-4.jpg\" alt=\"\" width=\"300\" height=\"212\" \/><\/p>\n<p>Escola Municipais que funcional em Tempo Parcial (Matutino):<\/p>\n<p><img loading=\"lazy\" class=\"alignnone size-full wp-image-6157\" src=\"http:\/\/www.apucarana.pr.gov.br\/ame\/wp-content\/uploads\/2017\/06\/CARD\u00c1PIO-MATUTINO-JUNHO-2017-1.jpg\" alt=\"\" width=\"842\" height=\"595\" \/> <img loading=\"lazy\" class=\"alignnone size-medium wp-image-6158\" src=\"http:\/\/www.apucarana.pr.gov.br\/ame\/wp-content\/uploads\/2017\/06\/CARD\u00c1PIO-MATUTINO-JUNHO-2017-2.jpg\" alt=\"\" width=\"300\" height=\"212\" \/> <img loading=\"lazy\" class=\"alignnone size-medium wp-image-6159\" src=\"http:\/\/www.apucarana.pr.gov.br\/ame\/wp-content\/uploads\/2017\/06\/CARD\u00c1PIO-MATUTINO-JUNHO-2017-3.jpg\" alt=\"\" width=\"300\" height=\"212\" \/> <img loading=\"lazy\" class=\"alignnone size-medium wp-image-6160\" src=\"http:\/\/www.apucarana.pr.gov.br\/ame\/wp-content\/uploads\/2017\/06\/CARD\u00c1PIO-MATUTINO-JUNHO-2017-4.jpg\" alt=\"\" width=\"300\" height=\"212\" \/><\/p>\n<p>Escolas Municipais que funcionam em Tempo Parcial (Vespertino):<\/p>\n<p><img loading=\"lazy\" class=\"alignnone size-full wp-image-6161\" src=\"http:\/\/www.apucarana.pr.gov.br\/ame\/wp-content\/uploads\/2017\/06\/CARD\u00c1PIO-VESPERTINO-JUNHO-2017-1.jpg\" alt=\"\" width=\"842\" height=\"595\" \/> <img loading=\"lazy\" class=\"alignnone size-medium wp-image-6162\" src=\"http:\/\/www.apucarana.pr.gov.br\/ame\/wp-content\/uploads\/2017\/06\/CARD\u00c1PIO-VESPERTINO-JUNHO-2017-2.jpg\" alt=\"\" width=\"300\" height=\"212\" \/> <img loading=\"lazy\" class=\"alignnone size-medium wp-image-6163\" src=\"http:\/\/www.apucarana.pr.gov.br\/ame\/wp-content\/uploads\/2017\/06\/CARD\u00c1PIO-VESPERTINO-JUNHO-2017-3.jpg\" alt=\"\" width=\"300\" height=\"212\" \/><\/p>\n<div class = 'socialMediaOnEveryPost'>Compartilhe<div id=\"sgmbShare1-1\" class=\"sgmbShare jssocials-theme-classic sgmbWidget1-1\"><\/div><div class=\"dropdownWrapper dropdownWrapper1 dropdownWrapper-for-widget \" id=\"dropdownWrapper-for-widget\">\r\n\t\t\t\t\t\t<div class=\"dropdownLabel\" id=\"dropdownLabel-share-list\"><span class=\"sgmbButtonListLabel1\">Share List<\/span><\/div>\r\n\t\t\t\t\t\t<div class=\"dropdownPanel dropdownPanel1-1\">\r\n\t\t\t\t\t\t<\/div>\r\n\t\t\t\t\t<\/div><script>  SGMB_URL = \"http:\/\/www.apucarana.pr.gov.br\/ame\/wp-content\/plugins\/social-media-builder\/\"; jQuery(\".dropdownWrapper\").hide(); SGMB_GOOGLE_ACOUNT = \"\"; <\/script><script type=\"text\/javascript\">\r\n\t\tjQuery(document).ready(function($){var widget = new SGMBWidget();widget.show({\"id\":\"1\",\"title\":\"Face\\\/Twitter\",\"options\":{\"currentUrl\":\"1\",\"url\":\"\",\"shareText\":\"\",\"fontSize\":\"14\",\"betweenButtons\":\"1px\",\"theme\":\"classic\",\"sgmbButtonsPosition\":\"bottomLeft\",\"socialTheme\":\"\",\"icon\":\"default\",\"buttonsPanelEffect\":\"No Effect\",\"buttonsEffect\":\"No Effect\",\"iconsEffect\":\"No Effect\",\"buttons\":\"{\\\"facebook\\\":{\\\"label\\\":\\\"Share\\\",\\\"icon\\\":\\\"default-facebook\\\"},\\\"twitter\\\":{\\\"label\\\":\\\"Tweet\\\",\\\"icon\\\":\\\"default-twitter\\\",\\\"via\\\":\\\"\\\",\\\"hashtags\\\":\\\"\\\"}}\",\"roundButton\":\"\",\"showLabels\":\"\",\"showCounts\":\"\",\"showCenter\":\"\",\"showButtonsAsList\":\"\",\"sgmbDropdownColor\":\"\",\"sgmbDropdownLabelFontSize\":\"14\",\"sgmbDropdownLabelColor\":\"\",\"showButtonsOnEveryPost\":\"on\",\"selectedOrExcluded\":\"\",\"showButtonsOnEveryPage\":\"\",\"textOnEveryPost\":\"Compartilhe\",\"showButtonsOnCustomPost\":\"\",\"textOnCustomPost\":\"\",\"showButtonsOnMobileDirect\":\"on\",\"showButtonsOnDesktopDirect\":\"on\",\"sgmbSelectedPages\":[\"\"],\"sgmbExcludedPosts\":[\"\"],\"sgmbSelectedCustomPosts\":[],\"showButtonsInPopup\":\"\",\"titleOfPopup\":\"\",\"descriptionOfPopup\":\"\",\"showPopupOnLoad\":\"\",\"showPopupOnScroll\":\"\",\"showPopupOnExit\":\"\",\"openSecondsOfPopup\":\"\",\"googleAnaliticsAccount\":\"\"},\"buttonOptions\":{\"facebook\":{\"label\":\"Share\",\"icon\":\"default-facebook\"},\"twitter\":{\"label\":\"Tweet\",\"icon\":\"default-twitter\",\"via\":\"\",\"hashtags\":\"\"}},\"button\":[\"facebook\",\"twitter\"]}, 1, '', 'http:\/\/www.apucarana.pr.gov.br\/ame\/wp-content\/uploads\/2017\/06\/card\u00e1pioJUNHO-1.png', '', 'http:\/\/www.apucarana.pr.gov.br\/ame\/educacao-divulga-cardapios-das-escolas-e-cmeis-2\/'); });<\/script><\/div><script> jQuery(\".socialMediaOnEveryPost\").addClass(\"sgmb-left\") <\/script>","protected":false},"excerpt":{"rendered":"<p>Os menus s\u00e3o para o m\u00eas de junho e est\u00e3o divididos segundo a faixa et\u00e1ria dos alunos<\/p>\n","protected":false},"author":10,"featured_media":6166,"comment_status":"closed","ping_status":"open","sticky":false,"template":"","format":"standard","meta":[],"categories":[9],"tags":[],"_links":{"self":[{"href":"http:\/\/www.apucarana.pr.gov.br\/ame\/wp-json\/wp\/v2\/posts\/6138"}],"collection":[{"href":"http:\/\/www.apucarana.pr.gov.br\/ame\/wp-json\/wp\/v2\/posts"}],"about":[{"href":"http:\/\/www.apucarana.pr.gov.br\/ame\/wp-json\/wp\/v2\/types\/post"}],"author":[{"embeddable":true,"href":"http:\/\/www.apucarana.pr.gov.br\/ame\/wp-json\/wp\/v2\/users\/10"}],"replies":[{"embeddable":true,"href":"http:\/\/www.apucarana.pr.gov.br\/ame\/wp-json\/wp\/v2\/comments?post=6138"}],"version-history":[{"count":1,"href":"http:\/\/www.apucarana.pr.gov.br\/ame\/wp-json\/wp\/v2\/posts\/6138\/revisions"}],"predecessor-version":[{"id":6165,"href":"http:\/\/www.apucarana.pr.gov.br\/ame\/wp-json\/wp\/v2\/posts\/6138\/revisions\/6165"}],"wp:featuredmedia":[{"embeddable":true,"href":"http:\/\/www.apucarana.pr.gov.br\/ame\/wp-json\/wp\/v2\/media\/6166"}],"wp:attachment":[{"href":"http:\/\/www.apucarana.pr.gov.br\/ame\/wp-json\/wp\/v2\/media?parent=6138"}],"wp:term":[{"taxonomy":"category","embeddable":true,"href":"http:\/\/www.apucarana.pr.gov.br\/ame\/wp-json\/wp\/v2\/categories?post=6138"},{"taxonomy":"post_tag","embeddable":true,"href":"http:\/\/www.apucarana.pr.gov.br\/ame\/wp-json\/wp\/v2\/tags?post=6138"}],"curies":[{"name":"wp","href":"https:\/\/api.w.org\/{rel}","templated":true}]}}