{"id":6133,"date":"2017-05-26T16:24:01","date_gmt":"2017-05-26T19:24:01","guid":{"rendered":"http:\/\/www.apucarana.pr.gov.br\/ame\/?p=6133"},"modified":"2024-10-08T09:10:26","modified_gmt":"2024-10-08T12:10:26","slug":"melhores-receitas-da-alimentacao-escolar-inclui-prato-criado-por-merendeira-de-apucarana","status":"publish","type":"post","link":"http:\/\/www.apucarana.pr.gov.br\/ame\/melhores-receitas-da-alimentacao-escolar-inclui-prato-criado-por-merendeira-de-apucarana\/","title":{"rendered":"\u201cMelhores Receitas da Alimenta\u00e7\u00e3o Escolar\u201d inclui prato criado por merendeira de Apucarana"},"content":{"rendered":"<p>O Fundo Nacional de Desenvolvimento da Educa\u00e7\u00e3o realiza, anualmente, um concurso para a sele\u00e7\u00e3o das melhores receitas culin\u00e1rias elaboradas por merendeiras das escolas p\u00fablicas. Em 2016, a concorr\u00eancia envolveu de 2.433 participantes de todo o pa\u00eds.<\/p>\n<p>A merendeira Nilsa Moraes Ribeiro Pereira, da Escola Municipal Doutor Joaquim Vicente de Castro, participou do concurso com o Estrogonofe de Legumes. O prato criado por ela destacou-se e foi selecionado para integrar o livro \u201cMelhores Receitas da Alimenta\u00e7\u00e3o Escolar\u201d, publicado pelo FNDE.<\/p>\n<p>\u201cN\u00e3o \u00e9 f\u00e1cil construir um card\u00e1pio que seja ao mesmo saud\u00e1vel e saboroso ao paladar das crian\u00e7as. N\u00f3s parabenizamos e agradecemos \u00e0 servidora por seu comprometimento com a educa\u00e7\u00e3o alimentar os nossos alunos,\u201d congratulou a secret\u00e1ria municipal de Educa\u00e7\u00e3o, professora Marli Fernandes.<\/p>\n<p>Nilsa aposentou-se em janeiro, depois de contribuir por 15 anos para a Rede Municipal de Ensino.<\/p>\n<p>Para a cria\u00e7\u00e3o do Estrogonofe de Legumes, a merendeira contou com a orienta\u00e7\u00e3o das nutricionistas Jaqueline de Oliveira, Laryssa Kapasi e Deise Figueiredo, que fazem parte do Departamento de Alimenta\u00e7\u00e3o Escolar, da Autarquia Municipal de Educa\u00e7\u00e3o.<\/p>\n<p>\u201cEssa receita \u00e9 rica em vitaminas e minerais que regulam as fun\u00e7\u00f5es do organismo,\u00a0 al\u00e9m de conter fibras e antioxidantes que previnem doen\u00e7as cancer\u00edgenas,\u201d detalhou Laryssa. Ela ainda acrescenta que todos os produtos usados no preparo s\u00e3o provenientes da agricultura familiar.<\/p>\n<p><strong>Estrogonofe de Legumes<\/strong><\/p>\n<p>Ingredientes:<\/p>\n<p>&#8211; 1 x\u00edcara de ch\u00e1 de abobrinha italiana;<\/p>\n<p>&#8211; 1 x\u00edcara de ch\u00e1 de batata inglesa;<\/p>\n<p>&#8211; 1 x\u00edcara de ch\u00e1 de cenoura;<\/p>\n<p>&#8211; 1 x\u00edcara de ch\u00e1 de chuchu;<\/p>\n<p>&#8211; 1 unidade grande de tomate vermelho;<\/p>\n<p>&#8211; 2 colheres de caf\u00e9 de \u00f3leo de milho;<\/p>\n<p>&#8211; 1 cabe\u00e7a pequena de cebolinha;<\/p>\n<p>&#8211; 3 dentes grandes de alho;<\/p>\n<p>&#8211; 1 x\u00edcara de ch\u00e1 de salsinha;<\/p>\n<p>&#8211; 1 x\u00edcara de creme de leite.<\/p>\n<p>Modo de Preparo<\/p>\n<ol>\n<li>Doure a cebola e o alho no \u00f3leo vegetal, junte os vegetais cozidos. Em seguida, adicione os tomates.<\/li>\n<li>Ferva por 5 minutos. Adicione por \u00faltimo o creme de leite.<\/li>\n<li>Misture bem e antes de servir jogue a salsinha picada. Sirva em seguida.<\/li>\n<\/ol>\n<p>&nbsp;<\/p>\n<div class = 'socialMediaOnEveryPost'>Compartilhe<div id=\"sgmbShare1-1\" class=\"sgmbShare jssocials-theme-classic sgmbWidget1-1\"><\/div><div class=\"dropdownWrapper dropdownWrapper1 dropdownWrapper-for-widget \" id=\"dropdownWrapper-for-widget\">\r\n\t\t\t\t\t\t<div class=\"dropdownLabel\" id=\"dropdownLabel-share-list\"><span class=\"sgmbButtonListLabel1\">Share List<\/span><\/div>\r\n\t\t\t\t\t\t<div class=\"dropdownPanel dropdownPanel1-1\">\r\n\t\t\t\t\t\t<\/div>\r\n\t\t\t\t\t<\/div><script>  SGMB_URL = \"http:\/\/www.apucarana.pr.gov.br\/ame\/wp-content\/plugins\/social-media-builder\/\"; jQuery(\".dropdownWrapper\").hide(); SGMB_GOOGLE_ACOUNT = \"\"; <\/script><script type=\"text\/javascript\">\r\n\t\tjQuery(document).ready(function($){var widget = new SGMBWidget();widget.show({\"id\":\"1\",\"title\":\"Face\\\/Twitter\",\"options\":{\"currentUrl\":\"1\",\"url\":\"\",\"shareText\":\"\",\"fontSize\":\"14\",\"betweenButtons\":\"1px\",\"theme\":\"classic\",\"sgmbButtonsPosition\":\"bottomLeft\",\"socialTheme\":\"\",\"icon\":\"default\",\"buttonsPanelEffect\":\"No Effect\",\"buttonsEffect\":\"No Effect\",\"iconsEffect\":\"No Effect\",\"buttons\":\"{\\\"facebook\\\":{\\\"label\\\":\\\"Share\\\",\\\"icon\\\":\\\"default-facebook\\\"},\\\"twitter\\\":{\\\"label\\\":\\\"Tweet\\\",\\\"icon\\\":\\\"default-twitter\\\",\\\"via\\\":\\\"\\\",\\\"hashtags\\\":\\\"\\\"}}\",\"roundButton\":\"\",\"showLabels\":\"\",\"showCounts\":\"\",\"showCenter\":\"\",\"showButtonsAsList\":\"\",\"sgmbDropdownColor\":\"\",\"sgmbDropdownLabelFontSize\":\"14\",\"sgmbDropdownLabelColor\":\"\",\"showButtonsOnEveryPost\":\"on\",\"selectedOrExcluded\":\"\",\"showButtonsOnEveryPage\":\"\",\"textOnEveryPost\":\"Compartilhe\",\"showButtonsOnCustomPost\":\"\",\"textOnCustomPost\":\"\",\"showButtonsOnMobileDirect\":\"on\",\"showButtonsOnDesktopDirect\":\"on\",\"sgmbSelectedPages\":[\"\"],\"sgmbExcludedPosts\":[\"\"],\"sgmbSelectedCustomPosts\":[],\"showButtonsInPopup\":\"\",\"titleOfPopup\":\"\",\"descriptionOfPopup\":\"\",\"showPopupOnLoad\":\"\",\"showPopupOnScroll\":\"\",\"showPopupOnExit\":\"\",\"openSecondsOfPopup\":\"\",\"googleAnaliticsAccount\":\"\"},\"buttonOptions\":{\"facebook\":{\"label\":\"Share\",\"icon\":\"default-facebook\"},\"twitter\":{\"label\":\"Tweet\",\"icon\":\"default-twitter\",\"via\":\"\",\"hashtags\":\"\"}},\"button\":[\"facebook\",\"twitter\"]}, 1, '', 'http:\/\/www.apucarana.pr.gov.br\/ame\/wp-content\/uploads\/2017\/05\/Banner_concurso_merendeiras.jpg', '', 'http:\/\/www.apucarana.pr.gov.br\/ame\/melhores-receitas-da-alimentacao-escolar-inclui-prato-criado-por-merendeira-de-apucarana\/'); });<\/script><\/div><script> jQuery(\".socialMediaOnEveryPost\").addClass(\"sgmb-left\") <\/script>","protected":false},"excerpt":{"rendered":"<p>Nilsa Moraes Ribeiro Pereira, da Escola Municipal Dr. Joaquim Vicente de Castro, cria estrogonofe de legumes e conquista o paladar das crian\u00e7as <\/p>\n","protected":false},"author":10,"featured_media":6134,"comment_status":"closed","ping_status":"open","sticky":false,"template":"","format":"standard","meta":[],"categories":[9],"tags":[],"_links":{"self":[{"href":"http:\/\/www.apucarana.pr.gov.br\/ame\/wp-json\/wp\/v2\/posts\/6133"}],"collection":[{"href":"http:\/\/www.apucarana.pr.gov.br\/ame\/wp-json\/wp\/v2\/posts"}],"about":[{"href":"http:\/\/www.apucarana.pr.gov.br\/ame\/wp-json\/wp\/v2\/types\/post"}],"author":[{"embeddable":true,"href":"http:\/\/www.apucarana.pr.gov.br\/ame\/wp-json\/wp\/v2\/users\/10"}],"replies":[{"embeddable":true,"href":"http:\/\/www.apucarana.pr.gov.br\/ame\/wp-json\/wp\/v2\/comments?post=6133"}],"version-history":[{"count":1,"href":"http:\/\/www.apucarana.pr.gov.br\/ame\/wp-json\/wp\/v2\/posts\/6133\/revisions"}],"predecessor-version":[{"id":6135,"href":"http:\/\/www.apucarana.pr.gov.br\/ame\/wp-json\/wp\/v2\/posts\/6133\/revisions\/6135"}],"wp:featuredmedia":[{"embeddable":true,"href":"http:\/\/www.apucarana.pr.gov.br\/ame\/wp-json\/wp\/v2\/media\/6134"}],"wp:attachment":[{"href":"http:\/\/www.apucarana.pr.gov.br\/ame\/wp-json\/wp\/v2\/media?parent=6133"}],"wp:term":[{"taxonomy":"category","embeddable":true,"href":"http:\/\/www.apucarana.pr.gov.br\/ame\/wp-json\/wp\/v2\/categories?post=6133"},{"taxonomy":"post_tag","embeddable":true,"href":"http:\/\/www.apucarana.pr.gov.br\/ame\/wp-json\/wp\/v2\/tags?post=6133"}],"curies":[{"name":"wp","href":"https:\/\/api.w.org\/{rel}","templated":true}]}}