{"id":6129,"date":"2017-05-26T14:10:33","date_gmt":"2017-05-26T17:10:33","guid":{"rendered":"http:\/\/www.apucarana.pr.gov.br\/ame\/?p=6129"},"modified":"2024-10-08T09:10:26","modified_gmt":"2024-10-08T12:10:26","slug":"planos-de-educacao-devem-ser-avaliados-e-monitorados","status":"publish","type":"post","link":"http:\/\/www.apucarana.pr.gov.br\/ame\/planos-de-educacao-devem-ser-avaliados-e-monitorados\/","title":{"rendered":"Planos de Educa\u00e7\u00e3o devem ser avaliados e monitorados"},"content":{"rendered":"<p>A presidente da Uni\u00e3o Nacional dos Dirigentes Municipais de Educa\u00e7\u00e3o (UNDIME-PR) e secret\u00e1ria municipal de Educa\u00e7\u00e3o de Apucarana, professora Marli Fernandes, participou hoje (26) da Forma\u00e7\u00e3o para a Metodologia de Monitoramento e Avalia\u00e7\u00e3o dos Planos de Educa\u00e7\u00e3o.<\/p>\n<p>O curso foi realizado em Curitiba e promovido pela Rede de Assist\u00eancia T\u00e9cnica para Monitoramento e Avalia\u00e7\u00e3o dos Planos de Educa\u00e7\u00e3o do Paran\u00e1, uma a\u00e7\u00e3o conjunta entre a UNDIME-PR, a SEED-PR (Secretaria de Estado da Educa\u00e7\u00e3o) e a DICOPE (Diretoria de Coopera\u00e7\u00e3o e Planos de Educa\u00e7\u00e3o, da Secretaria de Articula\u00e7\u00e3o com os Sistemas de Ensino \u2013 SASE-MEC). O coordenador da Rede no Paran\u00e1, professor Maur\u00edcio Pastor dos Santos, ministrou a forma\u00e7\u00e3o.<\/p>\n<p>A import\u00e2ncia da capacita\u00e7\u00e3o foi destacada pela Professora Marli Fernandes. \u201cOs Planos de Educa\u00e7\u00e3o prop\u00f5em um planejamento para o ensino nos munic\u00edpios, nos estados e no pa\u00eds, da educa\u00e7\u00e3o infantil aos cursos de n\u00edvel superior, envolvendo as redes p\u00fablica e privada. Se monitorarmos e avaliarmos os documentos com seriedade, a qualidade da educa\u00e7\u00e3o saltar\u00e1 nos pr\u00f3ximos anos,\u201d garantiu.<\/p>\n<p>O p\u00fablico-alvo da forma\u00e7\u00e3o envolveu representantes de diversas entidades, como Universidade Federal do Paran\u00e1 (UFPR), Federa\u00e7\u00e3o das APAES, Minist\u00e9rio P\u00fablico (MP), Tribunal de Contas do Estado (TCE), Instituto Paranaense de Desenvolvimento Econ\u00f4mico de Social (IPARDES), Secretaria Estadual da Ci\u00eancia, Tecnologia e Ensino Superior (SETI), Sindicato das Escolas Particulares do Paran\u00e1 (SINEPE), Conselho Estadual de Educa\u00e7\u00e3o (CEE) e Uni\u00e3o dos Conselhos Municipais de Educa\u00e7\u00e3o (UNCME).<\/p>\n<div class = 'socialMediaOnEveryPost'>Compartilhe<div id=\"sgmbShare1-1\" class=\"sgmbShare jssocials-theme-classic sgmbWidget1-1\"><\/div><div class=\"dropdownWrapper dropdownWrapper1 dropdownWrapper-for-widget \" id=\"dropdownWrapper-for-widget\">\r\n\t\t\t\t\t\t<div class=\"dropdownLabel\" id=\"dropdownLabel-share-list\"><span class=\"sgmbButtonListLabel1\">Share List<\/span><\/div>\r\n\t\t\t\t\t\t<div class=\"dropdownPanel dropdownPanel1-1\">\r\n\t\t\t\t\t\t<\/div>\r\n\t\t\t\t\t<\/div><script>  SGMB_URL = \"http:\/\/www.apucarana.pr.gov.br\/ame\/wp-content\/plugins\/social-media-builder\/\"; jQuery(\".dropdownWrapper\").hide(); SGMB_GOOGLE_ACOUNT = \"\"; <\/script><script type=\"text\/javascript\">\r\n\t\tjQuery(document).ready(function($){var widget = new SGMBWidget();widget.show({\"id\":\"1\",\"title\":\"Face\\\/Twitter\",\"options\":{\"currentUrl\":\"1\",\"url\":\"\",\"shareText\":\"\",\"fontSize\":\"14\",\"betweenButtons\":\"1px\",\"theme\":\"classic\",\"sgmbButtonsPosition\":\"bottomLeft\",\"socialTheme\":\"\",\"icon\":\"default\",\"buttonsPanelEffect\":\"No Effect\",\"buttonsEffect\":\"No Effect\",\"iconsEffect\":\"No Effect\",\"buttons\":\"{\\\"facebook\\\":{\\\"label\\\":\\\"Share\\\",\\\"icon\\\":\\\"default-facebook\\\"},\\\"twitter\\\":{\\\"label\\\":\\\"Tweet\\\",\\\"icon\\\":\\\"default-twitter\\\",\\\"via\\\":\\\"\\\",\\\"hashtags\\\":\\\"\\\"}}\",\"roundButton\":\"\",\"showLabels\":\"\",\"showCounts\":\"\",\"showCenter\":\"\",\"showButtonsAsList\":\"\",\"sgmbDropdownColor\":\"\",\"sgmbDropdownLabelFontSize\":\"14\",\"sgmbDropdownLabelColor\":\"\",\"showButtonsOnEveryPost\":\"on\",\"selectedOrExcluded\":\"\",\"showButtonsOnEveryPage\":\"\",\"textOnEveryPost\":\"Compartilhe\",\"showButtonsOnCustomPost\":\"\",\"textOnCustomPost\":\"\",\"showButtonsOnMobileDirect\":\"on\",\"showButtonsOnDesktopDirect\":\"on\",\"sgmbSelectedPages\":[\"\"],\"sgmbExcludedPosts\":[\"\"],\"sgmbSelectedCustomPosts\":[],\"showButtonsInPopup\":\"\",\"titleOfPopup\":\"\",\"descriptionOfPopup\":\"\",\"showPopupOnLoad\":\"\",\"showPopupOnScroll\":\"\",\"showPopupOnExit\":\"\",\"openSecondsOfPopup\":\"\",\"googleAnaliticsAccount\":\"\"},\"buttonOptions\":{\"facebook\":{\"label\":\"Share\",\"icon\":\"default-facebook\"},\"twitter\":{\"label\":\"Tweet\",\"icon\":\"default-twitter\",\"via\":\"\",\"hashtags\":\"\"}},\"button\":[\"facebook\",\"twitter\"]}, 1, '', 'http:\/\/www.apucarana.pr.gov.br\/ame\/wp-content\/uploads\/2017\/05\/Forma\u00e7\u00e3o-continuada-em-Curitiba-260517.jpg', '', 'http:\/\/www.apucarana.pr.gov.br\/ame\/planos-de-educacao-devem-ser-avaliados-e-monitorados\/'); });<\/script><\/div><script> jQuery(\".socialMediaOnEveryPost\").addClass(\"sgmb-left\") <\/script>","protected":false},"excerpt":{"rendered":"<p>Professora Marli Fernandes participa de forma\u00e7\u00e3o sobre a metodologia do MEC para o acompanhamento dos documentos<\/p>\n","protected":false},"author":10,"featured_media":6130,"comment_status":"closed","ping_status":"open","sticky":false,"template":"","format":"standard","meta":[],"categories":[9],"tags":[],"_links":{"self":[{"href":"http:\/\/www.apucarana.pr.gov.br\/ame\/wp-json\/wp\/v2\/posts\/6129"}],"collection":[{"href":"http:\/\/www.apucarana.pr.gov.br\/ame\/wp-json\/wp\/v2\/posts"}],"about":[{"href":"http:\/\/www.apucarana.pr.gov.br\/ame\/wp-json\/wp\/v2\/types\/post"}],"author":[{"embeddable":true,"href":"http:\/\/www.apucarana.pr.gov.br\/ame\/wp-json\/wp\/v2\/users\/10"}],"replies":[{"embeddable":true,"href":"http:\/\/www.apucarana.pr.gov.br\/ame\/wp-json\/wp\/v2\/comments?post=6129"}],"version-history":[{"count":1,"href":"http:\/\/www.apucarana.pr.gov.br\/ame\/wp-json\/wp\/v2\/posts\/6129\/revisions"}],"predecessor-version":[{"id":6132,"href":"http:\/\/www.apucarana.pr.gov.br\/ame\/wp-json\/wp\/v2\/posts\/6129\/revisions\/6132"}],"wp:featuredmedia":[{"embeddable":true,"href":"http:\/\/www.apucarana.pr.gov.br\/ame\/wp-json\/wp\/v2\/media\/6130"}],"wp:attachment":[{"href":"http:\/\/www.apucarana.pr.gov.br\/ame\/wp-json\/wp\/v2\/media?parent=6129"}],"wp:term":[{"taxonomy":"category","embeddable":true,"href":"http:\/\/www.apucarana.pr.gov.br\/ame\/wp-json\/wp\/v2\/categories?post=6129"},{"taxonomy":"post_tag","embeddable":true,"href":"http:\/\/www.apucarana.pr.gov.br\/ame\/wp-json\/wp\/v2\/tags?post=6129"}],"curies":[{"name":"wp","href":"https:\/\/api.w.org\/{rel}","templated":true}]}}