{"id":6124,"date":"2017-05-23T16:45:21","date_gmt":"2017-05-23T19:45:21","guid":{"rendered":"http:\/\/www.apucarana.pr.gov.br\/ame\/?p=6124"},"modified":"2024-10-08T09:10:26","modified_gmt":"2024-10-08T12:10:26","slug":"vacinacao-contra-a-gripe-ganha-reforco-da-educacao","status":"publish","type":"post","link":"http:\/\/www.apucarana.pr.gov.br\/ame\/vacinacao-contra-a-gripe-ganha-reforco-da-educacao\/","title":{"rendered":"Vacina\u00e7\u00e3o contra a gripe ganha refor\u00e7o da Educa\u00e7\u00e3o"},"content":{"rendered":"<p>A campanha de preven\u00e7\u00e3o contra a gripe terminar\u00e1 na pr\u00f3xima sexta-feira (26), mas muitos apucaranenses ainda n\u00e3o levaram seus filhos \u00e0s Unidades B\u00e1sicas de Sa\u00fade para receberem a vacina. Crian\u00e7as com idades entre 6 meses e 5 anos incompletos fazem parte do grupo de risco que t\u00eam direito \u00e0 dose gratuita.<\/p>\n<p>\u201cA nossa meta \u00e9 imunizar 7.500 crian\u00e7as nessa faixa et\u00e1ria, mas alcan\u00e7amos apenas 55,02% at\u00e9 o momento. Em outras palavras, ainda faltam aproximadamente 3.000 crian\u00e7as por vacinar,\u201d detalhou o prefeito Beto Preto.<\/p>\n<p>Para sensibilizar os pais sobre a import\u00e2ncia de vacinarem seus filhos, a Autarquia Municipal de Educa\u00e7\u00e3o est\u00e1 somando esfor\u00e7os com a Autarquia Municipal de Sa\u00fade. \u201cN\u00f3s realizamos uma reuni\u00e3o, na tarde de ontem (23), com as diretoras das 37 Escolas e 23 CMEIs da rede municipal e pedimos que elas verifiquem as carteirinhas de vacina\u00e7\u00e3o dos alunos e alertem os respons\u00e1veis pelas crian\u00e7as ainda n\u00e3o imunizadas,\u201d disse a secret\u00e1ria de Educa\u00e7\u00e3o, professora Marli Fernandes.<\/p>\n<p>O superintendente do Departamento de Aten\u00e7\u00e3o B\u00e1sica da Autarquia Municipal de Sa\u00fade, Marcelo Viana, garantiu a seguran\u00e7a da vacina. \u201cQuando existe alguma rea\u00e7\u00e3o \u00e9 porque o v\u00edrus j\u00e1 estava incubado. Mas a vacina\u00e7\u00e3o anual \u00e9 importante porque previne complica\u00e7\u00f5es, como pneumonias,\u201d afirmou.<\/p>\n<p>Equipes da Autarquia de Sa\u00fade tamb\u00e9m podem levar a vacina para as unidades de ensino onde exista demanda da comunidade. \u201cMas nenhuma crian\u00e7a receber\u00e1 a dose sem a presen\u00e7a de um familiar respons\u00e1vel. A autoriza\u00e7\u00e3o dos pais \u00e9 imprescind\u00edvel,\u201d explicou Marcelo.<\/p>\n<p><strong>Professores<\/strong> \u2013 Neste ano, os professores das redes p\u00fablica e privada tamb\u00e9m foram inclu\u00eddos no grupo de risco. Eles t\u00eam direito \u00e0 dose desde que estejam atuando em sala de aula.<\/p>\n<p>A vacina contra a gripe est\u00e1 dispon\u00edvel at\u00e9 a pr\u00f3xima sexta-feira (26), entre 8 e 16 horas, em todas as Unidades B\u00e1sicas de Sa\u00fade com sala de vacina. Apenas seis n\u00e3o contam com essa estrutura: UBS Julia Reczkowski, do N\u00facleo Habitacional Marcos Freire; UBS Rute Eug\u00eanio, do Jardim Vale Verde; UBS Philipe Weckewerth, no Jardim Milani; UBS Rodrigo Yoshi Tramontil, da Vila Apucaraninha; UBS Jo\u00e3o Marioto, na Vila Formosa; e Elayne Mazur, no Jardim Interlagos. A Escola da Gestante tamb\u00e9m disponibiliza a vacina contra gripe para mulheres gr\u00e1vidas e pu\u00e9rperas que recebem atendimento no local.<\/p>\n<div class = 'socialMediaOnEveryPost'>Compartilhe<div id=\"sgmbShare1-1\" class=\"sgmbShare jssocials-theme-classic sgmbWidget1-1\"><\/div><div class=\"dropdownWrapper dropdownWrapper1 dropdownWrapper-for-widget \" id=\"dropdownWrapper-for-widget\">\r\n\t\t\t\t\t\t<div class=\"dropdownLabel\" id=\"dropdownLabel-share-list\"><span class=\"sgmbButtonListLabel1\">Share List<\/span><\/div>\r\n\t\t\t\t\t\t<div class=\"dropdownPanel dropdownPanel1-1\">\r\n\t\t\t\t\t\t<\/div>\r\n\t\t\t\t\t<\/div><script>  SGMB_URL = \"http:\/\/www.apucarana.pr.gov.br\/ame\/wp-content\/plugins\/social-media-builder\/\"; jQuery(\".dropdownWrapper\").hide(); SGMB_GOOGLE_ACOUNT = \"\"; <\/script><script type=\"text\/javascript\">\r\n\t\tjQuery(document).ready(function($){var widget = new SGMBWidget();widget.show({\"id\":\"1\",\"title\":\"Face\\\/Twitter\",\"options\":{\"currentUrl\":\"1\",\"url\":\"\",\"shareText\":\"\",\"fontSize\":\"14\",\"betweenButtons\":\"1px\",\"theme\":\"classic\",\"sgmbButtonsPosition\":\"bottomLeft\",\"socialTheme\":\"\",\"icon\":\"default\",\"buttonsPanelEffect\":\"No Effect\",\"buttonsEffect\":\"No Effect\",\"iconsEffect\":\"No Effect\",\"buttons\":\"{\\\"facebook\\\":{\\\"label\\\":\\\"Share\\\",\\\"icon\\\":\\\"default-facebook\\\"},\\\"twitter\\\":{\\\"label\\\":\\\"Tweet\\\",\\\"icon\\\":\\\"default-twitter\\\",\\\"via\\\":\\\"\\\",\\\"hashtags\\\":\\\"\\\"}}\",\"roundButton\":\"\",\"showLabels\":\"\",\"showCounts\":\"\",\"showCenter\":\"\",\"showButtonsAsList\":\"\",\"sgmbDropdownColor\":\"\",\"sgmbDropdownLabelFontSize\":\"14\",\"sgmbDropdownLabelColor\":\"\",\"showButtonsOnEveryPost\":\"on\",\"selectedOrExcluded\":\"\",\"showButtonsOnEveryPage\":\"\",\"textOnEveryPost\":\"Compartilhe\",\"showButtonsOnCustomPost\":\"\",\"textOnCustomPost\":\"\",\"showButtonsOnMobileDirect\":\"on\",\"showButtonsOnDesktopDirect\":\"on\",\"sgmbSelectedPages\":[\"\"],\"sgmbExcludedPosts\":[\"\"],\"sgmbSelectedCustomPosts\":[],\"showButtonsInPopup\":\"\",\"titleOfPopup\":\"\",\"descriptionOfPopup\":\"\",\"showPopupOnLoad\":\"\",\"showPopupOnScroll\":\"\",\"showPopupOnExit\":\"\",\"openSecondsOfPopup\":\"\",\"googleAnaliticsAccount\":\"\"},\"buttonOptions\":{\"facebook\":{\"label\":\"Share\",\"icon\":\"default-facebook\"},\"twitter\":{\"label\":\"Tweet\",\"icon\":\"default-twitter\",\"via\":\"\",\"hashtags\":\"\"}},\"button\":[\"facebook\",\"twitter\"]}, 1, '', 'http:\/\/www.apucarana.pr.gov.br\/ame\/wp-content\/uploads\/2017\/05\/REUNI\u00c3OPROFETA-5.jpg', '', 'http:\/\/www.apucarana.pr.gov.br\/ame\/vacinacao-contra-a-gripe-ganha-reforco-da-educacao\/'); });<\/script><\/div><script> jQuery(\".socialMediaOnEveryPost\").addClass(\"sgmb-left\") <\/script>","protected":false},"excerpt":{"rendered":"<p>Professores das Escolas e CMEIs municipais orientam pais de alunos sobre a import\u00e2ncia de imunizar as crian\u00e7as (Fotos: Profeta)<\/p>\n","protected":false},"author":10,"featured_media":6127,"comment_status":"closed","ping_status":"open","sticky":false,"template":"","format":"standard","meta":[],"categories":[9],"tags":[],"_links":{"self":[{"href":"http:\/\/www.apucarana.pr.gov.br\/ame\/wp-json\/wp\/v2\/posts\/6124"}],"collection":[{"href":"http:\/\/www.apucarana.pr.gov.br\/ame\/wp-json\/wp\/v2\/posts"}],"about":[{"href":"http:\/\/www.apucarana.pr.gov.br\/ame\/wp-json\/wp\/v2\/types\/post"}],"author":[{"embeddable":true,"href":"http:\/\/www.apucarana.pr.gov.br\/ame\/wp-json\/wp\/v2\/users\/10"}],"replies":[{"embeddable":true,"href":"http:\/\/www.apucarana.pr.gov.br\/ame\/wp-json\/wp\/v2\/comments?post=6124"}],"version-history":[{"count":1,"href":"http:\/\/www.apucarana.pr.gov.br\/ame\/wp-json\/wp\/v2\/posts\/6124\/revisions"}],"predecessor-version":[{"id":6128,"href":"http:\/\/www.apucarana.pr.gov.br\/ame\/wp-json\/wp\/v2\/posts\/6124\/revisions\/6128"}],"wp:featuredmedia":[{"embeddable":true,"href":"http:\/\/www.apucarana.pr.gov.br\/ame\/wp-json\/wp\/v2\/media\/6127"}],"wp:attachment":[{"href":"http:\/\/www.apucarana.pr.gov.br\/ame\/wp-json\/wp\/v2\/media?parent=6124"}],"wp:term":[{"taxonomy":"category","embeddable":true,"href":"http:\/\/www.apucarana.pr.gov.br\/ame\/wp-json\/wp\/v2\/categories?post=6124"},{"taxonomy":"post_tag","embeddable":true,"href":"http:\/\/www.apucarana.pr.gov.br\/ame\/wp-json\/wp\/v2\/tags?post=6124"}],"curies":[{"name":"wp","href":"https:\/\/api.w.org\/{rel}","templated":true}]}}