{"id":6119,"date":"2017-05-23T08:53:06","date_gmt":"2017-05-23T11:53:06","guid":{"rendered":"http:\/\/www.apucarana.pr.gov.br\/ame\/?p=6119"},"modified":"2024-10-08T09:10:26","modified_gmt":"2024-10-08T12:10:26","slug":"reforma-e-ampliacao-da-escola-castelo-branco","status":"publish","type":"post","link":"http:\/\/www.apucarana.pr.gov.br\/ame\/reforma-e-ampliacao-da-escola-castelo-branco\/","title":{"rendered":"Reforma e amplia\u00e7\u00e3o da Escola Castelo Branco"},"content":{"rendered":"<p>A Prefeitura de Apucarana j\u00e1 autorizou a execu\u00e7\u00e3o de obras em 46 dos 60 pr\u00e9dios da Rede Municipal de Ensino. O investimento ultrapassa R$ 23 milh\u00f5es. A Escola Municipal Humberto de Alencar Castelo Branco \u00e9 a pr\u00f3xima a receber benfeitorias. A ordem de servi\u00e7o para o in\u00edcio das obras foi assinada na noite de ontem (22) pelo prefeito Beto Preto.<\/p>\n<p>\u201cAt\u00e9 o final do ano, vamos autorizar obras em mais sete escolas. Teremos, ent\u00e3o, solucionado todos os problemas mais complexos da Rede Municipal de Ensino. H\u00e1 ainda tr\u00eas CMEIs em constru\u00e7\u00e3o, o que vai ampliar sensivelmente a quantidade de vagas do munic\u00edpio,\u201d disse a secret\u00e1ria de Educa\u00e7\u00e3o, professora Marli Fernandes.<\/p>\n<p>A Escola Castelo Branco iniciou suas atividades em 1969. O pr\u00e9dio antigo demanda melhorias para abrigar os 195 alunos matriculados. \u00a0O projeto de engenharia prev\u00ea a reforma de 891,86 m<sup>2<\/sup> e a constru\u00e7\u00e3o de outros 309,20 m<sup>2<\/sup>. A escola ser\u00e1 totalmente adequada \u00e0s normas vigentes de seguran\u00e7a, preven\u00e7\u00e3o de inc\u00eandios, higiene e acessibilidade.<\/p>\n<p>Os principais servi\u00e7os a serem executados s\u00e3o a reforma do setor administrativo, do setor de servi\u00e7os, dos banheiros e das salas de aula; a revis\u00e3o das instala\u00e7\u00f5es el\u00e9tricas e hidr\u00e1ulicas; a revis\u00e3o da cobertura com substitui\u00e7\u00e3o das telhas danificadas; a troca do forro de madeira por PVC; a troca do piso cer\u00e2mico; a constru\u00e7\u00e3o do portal de entrada e a pintura do pr\u00e9dio.<\/p>\n<p>A amplia\u00e7\u00e3o consistir\u00e1 na execu\u00e7\u00e3o de cobertura de policarbonato entre os blocos e o p\u00e1tio coberto. Essa adequa\u00e7\u00e3o proporcionar\u00e1 um novo refeit\u00f3rio fechado.<\/p>\n<p>A empreiteira Pires Constru\u00e7\u00f5es e Empreendimentos Ltda. venceu a licita\u00e7\u00e3o e ser\u00e1 a respons\u00e1vel pela obra. O investimento \u00e9 da ordem de R$ 683.110,00.<\/p>\n<div class = 'socialMediaOnEveryPost'>Compartilhe<div id=\"sgmbShare1-1\" class=\"sgmbShare jssocials-theme-classic sgmbWidget1-1\"><\/div><div class=\"dropdownWrapper dropdownWrapper1 dropdownWrapper-for-widget \" id=\"dropdownWrapper-for-widget\">\r\n\t\t\t\t\t\t<div class=\"dropdownLabel\" id=\"dropdownLabel-share-list\"><span class=\"sgmbButtonListLabel1\">Share List<\/span><\/div>\r\n\t\t\t\t\t\t<div class=\"dropdownPanel dropdownPanel1-1\">\r\n\t\t\t\t\t\t<\/div>\r\n\t\t\t\t\t<\/div><script>  SGMB_URL = \"http:\/\/www.apucarana.pr.gov.br\/ame\/wp-content\/plugins\/social-media-builder\/\"; jQuery(\".dropdownWrapper\").hide(); SGMB_GOOGLE_ACOUNT = \"\"; <\/script><script type=\"text\/javascript\">\r\n\t\tjQuery(document).ready(function($){var widget = new SGMBWidget();widget.show({\"id\":\"1\",\"title\":\"Face\\\/Twitter\",\"options\":{\"currentUrl\":\"1\",\"url\":\"\",\"shareText\":\"\",\"fontSize\":\"14\",\"betweenButtons\":\"1px\",\"theme\":\"classic\",\"sgmbButtonsPosition\":\"bottomLeft\",\"socialTheme\":\"\",\"icon\":\"default\",\"buttonsPanelEffect\":\"No Effect\",\"buttonsEffect\":\"No Effect\",\"iconsEffect\":\"No Effect\",\"buttons\":\"{\\\"facebook\\\":{\\\"label\\\":\\\"Share\\\",\\\"icon\\\":\\\"default-facebook\\\"},\\\"twitter\\\":{\\\"label\\\":\\\"Tweet\\\",\\\"icon\\\":\\\"default-twitter\\\",\\\"via\\\":\\\"\\\",\\\"hashtags\\\":\\\"\\\"}}\",\"roundButton\":\"\",\"showLabels\":\"\",\"showCounts\":\"\",\"showCenter\":\"\",\"showButtonsAsList\":\"\",\"sgmbDropdownColor\":\"\",\"sgmbDropdownLabelFontSize\":\"14\",\"sgmbDropdownLabelColor\":\"\",\"showButtonsOnEveryPost\":\"on\",\"selectedOrExcluded\":\"\",\"showButtonsOnEveryPage\":\"\",\"textOnEveryPost\":\"Compartilhe\",\"showButtonsOnCustomPost\":\"\",\"textOnCustomPost\":\"\",\"showButtonsOnMobileDirect\":\"on\",\"showButtonsOnDesktopDirect\":\"on\",\"sgmbSelectedPages\":[\"\"],\"sgmbExcludedPosts\":[\"\"],\"sgmbSelectedCustomPosts\":[],\"showButtonsInPopup\":\"\",\"titleOfPopup\":\"\",\"descriptionOfPopup\":\"\",\"showPopupOnLoad\":\"\",\"showPopupOnScroll\":\"\",\"showPopupOnExit\":\"\",\"openSecondsOfPopup\":\"\",\"googleAnaliticsAccount\":\"\"},\"buttonOptions\":{\"facebook\":{\"label\":\"Share\",\"icon\":\"default-facebook\"},\"twitter\":{\"label\":\"Tweet\",\"icon\":\"default-twitter\",\"via\":\"\",\"hashtags\":\"\"}},\"button\":[\"facebook\",\"twitter\"]}, 1, '', 'http:\/\/www.apucarana.pr.gov.br\/ame\/wp-content\/uploads\/2017\/05\/ORDEMPROFETA-2-1.jpg', '', 'http:\/\/www.apucarana.pr.gov.br\/ame\/reforma-e-ampliacao-da-escola-castelo-branco\/'); });<\/script><\/div><script> jQuery(\".socialMediaOnEveryPost\").addClass(\"sgmb-left\") <\/script>","protected":false},"excerpt":{"rendered":"<p>J\u00e1 somam 46 as unidades educacionais que receberam benfeitoriais (Fotos: Profeta)<\/p>\n","protected":false},"author":10,"featured_media":6121,"comment_status":"closed","ping_status":"open","sticky":false,"template":"","format":"standard","meta":[],"categories":[9],"tags":[],"_links":{"self":[{"href":"http:\/\/www.apucarana.pr.gov.br\/ame\/wp-json\/wp\/v2\/posts\/6119"}],"collection":[{"href":"http:\/\/www.apucarana.pr.gov.br\/ame\/wp-json\/wp\/v2\/posts"}],"about":[{"href":"http:\/\/www.apucarana.pr.gov.br\/ame\/wp-json\/wp\/v2\/types\/post"}],"author":[{"embeddable":true,"href":"http:\/\/www.apucarana.pr.gov.br\/ame\/wp-json\/wp\/v2\/users\/10"}],"replies":[{"embeddable":true,"href":"http:\/\/www.apucarana.pr.gov.br\/ame\/wp-json\/wp\/v2\/comments?post=6119"}],"version-history":[{"count":1,"href":"http:\/\/www.apucarana.pr.gov.br\/ame\/wp-json\/wp\/v2\/posts\/6119\/revisions"}],"predecessor-version":[{"id":6123,"href":"http:\/\/www.apucarana.pr.gov.br\/ame\/wp-json\/wp\/v2\/posts\/6119\/revisions\/6123"}],"wp:featuredmedia":[{"embeddable":true,"href":"http:\/\/www.apucarana.pr.gov.br\/ame\/wp-json\/wp\/v2\/media\/6121"}],"wp:attachment":[{"href":"http:\/\/www.apucarana.pr.gov.br\/ame\/wp-json\/wp\/v2\/media?parent=6119"}],"wp:term":[{"taxonomy":"category","embeddable":true,"href":"http:\/\/www.apucarana.pr.gov.br\/ame\/wp-json\/wp\/v2\/categories?post=6119"},{"taxonomy":"post_tag","embeddable":true,"href":"http:\/\/www.apucarana.pr.gov.br\/ame\/wp-json\/wp\/v2\/tags?post=6119"}],"curies":[{"name":"wp","href":"https:\/\/api.w.org\/{rel}","templated":true}]}}