{"id":6111,"date":"2017-05-20T11:55:29","date_gmt":"2017-05-20T14:55:29","guid":{"rendered":"http:\/\/www.apucarana.pr.gov.br\/ame\/?p=6111"},"modified":"2024-10-08T09:10:26","modified_gmt":"2024-10-08T12:10:26","slug":"educacao-investe-r-2-milhoes-em-uma-semana","status":"publish","type":"post","link":"http:\/\/www.apucarana.pr.gov.br\/ame\/educacao-investe-r-2-milhoes-em-uma-semana\/","title":{"rendered":"Educa\u00e7\u00e3o investe R$ 2 milh\u00f5es em uma semana"},"content":{"rendered":"<p>O prefeito Beto Preto autorizou, nos \u00faltimos sete dias, reformas nas Escolas Municipais Mateus Leme, Presidente M\u00e9dici e CMEI Cosap. Ainda, na quarta-feira (17), fez a entrega oficial dos brinquedos pedag\u00f3gicos comprados para as 60 unidades de ensino da Rede. Com as reformas cujas ordens de servi\u00e7o foram assinadas nesta-sexta (19), o montante de investimentos soma R$ 2 milh\u00f5es.<\/p>\n<p>Nesta sexta-feira, a Prefeitura, por meio da Autarquia Municipal de Educa\u00e7\u00e3o, autorizou o in\u00edcio das obras na extinta creche do Ceprhusb. O pr\u00e9dio vai abrigar um Centro Municipal de Educa\u00e7\u00e3o Infantil. Tamb\u00e9m foi assinada a ordem de servi\u00e7o que autoriza o in\u00edcio das obras de reforma e amplia\u00e7\u00e3o da Escola Municipal Presidente M\u00e9dici.<\/p>\n<p>No futuro CMEI da Vila Apucaraninha, o projeto de engenharia prev\u00ea a reforma de 536,29 m2. \u201cO pr\u00e9dio ser\u00e1 totalmente adequado \u00e0s normas vigentes de seguran\u00e7a, preven\u00e7\u00e3o de inc\u00eandios, higiene e acessibilidade\u201d, disse a secret\u00e1ria de Educa\u00e7\u00e3o, professora Marli Fernandes. Ela relembrou as conquistas da gest\u00e3o. \u201cAt\u00e9 o final do ano passado, 40 unidades da Rede Municipal de Ensino j\u00e1 haviam sido reformadas ou ampliadas. Agora em 2107, estamos com duas obras em andamento, nas quadras das escolas Fernando Jos\u00e9 Acosta e Jos\u00e9 Brasil Camargo, al\u00e9m destas tr\u00eas anunciadas nos \u00faltimos dias. At\u00e9 o final do ano, mais sete escolas come\u00e7am a ser reformadas. Com isso, todas as escolas que tinham problemas mais dif\u00edceis ter\u00e3o sido atendidas\u201d, ressaltou.<\/p>\n<p>O prefeito Beto Preto salientou as melhorias que v\u00eam sendo implantadas em toda a Rede. \u201cQuando assumimos em 2013, nenhuma escola tinha laudo do Corpo de Bombeiros. As reformas est\u00e3o resolvendo os problemas que nossas escolas apresentavam e, at\u00e9 o final de nosso mandato, teremos resolvido essas quest\u00f5es em todas as unidades de ensino. E lembro tamb\u00e9m que temos mais quatro constru\u00e7\u00f5es em andamento.\u201d<\/p>\n<p>Ele acrescentou que o CMEI vai oferecer em torno de 140 vagas, reduzindo a demanda na regi\u00e3o. \u201cDepois que essa obra for conclu\u00edda, come\u00e7aremos a reforma do CMEI Serafim Colombo, na Vila Regina. A capacidade do Serafim Colombo deve ser dobrada, passando de 70 para 140 vagas. A regi\u00e3o, portanto, vai ganhar 280 vagas na educa\u00e7\u00e3o infantil\u201d, disse o prefeito.<\/p>\n<p>Estiveram presentes \u00e0 cerim\u00f4nia de assinatura das ordens de servi\u00e7o o presidente da C\u00e2mara de Vereadores, Mauro Bertoli, os vereadores Lucas Leugi, Rodolpho Mota e Ant\u00f4nio Carlos Sidrin, al\u00e9m do assessor de gabinete da senadora Gleisi Hoffmann, Arilson Chiorato. O representante da empresa vencedora da licita\u00e7\u00e3o, engenheiro Leonardo Schneider, ficou impressionado com a administra\u00e7\u00e3o p\u00fablica em Apucarana. \u201cChegamos hoje de manh\u00e3 na cidade, estivemos com os fiscais de contrato, com o pessoal do Departamento de Engenharia, e eu e meu s\u00f3cio ficamos admirados. Temos bagagem na constru\u00e7\u00e3o de obras p\u00fablicas e posso dizer, com seguran\u00e7a, que a seriedade com que voc\u00eas conduzem a administra\u00e7\u00e3o \u00e9 algo raro\u201d, disse. \u00a0O engenheiro assumiu o compromisso de entregar o quanto antes as obras, para que a comunidade possa se beneficiar.<\/p>\n<p>Os principais servi\u00e7os s\u00e3o a reforma de cozinha, lavanderia, despensa e sanit\u00e1rios; adequa\u00e7\u00f5es para 2 ber\u00e7\u00e1rios com solarium, lact\u00e1rio e higieniza\u00e7\u00e3o; revis\u00e3o das instala\u00e7\u00f5es el\u00e9tricas e hidr\u00e1ulicas; substitui\u00e7\u00e3o das telhas da cobertura; instala\u00e7\u00e3o de forro em PVC; troca do revestimento cer\u00e2mico; constru\u00e7\u00e3o do portal de entrada; e pintura do pr\u00e9dio. O investimento \u00e9 de R$ 453.434,19.<\/p>\n<p><b>Escola Presidente M\u00e9dici<\/b><\/p>\n<p>A Escola Municipal Presidente M\u00e9dici come\u00e7ou a funcionar em 1973. O pr\u00e9dio antigo demanda melhorias para abrigar com conforto os 200 alunos matriculados.<\/p>\n<p>O projeto de engenharia prev\u00ea a reforma de 939,05 m2 e a constru\u00e7\u00e3o de outros 209,48 m2. \u00a0Os principais servi\u00e7os s\u00e3o a amplia\u00e7\u00e3o de refeit\u00f3rio, cozinha, despensa e lavanderia; adequa\u00e7\u00e3o do setor administrativo; reforma dos sanit\u00e1rios; revis\u00e3o das instala\u00e7\u00f5es el\u00e9tricas e hidr\u00e1ulicas; troca do forro; troca dos tacos de madeira por revestimento cer\u00e2mico; constru\u00e7\u00e3o do portal de entrada; execu\u00e7\u00e3o de cobertura em policarbonato no acesso principal; e pintura do pr\u00e9dio.<\/p>\n<p>Com as adequa\u00e7\u00f5es, a Escola Municipal Presidente M\u00e9dici ganhar\u00e1 mais duas salas de aula. A quadra coberta tamb\u00e9m ser\u00e1 reformada, com a troca de telhas quebradas, prote\u00e7\u00e3o das bases da estrutura met\u00e1lica e pintura do piso. O investimento \u00e9 da ordem de R$ 647.313,14.<\/p>\n<p><b>Mais investimentos <\/b><\/p>\n<p>Na pr\u00f3xima segunda-feira (22), o prefeito Beto Preto ainda assinar\u00e1 a ordem de servi\u00e7o para a reforma da Escola Municipal Humberto de Alencar Castelo Branco.<\/p>\n<div class = 'socialMediaOnEveryPost'>Compartilhe<div id=\"sgmbShare1-1\" class=\"sgmbShare jssocials-theme-classic sgmbWidget1-1\"><\/div><div class=\"dropdownWrapper dropdownWrapper1 dropdownWrapper-for-widget \" id=\"dropdownWrapper-for-widget\">\r\n\t\t\t\t\t\t<div class=\"dropdownLabel\" id=\"dropdownLabel-share-list\"><span class=\"sgmbButtonListLabel1\">Share List<\/span><\/div>\r\n\t\t\t\t\t\t<div class=\"dropdownPanel dropdownPanel1-1\">\r\n\t\t\t\t\t\t<\/div>\r\n\t\t\t\t\t<\/div><script>  SGMB_URL = \"http:\/\/www.apucarana.pr.gov.br\/ame\/wp-content\/plugins\/social-media-builder\/\"; jQuery(\".dropdownWrapper\").hide(); SGMB_GOOGLE_ACOUNT = \"\"; <\/script><script type=\"text\/javascript\">\r\n\t\tjQuery(document).ready(function($){var widget = new SGMBWidget();widget.show({\"id\":\"1\",\"title\":\"Face\\\/Twitter\",\"options\":{\"currentUrl\":\"1\",\"url\":\"\",\"shareText\":\"\",\"fontSize\":\"14\",\"betweenButtons\":\"1px\",\"theme\":\"classic\",\"sgmbButtonsPosition\":\"bottomLeft\",\"socialTheme\":\"\",\"icon\":\"default\",\"buttonsPanelEffect\":\"No Effect\",\"buttonsEffect\":\"No Effect\",\"iconsEffect\":\"No Effect\",\"buttons\":\"{\\\"facebook\\\":{\\\"label\\\":\\\"Share\\\",\\\"icon\\\":\\\"default-facebook\\\"},\\\"twitter\\\":{\\\"label\\\":\\\"Tweet\\\",\\\"icon\\\":\\\"default-twitter\\\",\\\"via\\\":\\\"\\\",\\\"hashtags\\\":\\\"\\\"}}\",\"roundButton\":\"\",\"showLabels\":\"\",\"showCounts\":\"\",\"showCenter\":\"\",\"showButtonsAsList\":\"\",\"sgmbDropdownColor\":\"\",\"sgmbDropdownLabelFontSize\":\"14\",\"sgmbDropdownLabelColor\":\"\",\"showButtonsOnEveryPost\":\"on\",\"selectedOrExcluded\":\"\",\"showButtonsOnEveryPage\":\"\",\"textOnEveryPost\":\"Compartilhe\",\"showButtonsOnCustomPost\":\"\",\"textOnCustomPost\":\"\",\"showButtonsOnMobileDirect\":\"on\",\"showButtonsOnDesktopDirect\":\"on\",\"sgmbSelectedPages\":[\"\"],\"sgmbExcludedPosts\":[\"\"],\"sgmbSelectedCustomPosts\":[],\"showButtonsInPopup\":\"\",\"titleOfPopup\":\"\",\"descriptionOfPopup\":\"\",\"showPopupOnLoad\":\"\",\"showPopupOnScroll\":\"\",\"showPopupOnExit\":\"\",\"openSecondsOfPopup\":\"\",\"googleAnaliticsAccount\":\"\"},\"buttonOptions\":{\"facebook\":{\"label\":\"Share\",\"icon\":\"default-facebook\"},\"twitter\":{\"label\":\"Tweet\",\"icon\":\"default-twitter\",\"via\":\"\",\"hashtags\":\"\"}},\"button\":[\"facebook\",\"twitter\"]}, 1, '', 'http:\/\/www.apucarana.pr.gov.br\/ame\/wp-content\/uploads\/2017\/05\/ORDEM-SERVI_OPROFETA-2.jpg', '', 'http:\/\/www.apucarana.pr.gov.br\/ame\/educacao-investe-r-2-milhoes-em-uma-semana\/'); });<\/script><\/div><script> jQuery(\".socialMediaOnEveryPost\").addClass(\"sgmb-left\") <\/script>","protected":false},"excerpt":{"rendered":"<p>A quantia \u00e9 destinada \u00e0s reformas nas Escolas Mateus Leme, Presidente M\u00e9dici e CMEI Cosap, al\u00e9m da compra de brinquedos pedag\u00f3gicos (Fotos: Profeta)<\/p>\n","protected":false},"author":10,"featured_media":6113,"comment_status":"closed","ping_status":"open","sticky":false,"template":"","format":"standard","meta":[],"categories":[9],"tags":[],"_links":{"self":[{"href":"http:\/\/www.apucarana.pr.gov.br\/ame\/wp-json\/wp\/v2\/posts\/6111"}],"collection":[{"href":"http:\/\/www.apucarana.pr.gov.br\/ame\/wp-json\/wp\/v2\/posts"}],"about":[{"href":"http:\/\/www.apucarana.pr.gov.br\/ame\/wp-json\/wp\/v2\/types\/post"}],"author":[{"embeddable":true,"href":"http:\/\/www.apucarana.pr.gov.br\/ame\/wp-json\/wp\/v2\/users\/10"}],"replies":[{"embeddable":true,"href":"http:\/\/www.apucarana.pr.gov.br\/ame\/wp-json\/wp\/v2\/comments?post=6111"}],"version-history":[{"count":1,"href":"http:\/\/www.apucarana.pr.gov.br\/ame\/wp-json\/wp\/v2\/posts\/6111\/revisions"}],"predecessor-version":[{"id":6118,"href":"http:\/\/www.apucarana.pr.gov.br\/ame\/wp-json\/wp\/v2\/posts\/6111\/revisions\/6118"}],"wp:featuredmedia":[{"embeddable":true,"href":"http:\/\/www.apucarana.pr.gov.br\/ame\/wp-json\/wp\/v2\/media\/6113"}],"wp:attachment":[{"href":"http:\/\/www.apucarana.pr.gov.br\/ame\/wp-json\/wp\/v2\/media?parent=6111"}],"wp:term":[{"taxonomy":"category","embeddable":true,"href":"http:\/\/www.apucarana.pr.gov.br\/ame\/wp-json\/wp\/v2\/categories?post=6111"},{"taxonomy":"post_tag","embeddable":true,"href":"http:\/\/www.apucarana.pr.gov.br\/ame\/wp-json\/wp\/v2\/tags?post=6111"}],"curies":[{"name":"wp","href":"https:\/\/api.w.org\/{rel}","templated":true}]}}