{"id":6054,"date":"2017-05-16T13:10:14","date_gmt":"2017-05-16T16:10:14","guid":{"rendered":"http:\/\/www.apucarana.pr.gov.br\/ame\/?p=6054"},"modified":"2024-10-08T09:10:26","modified_gmt":"2024-10-08T12:10:26","slug":"secretaria-municipal-de-educacao-participa-das-comemoracoes-que-marcam-os-70-anos-da-seed","status":"publish","type":"post","link":"http:\/\/www.apucarana.pr.gov.br\/ame\/secretaria-municipal-de-educacao-participa-das-comemoracoes-que-marcam-os-70-anos-da-seed\/","title":{"rendered":"Secret\u00e1ria Municipal de Educa\u00e7\u00e3o participa das comemora\u00e7\u00f5es que marcam os 70 anos da SEED"},"content":{"rendered":"<p>A Secretaria de Estado da Educa\u00e7\u00e3o completa 70 anos em maio. Para celebrar a ocasi\u00e3o, o governador Beto Richa, a secret\u00e1ria estadual da Educa\u00e7\u00e3o, professora Ana Seres, al\u00e9m de ex-secret\u00e1rios da pasta, reuniram-se nesta segunda-feira (15), em solenidade no Pal\u00e1cio Igua\u00e7u, em Curitiba. A professora Marli Fernandes, secret\u00e1ria municipal de Educa\u00e7\u00e3o de Apucarana e presidente da Undime-PR, foi convidada e participou do encontro.<\/p>\n<p>A rede estadual do Paran\u00e1 tem 2.100 escolas, que atendem cerca de um milh\u00e3o de alunos. S\u00e3o 100 mil servidores, no total. De acordo com a secret\u00e1ria Ana Seres, \u201ca democratiza\u00e7\u00e3o do ensino foi a principal conquista destes 70 anos. Hoje o Paran\u00e1 leva ensino de qualidade a todos os munic\u00edpios. N\u00e3o temos mais problemas de acesso \u00e0 educa\u00e7\u00e3o\u201d, disse ela.<\/p>\n<p>A professora Marli Fernandes destacou a parceria que o munic\u00edpio de Apucarana mant\u00e9m com a Secretaria de Estado da Educa\u00e7\u00e3o. \u201cNosso bom relacionamento permite que as crian\u00e7as fa\u00e7am uma transi\u00e7\u00e3o natural do quinto para o sexto ano do ensino fundamental. Como presidente da Undime-PR, encontramos tamb\u00e9m as portas da SEED sempre abertas \u00e0s nossas demandas e sugest\u00f5es. Parab\u00e9ns a todos os profissionais da rede estadual de ensino pelos 70 anos\u201d, frisou a professora Marli.<\/p>\n<div class = 'socialMediaOnEveryPost'>Compartilhe<div id=\"sgmbShare1-1\" class=\"sgmbShare jssocials-theme-classic sgmbWidget1-1\"><\/div><div class=\"dropdownWrapper dropdownWrapper1 dropdownWrapper-for-widget \" id=\"dropdownWrapper-for-widget\">\r\n\t\t\t\t\t\t<div class=\"dropdownLabel\" id=\"dropdownLabel-share-list\"><span class=\"sgmbButtonListLabel1\">Share List<\/span><\/div>\r\n\t\t\t\t\t\t<div class=\"dropdownPanel dropdownPanel1-1\">\r\n\t\t\t\t\t\t<\/div>\r\n\t\t\t\t\t<\/div><script>  SGMB_URL = \"http:\/\/www.apucarana.pr.gov.br\/ame\/wp-content\/plugins\/social-media-builder\/\"; jQuery(\".dropdownWrapper\").hide(); SGMB_GOOGLE_ACOUNT = \"\"; <\/script><script type=\"text\/javascript\">\r\n\t\tjQuery(document).ready(function($){var widget = new SGMBWidget();widget.show({\"id\":\"1\",\"title\":\"Face\\\/Twitter\",\"options\":{\"currentUrl\":\"1\",\"url\":\"\",\"shareText\":\"\",\"fontSize\":\"14\",\"betweenButtons\":\"1px\",\"theme\":\"classic\",\"sgmbButtonsPosition\":\"bottomLeft\",\"socialTheme\":\"\",\"icon\":\"default\",\"buttonsPanelEffect\":\"No Effect\",\"buttonsEffect\":\"No Effect\",\"iconsEffect\":\"No Effect\",\"buttons\":\"{\\\"facebook\\\":{\\\"label\\\":\\\"Share\\\",\\\"icon\\\":\\\"default-facebook\\\"},\\\"twitter\\\":{\\\"label\\\":\\\"Tweet\\\",\\\"icon\\\":\\\"default-twitter\\\",\\\"via\\\":\\\"\\\",\\\"hashtags\\\":\\\"\\\"}}\",\"roundButton\":\"\",\"showLabels\":\"\",\"showCounts\":\"\",\"showCenter\":\"\",\"showButtonsAsList\":\"\",\"sgmbDropdownColor\":\"\",\"sgmbDropdownLabelFontSize\":\"14\",\"sgmbDropdownLabelColor\":\"\",\"showButtonsOnEveryPost\":\"on\",\"selectedOrExcluded\":\"\",\"showButtonsOnEveryPage\":\"\",\"textOnEveryPost\":\"Compartilhe\",\"showButtonsOnCustomPost\":\"\",\"textOnCustomPost\":\"\",\"showButtonsOnMobileDirect\":\"on\",\"showButtonsOnDesktopDirect\":\"on\",\"sgmbSelectedPages\":[\"\"],\"sgmbExcludedPosts\":[\"\"],\"sgmbSelectedCustomPosts\":[],\"showButtonsInPopup\":\"\",\"titleOfPopup\":\"\",\"descriptionOfPopup\":\"\",\"showPopupOnLoad\":\"\",\"showPopupOnScroll\":\"\",\"showPopupOnExit\":\"\",\"openSecondsOfPopup\":\"\",\"googleAnaliticsAccount\":\"\"},\"buttonOptions\":{\"facebook\":{\"label\":\"Share\",\"icon\":\"default-facebook\"},\"twitter\":{\"label\":\"Tweet\",\"icon\":\"default-twitter\",\"via\":\"\",\"hashtags\":\"\"}},\"button\":[\"facebook\",\"twitter\"]}, 1, '', 'http:\/\/www.apucarana.pr.gov.br\/ame\/wp-content\/uploads\/2017\/05\/WhatsApp-Image-2017-05-16-at-11.36.52-AM.jpeg', '', 'http:\/\/www.apucarana.pr.gov.br\/ame\/secretaria-municipal-de-educacao-participa-das-comemoracoes-que-marcam-os-70-anos-da-seed\/'); });<\/script><\/div><script> jQuery(\".socialMediaOnEveryPost\").addClass(\"sgmb-left\") <\/script>","protected":false},"excerpt":{"rendered":"<p>Professora Marli Fernandes tamb\u00e9m representou no ato a Uni\u00e3o dos Dirigentes Municipais de Educa\u00e7\u00e3o (Undime-PR)<\/p>\n","protected":false},"author":10,"featured_media":6059,"comment_status":"closed","ping_status":"open","sticky":false,"template":"","format":"standard","meta":[],"categories":[9],"tags":[],"_links":{"self":[{"href":"http:\/\/www.apucarana.pr.gov.br\/ame\/wp-json\/wp\/v2\/posts\/6054"}],"collection":[{"href":"http:\/\/www.apucarana.pr.gov.br\/ame\/wp-json\/wp\/v2\/posts"}],"about":[{"href":"http:\/\/www.apucarana.pr.gov.br\/ame\/wp-json\/wp\/v2\/types\/post"}],"author":[{"embeddable":true,"href":"http:\/\/www.apucarana.pr.gov.br\/ame\/wp-json\/wp\/v2\/users\/10"}],"replies":[{"embeddable":true,"href":"http:\/\/www.apucarana.pr.gov.br\/ame\/wp-json\/wp\/v2\/comments?post=6054"}],"version-history":[{"count":1,"href":"http:\/\/www.apucarana.pr.gov.br\/ame\/wp-json\/wp\/v2\/posts\/6054\/revisions"}],"predecessor-version":[{"id":6057,"href":"http:\/\/www.apucarana.pr.gov.br\/ame\/wp-json\/wp\/v2\/posts\/6054\/revisions\/6057"}],"wp:featuredmedia":[{"embeddable":true,"href":"http:\/\/www.apucarana.pr.gov.br\/ame\/wp-json\/wp\/v2\/media\/6059"}],"wp:attachment":[{"href":"http:\/\/www.apucarana.pr.gov.br\/ame\/wp-json\/wp\/v2\/media?parent=6054"}],"wp:term":[{"taxonomy":"category","embeddable":true,"href":"http:\/\/www.apucarana.pr.gov.br\/ame\/wp-json\/wp\/v2\/categories?post=6054"},{"taxonomy":"post_tag","embeddable":true,"href":"http:\/\/www.apucarana.pr.gov.br\/ame\/wp-json\/wp\/v2\/tags?post=6054"}],"curies":[{"name":"wp","href":"https:\/\/api.w.org\/{rel}","templated":true}]}}