{"id":6051,"date":"2017-05-15T15:51:25","date_gmt":"2017-05-15T18:51:25","guid":{"rendered":"http:\/\/www.apucarana.pr.gov.br\/ame\/?p=6051"},"modified":"2024-10-08T09:10:26","modified_gmt":"2024-10-08T12:10:26","slug":"apucarana-recebe-assessoria-do-cecane-pr","status":"publish","type":"post","link":"http:\/\/www.apucarana.pr.gov.br\/ame\/apucarana-recebe-assessoria-do-cecane-pr\/","title":{"rendered":"Apucarana recebe assessoria do Cecane-PR"},"content":{"rendered":"<p>A Autarquia Municipal de Educa\u00e7\u00e3o est\u00e1 recebendo a visita de representantes do Centro Colaborador em Alimenta\u00e7\u00e3o e Nutri\u00e7\u00e3o do Escolar (Cecane), \u00f3rg\u00e3o constitu\u00eddo a partir da parceria entre o Fundo Nacional de Desenvolvimento da Educa\u00e7\u00e3o (FNDE) e a Universidade Federal do Paran\u00e1 (UFPR).<\/p>\n<p>De hoje a quinta-feira (15 a 18\/5), duas agentes do Cecane-PR acompanham a execu\u00e7\u00e3o do Programa de Merenda Escolar na rede municipal. \u201cN\u00f3s preparamos encontros com os respons\u00e1veis pela compra dos g\u00eaneros aliment\u00edcios e produtos da agricultura familiar, com as nutricionistas que elaboram os card\u00e1pios dos alunos e com representantes do Conselho de Alimenta\u00e7\u00e3o Escolar, al\u00e9m de fazermos visitas \u00e0s Escolas e CMEIs,\u201d detalhou Aline Rocha Rodrigues.<\/p>\n<p>O Cecane tem por objetivo prestar assessoria t\u00e9cnica e operacional aos munic\u00edpios do Paran\u00e1. \u201cN\u00f3s n\u00e3o viemos fiscalizar o Programa de Merenda Escolar, mas repassar orienta\u00e7\u00f5es, esclarecer d\u00favidas e construir solu\u00e7\u00f5es para os entraves que surgem na execu\u00e7\u00e3o do Programa Nacional de Alimenta\u00e7\u00e3o Escolar,\u201d acrescentou a agente Fernanda Manera.<\/p>\n<p>A Autarquia Municipal de Educa\u00e7\u00e3o (AME), por meio do Departamento de Alimenta\u00e7\u00e3o Escolar, oferece diariamente cerca de 30 mil refei\u00e7\u00f5es para os alunos da rede, que permanecem em tempo integral nas unidades de ensino.<\/p>\n<p>Nas escolas, as crian\u00e7as s\u00e3o contempladas com caf\u00e9 da manh\u00e3, almo\u00e7o e caf\u00e9 da tarde, enquanto que nos centros municipais de educa\u00e7\u00e3o infantil (CMEIs) s\u00e3o servidos o caf\u00e9 da manh\u00e3, o lanche da manh\u00e3, o almo\u00e7o, o caf\u00e9 da tarde, o lanche da tarde e o jantar.<\/p>\n<div class = 'socialMediaOnEveryPost'>Compartilhe<div id=\"sgmbShare1-1\" class=\"sgmbShare jssocials-theme-classic sgmbWidget1-1\"><\/div><div class=\"dropdownWrapper dropdownWrapper1 dropdownWrapper-for-widget \" id=\"dropdownWrapper-for-widget\">\r\n\t\t\t\t\t\t<div class=\"dropdownLabel\" id=\"dropdownLabel-share-list\"><span class=\"sgmbButtonListLabel1\">Share List<\/span><\/div>\r\n\t\t\t\t\t\t<div class=\"dropdownPanel dropdownPanel1-1\">\r\n\t\t\t\t\t\t<\/div>\r\n\t\t\t\t\t<\/div><script>  SGMB_URL = \"http:\/\/www.apucarana.pr.gov.br\/ame\/wp-content\/plugins\/social-media-builder\/\"; jQuery(\".dropdownWrapper\").hide(); SGMB_GOOGLE_ACOUNT = \"\"; <\/script><script type=\"text\/javascript\">\r\n\t\tjQuery(document).ready(function($){var widget = new SGMBWidget();widget.show({\"id\":\"1\",\"title\":\"Face\\\/Twitter\",\"options\":{\"currentUrl\":\"1\",\"url\":\"\",\"shareText\":\"\",\"fontSize\":\"14\",\"betweenButtons\":\"1px\",\"theme\":\"classic\",\"sgmbButtonsPosition\":\"bottomLeft\",\"socialTheme\":\"\",\"icon\":\"default\",\"buttonsPanelEffect\":\"No Effect\",\"buttonsEffect\":\"No Effect\",\"iconsEffect\":\"No Effect\",\"buttons\":\"{\\\"facebook\\\":{\\\"label\\\":\\\"Share\\\",\\\"icon\\\":\\\"default-facebook\\\"},\\\"twitter\\\":{\\\"label\\\":\\\"Tweet\\\",\\\"icon\\\":\\\"default-twitter\\\",\\\"via\\\":\\\"\\\",\\\"hashtags\\\":\\\"\\\"}}\",\"roundButton\":\"\",\"showLabels\":\"\",\"showCounts\":\"\",\"showCenter\":\"\",\"showButtonsAsList\":\"\",\"sgmbDropdownColor\":\"\",\"sgmbDropdownLabelFontSize\":\"14\",\"sgmbDropdownLabelColor\":\"\",\"showButtonsOnEveryPost\":\"on\",\"selectedOrExcluded\":\"\",\"showButtonsOnEveryPage\":\"\",\"textOnEveryPost\":\"Compartilhe\",\"showButtonsOnCustomPost\":\"\",\"textOnCustomPost\":\"\",\"showButtonsOnMobileDirect\":\"on\",\"showButtonsOnDesktopDirect\":\"on\",\"sgmbSelectedPages\":[\"\"],\"sgmbExcludedPosts\":[\"\"],\"sgmbSelectedCustomPosts\":[],\"showButtonsInPopup\":\"\",\"titleOfPopup\":\"\",\"descriptionOfPopup\":\"\",\"showPopupOnLoad\":\"\",\"showPopupOnScroll\":\"\",\"showPopupOnExit\":\"\",\"openSecondsOfPopup\":\"\",\"googleAnaliticsAccount\":\"\"},\"buttonOptions\":{\"facebook\":{\"label\":\"Share\",\"icon\":\"default-facebook\"},\"twitter\":{\"label\":\"Tweet\",\"icon\":\"default-twitter\",\"via\":\"\",\"hashtags\":\"\"}},\"button\":[\"facebook\",\"twitter\"]}, 1, '', 'http:\/\/www.apucarana.pr.gov.br\/ame\/wp-content\/uploads\/2017\/05\/DSC04236.jpg', '', 'http:\/\/www.apucarana.pr.gov.br\/ame\/apucarana-recebe-assessoria-do-cecane-pr\/'); });<\/script><\/div><script> jQuery(\".socialMediaOnEveryPost\").addClass(\"sgmb-left\") <\/script>","protected":false},"excerpt":{"rendered":"<p>Agentes acompanham execu\u00e7\u00e3o de Programa de Merenda Escolar, encontram respons\u00e1veis por compras de alimentos e nutricionistas da Rede Municipal de Ensino<\/p>\n","protected":false},"author":10,"featured_media":6052,"comment_status":"closed","ping_status":"open","sticky":false,"template":"","format":"standard","meta":[],"categories":[9],"tags":[],"_links":{"self":[{"href":"http:\/\/www.apucarana.pr.gov.br\/ame\/wp-json\/wp\/v2\/posts\/6051"}],"collection":[{"href":"http:\/\/www.apucarana.pr.gov.br\/ame\/wp-json\/wp\/v2\/posts"}],"about":[{"href":"http:\/\/www.apucarana.pr.gov.br\/ame\/wp-json\/wp\/v2\/types\/post"}],"author":[{"embeddable":true,"href":"http:\/\/www.apucarana.pr.gov.br\/ame\/wp-json\/wp\/v2\/users\/10"}],"replies":[{"embeddable":true,"href":"http:\/\/www.apucarana.pr.gov.br\/ame\/wp-json\/wp\/v2\/comments?post=6051"}],"version-history":[{"count":1,"href":"http:\/\/www.apucarana.pr.gov.br\/ame\/wp-json\/wp\/v2\/posts\/6051\/revisions"}],"predecessor-version":[{"id":6053,"href":"http:\/\/www.apucarana.pr.gov.br\/ame\/wp-json\/wp\/v2\/posts\/6051\/revisions\/6053"}],"wp:featuredmedia":[{"embeddable":true,"href":"http:\/\/www.apucarana.pr.gov.br\/ame\/wp-json\/wp\/v2\/media\/6052"}],"wp:attachment":[{"href":"http:\/\/www.apucarana.pr.gov.br\/ame\/wp-json\/wp\/v2\/media?parent=6051"}],"wp:term":[{"taxonomy":"category","embeddable":true,"href":"http:\/\/www.apucarana.pr.gov.br\/ame\/wp-json\/wp\/v2\/categories?post=6051"},{"taxonomy":"post_tag","embeddable":true,"href":"http:\/\/www.apucarana.pr.gov.br\/ame\/wp-json\/wp\/v2\/tags?post=6051"}],"curies":[{"name":"wp","href":"https:\/\/api.w.org\/{rel}","templated":true}]}}