{"id":6043,"date":"2017-05-12T17:44:40","date_gmt":"2017-05-12T20:44:40","guid":{"rendered":"http:\/\/www.apucarana.pr.gov.br\/ame\/?p=6043"},"modified":"2024-10-08T09:10:26","modified_gmt":"2024-10-08T12:10:26","slug":"escola-mateus-leme-sera-reformada","status":"publish","type":"post","link":"http:\/\/www.apucarana.pr.gov.br\/ame\/escola-mateus-leme-sera-reformada\/","title":{"rendered":"Escola Mateus Leme ser\u00e1 reformada"},"content":{"rendered":"<p>O prefeito Beto Preto autorizou, na tarde de ontem (12), o in\u00edcio da reforma da Escola Municipal Mateus Leme. A assinatura da ordem de servi\u00e7o aconteceu na sede da institui\u00e7\u00e3o, situada na Vila Oper\u00e1ria, com a presen\u00e7a de vereadores, secret\u00e1rios municipais e pais de alunos.<\/p>\n<p>Em dezembro do ano passado, um forte temporal atingiu a cidade e causou estragos ao pr\u00e9dio da escola. Um eucalipto de grande porte caiu sobre o muro e o teto, destruindo tr\u00eas salas de aula e gerando problemas ao sistema el\u00e9trico. Por sorte, os 328 alunos, 13 professores e 13 funcion\u00e1rios estavam em per\u00edodo de f\u00e9rias.<\/p>\n<p>O fato ocorrido, entretanto, prejudicou o atendimento da institui\u00e7\u00e3o. A Escola Municipal Mateus Leme vem funcionando em per\u00edodo parcial por falta de espa\u00e7o e estrutura adequada.<\/p>\n<p>A diretora S\u00edlvia Regina Miranda conta os transtornos que o incidente causou. \u201cN\u00f3s chegamos a perder algumas matr\u00edculas porque a escola deixou de ofertar a educa\u00e7\u00e3o integral. N\u00f3s t\u00ednhamos cerca de 370 alunos, mas diversos pais preferiram trocar seus filhos de escola esse ano, porque n\u00e3o t\u00eam com quem deixar as crian\u00e7as no contraturno. A reforma vai solucionar esse problema,\u201d garantiu.<\/p>\n<p>O projeto de engenharia prev\u00ea a reforma de 1.038 m<sup>2<\/sup>. Os principais servi\u00e7os a serem executados s\u00e3o reconstru\u00e7\u00e3o das tr\u00eas salas destru\u00eddas, troca da cobertura, instala\u00e7\u00e3o de forro de PVC, reconstru\u00e7\u00e3o do p\u00e1tio coberto, troca do piso danificado, melhoria dos sanit\u00e1rios e pintura interna e externa.<\/p>\n<p>\u201cN\u00f3s quer\u00edamos ter come\u00e7ado a obra antes, assim que a queda da \u00e1rvore ocorreu. Por\u00e9m, sendo um \u00f3rg\u00e3o p\u00fablico, a Autarquia Municipal de Educa\u00e7\u00e3o tem que cumprir as burocracias exigidas pela lei. O mais importante \u00e9 que as crian\u00e7as ter\u00e3o todo o conforto e a seguran\u00e7a necess\u00e1rios para a aprendizagem depois que a reforma for conclu\u00edda,\u201d explicou a secret\u00e1ria municipal de Educa\u00e7\u00e3o, professora Marli Fernandes.<\/p>\n<p>A Construtora G8, de Londrina, venceu a licita\u00e7\u00e3o e ser\u00e1 a respons\u00e1vel pela obra. O investimento \u00e9 da ordem de R$ 376 mil.<\/p>\n<p>O Prefeito Beto Preto pediu \u00e0 empreiteira rapidez na execu\u00e7\u00e3o dos trabalhos. \u201cA meta \u00e9 que esta unidade de ensino volte a funcionar em per\u00edodo integral no m\u00e1ximo daqui a cinco meses,\u201d exigiu.<\/p>\n<div class = 'socialMediaOnEveryPost'>Compartilhe<div id=\"sgmbShare1-1\" class=\"sgmbShare jssocials-theme-classic sgmbWidget1-1\"><\/div><div class=\"dropdownWrapper dropdownWrapper1 dropdownWrapper-for-widget \" id=\"dropdownWrapper-for-widget\">\r\n\t\t\t\t\t\t<div class=\"dropdownLabel\" id=\"dropdownLabel-share-list\"><span class=\"sgmbButtonListLabel1\">Share List<\/span><\/div>\r\n\t\t\t\t\t\t<div class=\"dropdownPanel dropdownPanel1-1\">\r\n\t\t\t\t\t\t<\/div>\r\n\t\t\t\t\t<\/div><script>  SGMB_URL = \"http:\/\/www.apucarana.pr.gov.br\/ame\/wp-content\/plugins\/social-media-builder\/\"; jQuery(\".dropdownWrapper\").hide(); SGMB_GOOGLE_ACOUNT = \"\"; <\/script><script type=\"text\/javascript\">\r\n\t\tjQuery(document).ready(function($){var widget = new SGMBWidget();widget.show({\"id\":\"1\",\"title\":\"Face\\\/Twitter\",\"options\":{\"currentUrl\":\"1\",\"url\":\"\",\"shareText\":\"\",\"fontSize\":\"14\",\"betweenButtons\":\"1px\",\"theme\":\"classic\",\"sgmbButtonsPosition\":\"bottomLeft\",\"socialTheme\":\"\",\"icon\":\"default\",\"buttonsPanelEffect\":\"No Effect\",\"buttonsEffect\":\"No Effect\",\"iconsEffect\":\"No Effect\",\"buttons\":\"{\\\"facebook\\\":{\\\"label\\\":\\\"Share\\\",\\\"icon\\\":\\\"default-facebook\\\"},\\\"twitter\\\":{\\\"label\\\":\\\"Tweet\\\",\\\"icon\\\":\\\"default-twitter\\\",\\\"via\\\":\\\"\\\",\\\"hashtags\\\":\\\"\\\"}}\",\"roundButton\":\"\",\"showLabels\":\"\",\"showCounts\":\"\",\"showCenter\":\"\",\"showButtonsAsList\":\"\",\"sgmbDropdownColor\":\"\",\"sgmbDropdownLabelFontSize\":\"14\",\"sgmbDropdownLabelColor\":\"\",\"showButtonsOnEveryPost\":\"on\",\"selectedOrExcluded\":\"\",\"showButtonsOnEveryPage\":\"\",\"textOnEveryPost\":\"Compartilhe\",\"showButtonsOnCustomPost\":\"\",\"textOnCustomPost\":\"\",\"showButtonsOnMobileDirect\":\"on\",\"showButtonsOnDesktopDirect\":\"on\",\"sgmbSelectedPages\":[\"\"],\"sgmbExcludedPosts\":[\"\"],\"sgmbSelectedCustomPosts\":[],\"showButtonsInPopup\":\"\",\"titleOfPopup\":\"\",\"descriptionOfPopup\":\"\",\"showPopupOnLoad\":\"\",\"showPopupOnScroll\":\"\",\"showPopupOnExit\":\"\",\"openSecondsOfPopup\":\"\",\"googleAnaliticsAccount\":\"\"},\"buttonOptions\":{\"facebook\":{\"label\":\"Share\",\"icon\":\"default-facebook\"},\"twitter\":{\"label\":\"Tweet\",\"icon\":\"default-twitter\",\"via\":\"\",\"hashtags\":\"\"}},\"button\":[\"facebook\",\"twitter\"]}, 1, '', 'http:\/\/www.apucarana.pr.gov.br\/ame\/wp-content\/uploads\/2017\/05\/ORDEMPROFETA-6.jpg', '', 'http:\/\/www.apucarana.pr.gov.br\/ame\/escola-mateus-leme-sera-reformada\/'); });<\/script><\/div><script> jQuery(\".socialMediaOnEveryPost\").addClass(\"sgmb-left\") <\/script>","protected":false},"excerpt":{"rendered":"<p>A Construtora G8 come\u00e7a os trabalhos na pr\u00f3xima semana. O investimento \u00e9 de R$ 376 mil. Fotos: Josias Pinto (Profeta)<\/p>\n","protected":false},"author":10,"featured_media":6049,"comment_status":"closed","ping_status":"open","sticky":false,"template":"","format":"standard","meta":[],"categories":[9],"tags":[],"_links":{"self":[{"href":"http:\/\/www.apucarana.pr.gov.br\/ame\/wp-json\/wp\/v2\/posts\/6043"}],"collection":[{"href":"http:\/\/www.apucarana.pr.gov.br\/ame\/wp-json\/wp\/v2\/posts"}],"about":[{"href":"http:\/\/www.apucarana.pr.gov.br\/ame\/wp-json\/wp\/v2\/types\/post"}],"author":[{"embeddable":true,"href":"http:\/\/www.apucarana.pr.gov.br\/ame\/wp-json\/wp\/v2\/users\/10"}],"replies":[{"embeddable":true,"href":"http:\/\/www.apucarana.pr.gov.br\/ame\/wp-json\/wp\/v2\/comments?post=6043"}],"version-history":[{"count":1,"href":"http:\/\/www.apucarana.pr.gov.br\/ame\/wp-json\/wp\/v2\/posts\/6043\/revisions"}],"predecessor-version":[{"id":6050,"href":"http:\/\/www.apucarana.pr.gov.br\/ame\/wp-json\/wp\/v2\/posts\/6043\/revisions\/6050"}],"wp:featuredmedia":[{"embeddable":true,"href":"http:\/\/www.apucarana.pr.gov.br\/ame\/wp-json\/wp\/v2\/media\/6049"}],"wp:attachment":[{"href":"http:\/\/www.apucarana.pr.gov.br\/ame\/wp-json\/wp\/v2\/media?parent=6043"}],"wp:term":[{"taxonomy":"category","embeddable":true,"href":"http:\/\/www.apucarana.pr.gov.br\/ame\/wp-json\/wp\/v2\/categories?post=6043"},{"taxonomy":"post_tag","embeddable":true,"href":"http:\/\/www.apucarana.pr.gov.br\/ame\/wp-json\/wp\/v2\/tags?post=6043"}],"curies":[{"name":"wp","href":"https:\/\/api.w.org\/{rel}","templated":true}]}}