{"id":6040,"date":"2017-05-10T16:57:35","date_gmt":"2017-05-10T19:57:35","guid":{"rendered":"http:\/\/www.apucarana.pr.gov.br\/ame\/?p=6040"},"modified":"2024-10-08T09:10:26","modified_gmt":"2024-10-08T12:10:26","slug":"chegou-a-hora-da-renovacao-do-conselho-de-alimentacao-escolar","status":"publish","type":"post","link":"http:\/\/www.apucarana.pr.gov.br\/ame\/chegou-a-hora-da-renovacao-do-conselho-de-alimentacao-escolar\/","title":{"rendered":"Chegou a hora da renova\u00e7\u00e3o do Conselho de Alimenta\u00e7\u00e3o Escolar"},"content":{"rendered":"<p>O atual mandato do Conselho Municipal de Alimenta\u00e7\u00e3o Escolar est\u00e1 vencendo este m\u00eas em Apucarana e precisa ser renovado. Embora pouca gente conhe\u00e7a, o CAE \u00e9 um \u00f3rg\u00e3o formado por representantes da sociedade cujas fun\u00e7\u00f5es principais s\u00e3o fiscalizar a aplica\u00e7\u00e3o dos recursos federais repassados \u00e0 merenda escolar, garantir as boas pr\u00e1ticas sanit\u00e1rias e a higiene dos alimentos nas institui\u00e7\u00f5es de ensino.<\/p>\n<p>De acordo com a Secret\u00e1ria Municipal de Educa\u00e7\u00e3o, professora Marli Fernandes, os membros da nova gest\u00e3o j\u00e1 come\u00e7aram a ser escolhidos por seus pares. O conselho \u00e9 formado por um representante do poder executivo, dois representantes das entidades de trabalhadores da educa\u00e7\u00e3o e discentes, dois representantes de pais de alunos, e dois representantes de entidades civis organizadas. Como cada efetivo possui um suplente, o n\u00famero total de membros soma 14.<\/p>\n<p>\u201cA import\u00e2ncia do Conselho \u00e9 imensa porque, se o \u00f3rg\u00e3o apontar alguma irregularidade em seu relat\u00f3rio anual, o governo federal pode at\u00e9 interromper o repasse dos recursos do Fundo Nacional de Desenvolvimento da Educa\u00e7\u00e3o (FNDE) para a Alimenta\u00e7\u00e3o Escolar da nossa rede,\u201d explica professora Marli.<\/p>\n<p>Os membros do CAE s\u00e3o eleitos pelas classes \u00e0s quais pertencem, por meio de assembleias espec\u00edficas, assumindo um mandato de quatro anos exercido de forma n\u00e3o remunerada. Para a execu\u00e7\u00e3o do trabalho, a Autarquia Municipal de Educa\u00e7\u00e3o oferece toda a infraestrutura necess\u00e1ria, como local adequado para as reuni\u00f5es (que t\u00eam de ocorrer mensalmente).<\/p>\n<div class = 'socialMediaOnEveryPost'>Compartilhe<div id=\"sgmbShare1-1\" class=\"sgmbShare jssocials-theme-classic sgmbWidget1-1\"><\/div><div class=\"dropdownWrapper dropdownWrapper1 dropdownWrapper-for-widget \" id=\"dropdownWrapper-for-widget\">\r\n\t\t\t\t\t\t<div class=\"dropdownLabel\" id=\"dropdownLabel-share-list\"><span class=\"sgmbButtonListLabel1\">Share List<\/span><\/div>\r\n\t\t\t\t\t\t<div class=\"dropdownPanel dropdownPanel1-1\">\r\n\t\t\t\t\t\t<\/div>\r\n\t\t\t\t\t<\/div><script>  SGMB_URL = \"http:\/\/www.apucarana.pr.gov.br\/ame\/wp-content\/plugins\/social-media-builder\/\"; jQuery(\".dropdownWrapper\").hide(); SGMB_GOOGLE_ACOUNT = \"\"; <\/script><script type=\"text\/javascript\">\r\n\t\tjQuery(document).ready(function($){var widget = new SGMBWidget();widget.show({\"id\":\"1\",\"title\":\"Face\\\/Twitter\",\"options\":{\"currentUrl\":\"1\",\"url\":\"\",\"shareText\":\"\",\"fontSize\":\"14\",\"betweenButtons\":\"1px\",\"theme\":\"classic\",\"sgmbButtonsPosition\":\"bottomLeft\",\"socialTheme\":\"\",\"icon\":\"default\",\"buttonsPanelEffect\":\"No Effect\",\"buttonsEffect\":\"No Effect\",\"iconsEffect\":\"No Effect\",\"buttons\":\"{\\\"facebook\\\":{\\\"label\\\":\\\"Share\\\",\\\"icon\\\":\\\"default-facebook\\\"},\\\"twitter\\\":{\\\"label\\\":\\\"Tweet\\\",\\\"icon\\\":\\\"default-twitter\\\",\\\"via\\\":\\\"\\\",\\\"hashtags\\\":\\\"\\\"}}\",\"roundButton\":\"\",\"showLabels\":\"\",\"showCounts\":\"\",\"showCenter\":\"\",\"showButtonsAsList\":\"\",\"sgmbDropdownColor\":\"\",\"sgmbDropdownLabelFontSize\":\"14\",\"sgmbDropdownLabelColor\":\"\",\"showButtonsOnEveryPost\":\"on\",\"selectedOrExcluded\":\"\",\"showButtonsOnEveryPage\":\"\",\"textOnEveryPost\":\"Compartilhe\",\"showButtonsOnCustomPost\":\"\",\"textOnCustomPost\":\"\",\"showButtonsOnMobileDirect\":\"on\",\"showButtonsOnDesktopDirect\":\"on\",\"sgmbSelectedPages\":[\"\"],\"sgmbExcludedPosts\":[\"\"],\"sgmbSelectedCustomPosts\":[],\"showButtonsInPopup\":\"\",\"titleOfPopup\":\"\",\"descriptionOfPopup\":\"\",\"showPopupOnLoad\":\"\",\"showPopupOnScroll\":\"\",\"showPopupOnExit\":\"\",\"openSecondsOfPopup\":\"\",\"googleAnaliticsAccount\":\"\"},\"buttonOptions\":{\"facebook\":{\"label\":\"Share\",\"icon\":\"default-facebook\"},\"twitter\":{\"label\":\"Tweet\",\"icon\":\"default-twitter\",\"via\":\"\",\"hashtags\":\"\"}},\"button\":[\"facebook\",\"twitter\"]}, 1, '', 'http:\/\/www.apucarana.pr.gov.br\/ame\/wp-content\/uploads\/2017\/05\/MERENDAPROFETA-5.jpg', '', 'http:\/\/www.apucarana.pr.gov.br\/ame\/chegou-a-hora-da-renovacao-do-conselho-de-alimentacao-escolar\/'); });<\/script><\/div><script> jQuery(\".socialMediaOnEveryPost\").addClass(\"sgmb-left\") <\/script>","protected":false},"excerpt":{"rendered":"<p>O CAE fiscaliza a aplica\u00e7\u00e3o dos recursos federais repassados \u00e0 merenda escolar, garante as boas pr\u00e1ticas sanit\u00e1rias e a higiene dos alimentos nas institui\u00e7\u00f5es de ensino (Foto: Profeta)<\/p>\n","protected":false},"author":10,"featured_media":6041,"comment_status":"closed","ping_status":"open","sticky":false,"template":"","format":"standard","meta":[],"categories":[9],"tags":[],"_links":{"self":[{"href":"http:\/\/www.apucarana.pr.gov.br\/ame\/wp-json\/wp\/v2\/posts\/6040"}],"collection":[{"href":"http:\/\/www.apucarana.pr.gov.br\/ame\/wp-json\/wp\/v2\/posts"}],"about":[{"href":"http:\/\/www.apucarana.pr.gov.br\/ame\/wp-json\/wp\/v2\/types\/post"}],"author":[{"embeddable":true,"href":"http:\/\/www.apucarana.pr.gov.br\/ame\/wp-json\/wp\/v2\/users\/10"}],"replies":[{"embeddable":true,"href":"http:\/\/www.apucarana.pr.gov.br\/ame\/wp-json\/wp\/v2\/comments?post=6040"}],"version-history":[{"count":1,"href":"http:\/\/www.apucarana.pr.gov.br\/ame\/wp-json\/wp\/v2\/posts\/6040\/revisions"}],"predecessor-version":[{"id":6042,"href":"http:\/\/www.apucarana.pr.gov.br\/ame\/wp-json\/wp\/v2\/posts\/6040\/revisions\/6042"}],"wp:featuredmedia":[{"embeddable":true,"href":"http:\/\/www.apucarana.pr.gov.br\/ame\/wp-json\/wp\/v2\/media\/6041"}],"wp:attachment":[{"href":"http:\/\/www.apucarana.pr.gov.br\/ame\/wp-json\/wp\/v2\/media?parent=6040"}],"wp:term":[{"taxonomy":"category","embeddable":true,"href":"http:\/\/www.apucarana.pr.gov.br\/ame\/wp-json\/wp\/v2\/categories?post=6040"},{"taxonomy":"post_tag","embeddable":true,"href":"http:\/\/www.apucarana.pr.gov.br\/ame\/wp-json\/wp\/v2\/tags?post=6040"}],"curies":[{"name":"wp","href":"https:\/\/api.w.org\/{rel}","templated":true}]}}