{"id":6032,"date":"2017-05-05T16:45:06","date_gmt":"2017-05-05T19:45:06","guid":{"rendered":"http:\/\/www.apucarana.pr.gov.br\/ame\/?p=6032"},"modified":"2024-10-08T09:10:26","modified_gmt":"2024-10-08T12:10:26","slug":"encontro-em-curitiba-envolve-18-microrregioes-do-estado","status":"publish","type":"post","link":"http:\/\/www.apucarana.pr.gov.br\/ame\/encontro-em-curitiba-envolve-18-microrregioes-do-estado\/","title":{"rendered":"Encontro em Curitiba envolve 18 microrregi\u00f5es do Estado"},"content":{"rendered":"<p>A forma\u00e7\u00e3o para os Dirigentes Municipais de Educa\u00e7\u00e3o, a representatividade em programas educacionais, as altera\u00e7\u00f5es estatut\u00e1rias e o calend\u00e1rio de reuni\u00f5es para o ano de 2017 foram os assuntos discutidos na primeira reuni\u00e3o ordin\u00e1ria de 2017 da Undime-PR. O encontro aconteceu nesta quinta-feira(4\/5), em Curitiba, e envolveu representantes das dezoito microrregi\u00f5es do Estado.<\/p>\n<p>A presidente da Uni\u00e3o Nacional dos Dirigentes Municipais de Educa\u00e7\u00e3o seccional Paran\u00e1, professora Marli Fernandes, abriu a reuni\u00e3o apresentando a Diretoria Executiva, o Conselho de Representantes, os Delegados Estaduais e o Conselho Fiscal da entidade, eleitos em abril para um mandato de dois anos. Ela tamb\u00e9m explicou as atribui\u00e7\u00f5es de cada cargo aos rec\u00e9m-empossados.<\/p>\n<p>A Undime \u00e9 uma entidade sem fins lucrativos que tem por miss\u00e3o articular, mobilizar e integrar os secret\u00e1rios municipais de educa\u00e7\u00e3o para a constru\u00e7\u00e3o de um ensino p\u00fablico com qualidade social. A seccional do Paran\u00e1 defende as demandas de cada cidade e microrregi\u00e3o junto \u00e0 Secretaria de Estado da Educa\u00e7\u00e3o (SEED) e ao Minist\u00e9rio da Educa\u00e7\u00e3o (MEC).<\/p>\n<p>No in\u00edcio da semana, por exemplo, a presidente Marli Fernandes j\u00e1 havia participado de um encontro com os chefes dos 32 N\u00facleos Regionais de Educa\u00e7\u00e3o e com a Secret\u00e1ria de Estado da Educa\u00e7\u00e3o, Ana Seres Trento Comin.<\/p>\n<p>O munic\u00edpio de Apucarana ser\u00e1 a sede da pr\u00f3xima reuni\u00e3o ordin\u00e1ria da Undime-PR, cuja data foi definida para o dia 14 de julho.<\/p>\n<div class = 'socialMediaOnEveryPost'>Compartilhe<div id=\"sgmbShare1-1\" class=\"sgmbShare jssocials-theme-classic sgmbWidget1-1\"><\/div><div class=\"dropdownWrapper dropdownWrapper1 dropdownWrapper-for-widget \" id=\"dropdownWrapper-for-widget\">\r\n\t\t\t\t\t\t<div class=\"dropdownLabel\" id=\"dropdownLabel-share-list\"><span class=\"sgmbButtonListLabel1\">Share List<\/span><\/div>\r\n\t\t\t\t\t\t<div class=\"dropdownPanel dropdownPanel1-1\">\r\n\t\t\t\t\t\t<\/div>\r\n\t\t\t\t\t<\/div><script>  SGMB_URL = \"http:\/\/www.apucarana.pr.gov.br\/ame\/wp-content\/plugins\/social-media-builder\/\"; jQuery(\".dropdownWrapper\").hide(); SGMB_GOOGLE_ACOUNT = \"\"; <\/script><script type=\"text\/javascript\">\r\n\t\tjQuery(document).ready(function($){var widget = new SGMBWidget();widget.show({\"id\":\"1\",\"title\":\"Face\\\/Twitter\",\"options\":{\"currentUrl\":\"1\",\"url\":\"\",\"shareText\":\"\",\"fontSize\":\"14\",\"betweenButtons\":\"1px\",\"theme\":\"classic\",\"sgmbButtonsPosition\":\"bottomLeft\",\"socialTheme\":\"\",\"icon\":\"default\",\"buttonsPanelEffect\":\"No Effect\",\"buttonsEffect\":\"No Effect\",\"iconsEffect\":\"No Effect\",\"buttons\":\"{\\\"facebook\\\":{\\\"label\\\":\\\"Share\\\",\\\"icon\\\":\\\"default-facebook\\\"},\\\"twitter\\\":{\\\"label\\\":\\\"Tweet\\\",\\\"icon\\\":\\\"default-twitter\\\",\\\"via\\\":\\\"\\\",\\\"hashtags\\\":\\\"\\\"}}\",\"roundButton\":\"\",\"showLabels\":\"\",\"showCounts\":\"\",\"showCenter\":\"\",\"showButtonsAsList\":\"\",\"sgmbDropdownColor\":\"\",\"sgmbDropdownLabelFontSize\":\"14\",\"sgmbDropdownLabelColor\":\"\",\"showButtonsOnEveryPost\":\"on\",\"selectedOrExcluded\":\"\",\"showButtonsOnEveryPage\":\"\",\"textOnEveryPost\":\"Compartilhe\",\"showButtonsOnCustomPost\":\"\",\"textOnCustomPost\":\"\",\"showButtonsOnMobileDirect\":\"on\",\"showButtonsOnDesktopDirect\":\"on\",\"sgmbSelectedPages\":[\"\"],\"sgmbExcludedPosts\":[\"\"],\"sgmbSelectedCustomPosts\":[],\"showButtonsInPopup\":\"\",\"titleOfPopup\":\"\",\"descriptionOfPopup\":\"\",\"showPopupOnLoad\":\"\",\"showPopupOnScroll\":\"\",\"showPopupOnExit\":\"\",\"openSecondsOfPopup\":\"\",\"googleAnaliticsAccount\":\"\"},\"buttonOptions\":{\"facebook\":{\"label\":\"Share\",\"icon\":\"default-facebook\"},\"twitter\":{\"label\":\"Tweet\",\"icon\":\"default-twitter\",\"via\":\"\",\"hashtags\":\"\"}},\"button\":[\"facebook\",\"twitter\"]}, 1, '', 'http:\/\/www.apucarana.pr.gov.br\/ame\/wp-content\/uploads\/2017\/05\/4ba10e43-3c40-4ea1-a08e-a10662517c61.jpg', '', 'http:\/\/www.apucarana.pr.gov.br\/ame\/encontro-em-curitiba-envolve-18-microrregioes-do-estado\/'); });<\/script><\/div><script> jQuery(\".socialMediaOnEveryPost\").addClass(\"sgmb-left\") <\/script>","protected":false},"excerpt":{"rendered":"<p>Pr\u00f3xima reuni\u00e3o, em julho, ser\u00e1 realizada em Apucarana<\/p>\n","protected":false},"author":10,"featured_media":6034,"comment_status":"closed","ping_status":"open","sticky":false,"template":"","format":"standard","meta":[],"categories":[9],"tags":[],"_links":{"self":[{"href":"http:\/\/www.apucarana.pr.gov.br\/ame\/wp-json\/wp\/v2\/posts\/6032"}],"collection":[{"href":"http:\/\/www.apucarana.pr.gov.br\/ame\/wp-json\/wp\/v2\/posts"}],"about":[{"href":"http:\/\/www.apucarana.pr.gov.br\/ame\/wp-json\/wp\/v2\/types\/post"}],"author":[{"embeddable":true,"href":"http:\/\/www.apucarana.pr.gov.br\/ame\/wp-json\/wp\/v2\/users\/10"}],"replies":[{"embeddable":true,"href":"http:\/\/www.apucarana.pr.gov.br\/ame\/wp-json\/wp\/v2\/comments?post=6032"}],"version-history":[{"count":1,"href":"http:\/\/www.apucarana.pr.gov.br\/ame\/wp-json\/wp\/v2\/posts\/6032\/revisions"}],"predecessor-version":[{"id":6035,"href":"http:\/\/www.apucarana.pr.gov.br\/ame\/wp-json\/wp\/v2\/posts\/6032\/revisions\/6035"}],"wp:featuredmedia":[{"embeddable":true,"href":"http:\/\/www.apucarana.pr.gov.br\/ame\/wp-json\/wp\/v2\/media\/6034"}],"wp:attachment":[{"href":"http:\/\/www.apucarana.pr.gov.br\/ame\/wp-json\/wp\/v2\/media?parent=6032"}],"wp:term":[{"taxonomy":"category","embeddable":true,"href":"http:\/\/www.apucarana.pr.gov.br\/ame\/wp-json\/wp\/v2\/categories?post=6032"},{"taxonomy":"post_tag","embeddable":true,"href":"http:\/\/www.apucarana.pr.gov.br\/ame\/wp-json\/wp\/v2\/tags?post=6032"}],"curies":[{"name":"wp","href":"https:\/\/api.w.org\/{rel}","templated":true}]}}