{"id":6016,"date":"2017-05-04T13:07:13","date_gmt":"2017-05-04T16:07:13","guid":{"rendered":"http:\/\/www.apucarana.pr.gov.br\/ame\/?p=6016"},"modified":"2024-10-08T09:10:26","modified_gmt":"2024-10-08T12:10:26","slug":"escolas-municipais-destacam-se-na-prova-rustica-tiradentes","status":"publish","type":"post","link":"http:\/\/www.apucarana.pr.gov.br\/ame\/escolas-municipais-destacam-se-na-prova-rustica-tiradentes\/","title":{"rendered":"Escolas Municipais destacam-se na Prova R\u00fastica Tiradentes"},"content":{"rendered":"<p>O atletismo \u00e9 considerado esporte-base para outras modalidades. A sua pr\u00e1tica \u00e9 importante na forma\u00e7\u00e3o das crian\u00e7as, pois ajuda a desenvolver habilidades como correr, saltar, lan\u00e7ar e arremessar.<\/p>\n<p>A Autarquia Municipal de Educa\u00e7\u00e3o incentiva o treinamento do atletismo pelos alunos matriculados na rede. Al\u00e9m das atividades nas aulas de educa\u00e7\u00e3o f\u00edsica, o pedestrianismo tamb\u00e9m \u00e9 ensinado por meio de oficinas oferecidas em parceria com a Secretaria Municipal de Esportes e Juventude.<\/p>\n<p>Os resultados t\u00eam sido surpreendentes. No \u00faltimo domingo (30), dezesseis alunos da rede municipal participaram da 43\u00aa Prova R\u00fastica Tiradentes, em Maring\u00e1, e sete deles ficaram entre os dez melhores de suas categorias.<\/p>\n<p>Eles s\u00e3o alunos das Escolas Municipais Jos\u00e9 de Alencar (Vila Reis), Augusto Weyand (Jardim Tibagi), Gabriel de Lara (Vila Orizzi), Jo\u00e3o Antonio Braga C\u00f4rtes (Vila Formosa) e Professor Durval Pinto (Centro).<\/p>\n<p>Al\u00e9m das crian\u00e7as da rede municipal, a equipe apucaranense, treinada pelo t\u00e9cnico Jos\u00e9 Marcelino da Silva (Grillo), ainda contou com outros dezesseis atletas com idades entre 11 e 59 anos.<\/p>\n<p>De acordo com a organiza\u00e7\u00e3o da Prova R\u00fastica Tiradentes, 570 crian\u00e7as e adolescentes competiram nas categorias infanto-juvenis. Os pequenos de 8 a 10 anos de idade completaram o percurso de 300 metros; j\u00e1 os de 11 a 13 anos, o trajeto de 1.200 metros; e quem tem entre 14 e 17 anos fez a prova de 4 mil metros. \u00a0Os 3.197 atletas adultos, por sua vez, cumpriram dez quil\u00f4metros.<\/p>\n<p>A secret\u00e1ria municipal de Educa\u00e7\u00e3o, professora Marli Fernandes, parabenizou aos alunos. \u201cO prefeito Beto Preto acredita que o incentivo \u00e0 pr\u00e1tica esportiva nas escolas \u00e9 importante para revelarmos os talentos dos alunos. E os resultados v\u00eam confirmando isso. As crian\u00e7as de hoje s\u00e3o os atletas que v\u00e3o representar nossa cidade por todo o pa\u00eds e no exterior daqui a alguns anos,\u201d afirma.<\/p>\n<p>A classifica\u00e7\u00e3o completa da equipe apucaranense pode ser conferida abaixo:<\/p>\n<p><strong><u>CATEGORIA DE 08 A 10 ANOS\u00a0 MASCULINO<\/u><\/strong><\/p>\n<table>\n<tbody>\n<tr>\n<td width=\"168\"><strong>COLOCA\u00c7\u00c3O DO ATLETA<\/strong><\/td>\n<td width=\"369\"><strong>NOME DO ATLETA<\/strong><\/td>\n<td width=\"40\"><strong>\u00a0<\/strong><\/td>\n<\/tr>\n<tr>\n<td width=\"168\">1\u00ba COLOCADO<\/td>\n<td width=\"369\">PEDRO HENRICH MACHADO DE OLIVEIRA<\/td>\n<td width=\"40\">&nbsp;<\/td>\n<\/tr>\n<tr>\n<td width=\"168\">7\u00ba COLOCADO<\/td>\n<td width=\"369\">ERICK MATHEUS FRIAS RAFAEL<\/td>\n<td width=\"40\">&nbsp;<\/td>\n<\/tr>\n<tr>\n<td width=\"168\">10\u00ba COLOCADO<\/td>\n<td width=\"369\">ANDR\u00c9 RICARDO FERREIRA DOS SANTOS GON\u00c7\u00c3LVES<\/td>\n<td width=\"40\">&nbsp;<\/td>\n<\/tr>\n<tr>\n<td width=\"168\">12\u00ba COLOCADO<\/td>\n<td width=\"369\">PEDRO HENRIQUE MIRA MOREIRA<\/td>\n<td width=\"40\">&nbsp;<\/td>\n<\/tr>\n<tr>\n<td width=\"168\">14\u00ba COLOCADO<\/td>\n<td width=\"369\">GABRIEL SOUZA DE OLIVEIRA<\/td>\n<td width=\"40\">&nbsp;<\/td>\n<\/tr>\n<tr>\n<td width=\"168\">16\u00ba COLOCADO<\/td>\n<td width=\"369\">CRISTIANO RONALDO MACHADO PRIMO<\/td>\n<td width=\"40\">&nbsp;<\/td>\n<\/tr>\n<tr>\n<td width=\"168\">18\u00ba COLOCADO<\/td>\n<td width=\"369\">NICOLAS ASSUMP\u00c7\u00c3O VIANA<\/td>\n<td width=\"40\">&nbsp;<\/td>\n<\/tr>\n<tr>\n<td width=\"168\">20\u00ba COLOCADO<\/td>\n<td width=\"369\">THALIS HENRIQUE MARIOTTO MORETI FERNANDES<\/td>\n<td width=\"40\">&nbsp;<\/td>\n<\/tr>\n<tr>\n<td width=\"168\">21\u00ba COLOCADO<\/td>\n<td width=\"369\">LUIS FELIPE CORREA DOS SANTOS<\/td>\n<td width=\"40\">&nbsp;<\/td>\n<\/tr>\n<tr>\n<td width=\"168\">30\u00ba COLOCADO<\/td>\n<td width=\"369\">GABRIEL MACHADO PRIMO<\/td>\n<td width=\"40\">&nbsp;<\/td>\n<\/tr>\n<\/tbody>\n<\/table>\n<p>&nbsp;<\/p>\n<p><strong><u>CATEGORIA DE 08 A 10 ANOS\u00a0 FEMININO<\/u><\/strong><\/p>\n<table>\n<tbody>\n<tr>\n<td width=\"168\"><strong>COLOCA\u00c7\u00c3O DO ATLETA<\/strong><\/td>\n<td width=\"369\"><strong>NOME DO ATLETA<\/strong><\/td>\n<td width=\"40\"><strong>\u00a0<\/strong><\/td>\n<\/tr>\n<tr>\n<td width=\"168\">4\u00aa COLOCADA<\/td>\n<td width=\"369\">MARYA EDUARDA DE ARAUJO LIMA<\/td>\n<td width=\"40\">&nbsp;<\/td>\n<\/tr>\n<tr>\n<td width=\"168\">6\u00aa COLOCADA<\/td>\n<td width=\"369\">JADY MARIA NEVES DA SILVA<\/td>\n<td width=\"40\">&nbsp;<\/td>\n<\/tr>\n<tr>\n<td width=\"168\">7\u00aa COLOCADA<\/td>\n<td width=\"369\">RAISSA EDUARDA MARIOTTO MORETTI\u00a0 FERNADES<\/td>\n<td width=\"40\">&nbsp;<\/td>\n<\/tr>\n<tr>\n<td width=\"168\">8\u00aa COLOCADA<\/td>\n<td width=\"369\">LORRENA HOTT MOLINA FERREIRA<\/td>\n<td width=\"40\">&nbsp;<\/td>\n<\/tr>\n<tr>\n<td width=\"168\">11\u00aa COLOCADA<\/td>\n<td width=\"369\">AGATHA MIKAELLY CORDEIRO DE PAULA<\/td>\n<td width=\"40\">&nbsp;<\/td>\n<\/tr>\n<tr>\n<td width=\"168\">22\u00aa COLOCADA<\/td>\n<td width=\"369\">LUARA MACHADO PRIMO<\/td>\n<td width=\"40\">&nbsp;<\/td>\n<\/tr>\n<\/tbody>\n<\/table>\n<p>&nbsp;<\/p>\n<p><strong><u>CATEGORIA DE 11 A 13 ANOS MASCULINO<\/u><\/strong><\/p>\n<table>\n<tbody>\n<tr>\n<td width=\"168\"><strong>COLOCA\u00c7\u00c3O DO ATLETA<\/strong><\/td>\n<td width=\"369\"><strong>NOME DO ATLETA<\/strong><\/td>\n<td width=\"40\"><strong>\u00a0<\/strong><\/td>\n<\/tr>\n<tr>\n<td width=\"168\">10\u00ba COLOCADO<\/td>\n<td width=\"369\">MIGUEL HENRIQUE BATISTA PEREIRA<\/td>\n<td width=\"40\">&nbsp;<\/td>\n<\/tr>\n<tr>\n<td width=\"168\">11\u00ba COLOCADO<\/td>\n<td width=\"369\">GUILHERME HENRIQUE DA SILVA BARBOSA<\/td>\n<td width=\"40\">&nbsp;<\/td>\n<\/tr>\n<tr>\n<td width=\"168\">13\u00ba COLOCADO<\/td>\n<td width=\"369\">JOS\u00c9 VITOR RIBEIRO<\/td>\n<td width=\"40\">&nbsp;<\/td>\n<\/tr>\n<tr>\n<td width=\"168\">15\u00ba COLOCADO<\/td>\n<td width=\"369\">WILLY HENRIQUE ALVES<\/td>\n<td width=\"40\">&nbsp;<\/td>\n<\/tr>\n<\/tbody>\n<\/table>\n<p>&nbsp;<\/p>\n<p><strong><u>CATEGORIA DE 11 A 13 ANOS FEMININO<\/u><\/strong><\/p>\n<table>\n<tbody>\n<tr>\n<td width=\"168\"><strong>COLOCA\u00c7\u00c3O DO ATLETA<\/strong><\/td>\n<td width=\"369\"><strong>NOME DO ATLETA<\/strong><\/td>\n<td width=\"40\"><strong>\u00a0<\/strong><\/td>\n<\/tr>\n<tr>\n<td width=\"168\">4\u00aa COLOCADA<\/td>\n<td width=\"369\">INGRID GABRIELLY VIANA DE OLIVEIRA<\/td>\n<td width=\"40\">&nbsp;<\/td>\n<\/tr>\n<tr>\n<td width=\"168\">7\u00aa COLOCADA<\/td>\n<td width=\"369\">LARISSA MACIEL DE OLIVEIRA<\/td>\n<td width=\"40\">&nbsp;<\/td>\n<\/tr>\n<tr>\n<td width=\"168\">9\u00aa COLOCADA<\/td>\n<td width=\"369\">FERNANDA DIAS BILATTE<\/td>\n<td width=\"40\">&nbsp;<\/td>\n<\/tr>\n<tr>\n<td width=\"168\">12\u00aa COLOCADA<\/td>\n<td width=\"369\">LUIZA FREITAS<\/td>\n<td width=\"40\">&nbsp;<\/td>\n<\/tr>\n<tr>\n<td width=\"168\">18\u00aa COLOCADA<\/td>\n<td width=\"369\">\u00a0IASMIN YU OMURA MARUITI<\/td>\n<td width=\"40\">&nbsp;<\/td>\n<\/tr>\n<\/tbody>\n<\/table>\n<p>&nbsp;<\/p>\n<p><strong><u>CATEGORIA DE 14 A 15 ANOS MASCULINO<\/u><\/strong><\/p>\n<table>\n<tbody>\n<tr>\n<td width=\"168\"><strong>COLOCA\u00c7\u00c3O DO ATLETA<\/strong><\/td>\n<td width=\"369\"><strong>NOME DO ATLETA<\/strong><\/td>\n<td width=\"40\"><strong>\u00a0<\/strong><\/td>\n<\/tr>\n<tr>\n<td width=\"168\">10\u00ba COLOCADO<\/td>\n<td width=\"369\">EDUARDO ANTONIO BUSSOLO<\/td>\n<td width=\"40\">&nbsp;<\/td>\n<\/tr>\n<\/tbody>\n<\/table>\n<p>&nbsp;<\/p>\n<p><strong><u>CATEGORIA DE 14 A 15 ANOS FEMININO<\/u><\/strong><\/p>\n<table>\n<tbody>\n<tr>\n<td width=\"168\"><strong>COLOCA\u00c7\u00c3O DO ATLETA<\/strong><\/td>\n<td width=\"369\"><strong>NOME DO ATLETA<\/strong><\/td>\n<td width=\"40\"><strong>\u00a0<\/strong><\/td>\n<\/tr>\n<tr>\n<td width=\"168\">7\u00aa COLOCADA<\/td>\n<td width=\"369\">\u00a0MIKAELLY CRISTINA SOARES DE LIMA<\/td>\n<td width=\"40\">&nbsp;<\/td>\n<\/tr>\n<\/tbody>\n<\/table>\n<p>&nbsp;<\/p>\n<p><strong><u>CATEGORIA DE 16 A 17 ANOS MASCULINO<\/u><\/strong><\/p>\n<table>\n<tbody>\n<tr>\n<td width=\"168\"><strong>COLOCA\u00c7\u00c3O DO ATLETA<\/strong><\/td>\n<td width=\"369\"><strong>NOME DO ATLETA<\/strong><\/td>\n<td width=\"40\"><strong>\u00a0<\/strong><\/td>\n<\/tr>\n<tr>\n<td width=\"168\">4\u00ba COLOCADO<\/td>\n<td width=\"369\">JO\u00c3O VITOR DE JESUS LANDGRAFF<\/td>\n<td width=\"40\">&nbsp;<\/td>\n<\/tr>\n<tr>\n<td width=\"168\">11\u00ba COLOCADO<\/td>\n<td width=\"369\">\u00a0RODRIGO DE MELLO DE FREITAS<\/td>\n<td width=\"40\">&nbsp;<\/td>\n<\/tr>\n<tr>\n<td width=\"168\">15\u00ba COLOCADO<\/td>\n<td width=\"369\">\u00a0MATHEUS LOUREN\u00c7\u00c3O CROTTI<\/td>\n<td width=\"40\">&nbsp;<\/td>\n<\/tr>\n<\/tbody>\n<\/table>\n<p>&nbsp;<\/p>\n<p><strong><u>CATEGORIA DE 16 A 17 ANOS FEMININO<\/u><\/strong><\/p>\n<table>\n<tbody>\n<tr>\n<td width=\"168\"><strong>COLOCA\u00c7\u00c3O DO ATLETA<\/strong><\/td>\n<td width=\"369\"><strong>NOME DO ATLETA<\/strong><\/td>\n<td width=\"40\"><strong>\u00a0<\/strong><\/td>\n<\/tr>\n<tr>\n<td width=\"168\">1\u00aa COLOCADA<\/td>\n<td width=\"369\">\u00a0MELISSA ANYADNE FERREIRA BUSSOLO<\/td>\n<td width=\"40\">&nbsp;<\/td>\n<\/tr>\n<\/tbody>\n<\/table>\n<p>&nbsp;<\/p>\n<p><strong><u>CATEGORIA DE 55 A 59 ANOS FEMININO<\/u><\/strong><\/p>\n<table>\n<tbody>\n<tr>\n<td width=\"168\"><strong>COLOCA\u00c7\u00c3O DO ATLETA<\/strong><\/td>\n<td width=\"369\"><strong>NOME DO ATLETA<\/strong><\/td>\n<td width=\"40\"><strong>\u00a0<\/strong><\/td>\n<\/tr>\n<tr>\n<td width=\"168\">2\u00aa COLOCADA<\/td>\n<td width=\"369\">\u00a0LOURDES MARIA DE JESUS OLIVEIRA<\/td>\n<td width=\"40\">&nbsp;<\/td>\n<\/tr>\n<\/tbody>\n<\/table>\n<p>&nbsp;<\/p>\n<p>&nbsp;<\/p>\n<div class = 'socialMediaOnEveryPost'>Compartilhe<div id=\"sgmbShare1-1\" class=\"sgmbShare jssocials-theme-classic sgmbWidget1-1\"><\/div><div class=\"dropdownWrapper dropdownWrapper1 dropdownWrapper-for-widget \" id=\"dropdownWrapper-for-widget\">\r\n\t\t\t\t\t\t<div class=\"dropdownLabel\" id=\"dropdownLabel-share-list\"><span class=\"sgmbButtonListLabel1\">Share List<\/span><\/div>\r\n\t\t\t\t\t\t<div class=\"dropdownPanel dropdownPanel1-1\">\r\n\t\t\t\t\t\t<\/div>\r\n\t\t\t\t\t<\/div><script>  SGMB_URL = \"http:\/\/www.apucarana.pr.gov.br\/ame\/wp-content\/plugins\/social-media-builder\/\"; jQuery(\".dropdownWrapper\").hide(); SGMB_GOOGLE_ACOUNT = \"\"; <\/script><script type=\"text\/javascript\">\r\n\t\tjQuery(document).ready(function($){var widget = new SGMBWidget();widget.show({\"id\":\"1\",\"title\":\"Face\\\/Twitter\",\"options\":{\"currentUrl\":\"1\",\"url\":\"\",\"shareText\":\"\",\"fontSize\":\"14\",\"betweenButtons\":\"1px\",\"theme\":\"classic\",\"sgmbButtonsPosition\":\"bottomLeft\",\"socialTheme\":\"\",\"icon\":\"default\",\"buttonsPanelEffect\":\"No Effect\",\"buttonsEffect\":\"No Effect\",\"iconsEffect\":\"No Effect\",\"buttons\":\"{\\\"facebook\\\":{\\\"label\\\":\\\"Share\\\",\\\"icon\\\":\\\"default-facebook\\\"},\\\"twitter\\\":{\\\"label\\\":\\\"Tweet\\\",\\\"icon\\\":\\\"default-twitter\\\",\\\"via\\\":\\\"\\\",\\\"hashtags\\\":\\\"\\\"}}\",\"roundButton\":\"\",\"showLabels\":\"\",\"showCounts\":\"\",\"showCenter\":\"\",\"showButtonsAsList\":\"\",\"sgmbDropdownColor\":\"\",\"sgmbDropdownLabelFontSize\":\"14\",\"sgmbDropdownLabelColor\":\"\",\"showButtonsOnEveryPost\":\"on\",\"selectedOrExcluded\":\"\",\"showButtonsOnEveryPage\":\"\",\"textOnEveryPost\":\"Compartilhe\",\"showButtonsOnCustomPost\":\"\",\"textOnCustomPost\":\"\",\"showButtonsOnMobileDirect\":\"on\",\"showButtonsOnDesktopDirect\":\"on\",\"sgmbSelectedPages\":[\"\"],\"sgmbExcludedPosts\":[\"\"],\"sgmbSelectedCustomPosts\":[],\"showButtonsInPopup\":\"\",\"titleOfPopup\":\"\",\"descriptionOfPopup\":\"\",\"showPopupOnLoad\":\"\",\"showPopupOnScroll\":\"\",\"showPopupOnExit\":\"\",\"openSecondsOfPopup\":\"\",\"googleAnaliticsAccount\":\"\"},\"buttonOptions\":{\"facebook\":{\"label\":\"Share\",\"icon\":\"default-facebook\"},\"twitter\":{\"label\":\"Tweet\",\"icon\":\"default-twitter\",\"via\":\"\",\"hashtags\":\"\"}},\"button\":[\"facebook\",\"twitter\"]}, 1, '', 'http:\/\/www.apucarana.pr.gov.br\/ame\/wp-content\/uploads\/2017\/05\/IMG-20170502-WA0007.jpg', '', 'http:\/\/www.apucarana.pr.gov.br\/ame\/escolas-municipais-destacam-se-na-prova-rustica-tiradentes\/'); });<\/script><\/div><script> jQuery(\".socialMediaOnEveryPost\").addClass(\"sgmb-left\") <\/script>","protected":false},"excerpt":{"rendered":"<p>Dos dezesseis alunos da rede municipal que participaram da competi\u00e7\u00e3o, sete ficaram entre os primeiros colocados nas suas categorias.<\/p>\n","protected":false},"author":10,"featured_media":6017,"comment_status":"closed","ping_status":"open","sticky":false,"template":"","format":"standard","meta":[],"categories":[9],"tags":[],"_links":{"self":[{"href":"http:\/\/www.apucarana.pr.gov.br\/ame\/wp-json\/wp\/v2\/posts\/6016"}],"collection":[{"href":"http:\/\/www.apucarana.pr.gov.br\/ame\/wp-json\/wp\/v2\/posts"}],"about":[{"href":"http:\/\/www.apucarana.pr.gov.br\/ame\/wp-json\/wp\/v2\/types\/post"}],"author":[{"embeddable":true,"href":"http:\/\/www.apucarana.pr.gov.br\/ame\/wp-json\/wp\/v2\/users\/10"}],"replies":[{"embeddable":true,"href":"http:\/\/www.apucarana.pr.gov.br\/ame\/wp-json\/wp\/v2\/comments?post=6016"}],"version-history":[{"count":1,"href":"http:\/\/www.apucarana.pr.gov.br\/ame\/wp-json\/wp\/v2\/posts\/6016\/revisions"}],"predecessor-version":[{"id":6023,"href":"http:\/\/www.apucarana.pr.gov.br\/ame\/wp-json\/wp\/v2\/posts\/6016\/revisions\/6023"}],"wp:featuredmedia":[{"embeddable":true,"href":"http:\/\/www.apucarana.pr.gov.br\/ame\/wp-json\/wp\/v2\/media\/6017"}],"wp:attachment":[{"href":"http:\/\/www.apucarana.pr.gov.br\/ame\/wp-json\/wp\/v2\/media?parent=6016"}],"wp:term":[{"taxonomy":"category","embeddable":true,"href":"http:\/\/www.apucarana.pr.gov.br\/ame\/wp-json\/wp\/v2\/categories?post=6016"},{"taxonomy":"post_tag","embeddable":true,"href":"http:\/\/www.apucarana.pr.gov.br\/ame\/wp-json\/wp\/v2\/tags?post=6016"}],"curies":[{"name":"wp","href":"https:\/\/api.w.org\/{rel}","templated":true}]}}